{"id":151053,"date":"2026-09-03T19:00:31","date_gmt":"2026-09-03T16:00:31","guid":{"rendered":"https:\/\/www.kibrishost.com\/tak\/turkiye-disislerinden-apde-turk-silahli-kuvvetlerine-yonelik-iftiralara-tepki\/"},"modified":"2026-09-03T19:00:31","modified_gmt":"2026-09-03T16:00:31","slug":"turkiye-disislerinden-apde-turk-silahli-kuvvetlerine-yonelik-iftiralara-tepki","status":"publish","type":"post","link":"https:\/\/www.kibrishost.com\/tak\/turkiye-disislerinden-apde-turk-silahli-kuvvetlerine-yonelik-iftiralara-tepki\/","title":{"rendered":"T\u00fcrkiye D\u0131\u015fi\u015fleri&#8217;nden AP\u2019de T\u00fcrk Silahl\u0131 Kuvvetlerine y\u00f6nelik &#8220;iftiralara&#8221; tepki"},"content":{"rendered":"<p>T\u00fcrkiye D\u0131\u015fi\u015fleri Bakanl\u0131\u011f\u0131 Avrupa Parlamentosu&#8217;nda G\u00fcney K\u0131br\u0131s Rum Y\u00f6netimince (GKRY) T\u00fcrk Silahl\u0131 Kuvvetlerine iftira atmak amac\u0131yla in\u015fa edilecek s\u00f6zde bir an\u0131ta kaynak ayr\u0131lmas\u0131n\u0131n g\u00fcndeme gelmesine ili\u015fkin, &#8220;Rum taraf\u0131nca ortaya at\u0131lan iddialar, tarihi ger\u00e7ekleri \u00e7arp\u0131tmakta ve siyasalla\u015ft\u0131rmaktad\u0131r.&#8221; ifadesini kulland\u0131.<\/p>\n<p>AA\u2019n\u0131n aktard\u0131\u011f\u0131na g\u00f6re Bakanl\u0131k, Avrupa Parlamentosu&#8217;nda g\u00fcndeme getirilen &#8220;iftiralar&#8221; hakk\u0131nda yaz\u0131l\u0131 a\u00e7\u0131klama yapt\u0131.<\/p>\n<p>A\u00e7\u0131klamada, Avrupa Parlamentosu Kad\u0131n Haklar\u0131 ve Cinsiyet E\u015fitli\u011fi Komisyonu\u2019nun 2027 AB b\u00fct\u00e7esine ili\u015fkin verdi\u011fi g\u00f6r\u00fc\u015fte, GKRY taraf\u0131ndan T\u00fcrk Silahl\u0131 Kuvvetlerine iftira atmak amac\u0131yla in\u015fa edilecek s\u00f6zde bir an\u0131ta kaynak ayr\u0131lmas\u0131n\u0131n da tavsiye edildi\u011finin \u00f6\u011frenildi\u011fi kaydedildi.<\/p>\n<p>T\u00fcrk Silahl\u0131 Kuvvetleri&#8217;nin 1974 K\u0131br\u0131s Bar\u0131\u015f Harekat\u0131\u2019yla K\u0131br\u0131s T\u00fcrk halk\u0131n\u0131n yok edilmesini engelledi\u011fi ve Ada\u2019n\u0131n tamam\u0131na yar\u0131m asr\u0131 a\u015fk\u0131n s\u00fcredir devam eden bar\u0131\u015f\u0131 getirdi\u011fi belirtilen a\u00e7\u0131klamada, &#8220;Rum taraf\u0131nca ortaya at\u0131lan iddialar, tarihi ger\u00e7ekleri \u00e7arp\u0131tmakta ve siyasalla\u015ft\u0131rmaktad\u0131r. AB kurumlar\u0131n\u0131n, K\u0131br\u0131s meselesinin \u00e7\u00f6z\u00fcm\u00fcne katk\u0131 sunmak yerine, tarafs\u0131zl\u0131k ve adalet ilkelerinden uzakla\u015farak Rum taraf\u0131n\u0131n propagandas\u0131na alet olmas\u0131, toplumlar aras\u0131 g\u00fcveni daha da zedelemektedir. AB yetkililerine, att\u0131klar\u0131 her ad\u0131mla T\u00fcrkiye\u2019yi AB\u2019den uzakla\u015ft\u0131rmay\u0131 hedefleyen \u00e7evrelerin arac\u0131 haline gelmemeleri \u00e7a\u011fr\u0131s\u0131nda bulunuyoruz.&#8221; ifadeleri kullan\u0131ld\u0131.<\/p>\n<\/p>\n<p>\u00a0<\/p><\/p>\n","protected":false},"excerpt":{"rendered":"<p>T\u00fcrkiye D\u0131\u015fi\u015fleri Bakanl\u0131\u011f\u0131 Avrupa Parlamentosu&#8217;nda G\u00fcney K\u0131br\u0131s Rum Y\u00f6netimince (GKRY) T\u00fcrk Silahl\u0131 Kuvvetlerine iftira atmak amac\u0131yla in\u015fa edilecek s\u00f6zde bir an\u0131ta kaynak ayr\u0131lmas\u0131n\u0131n g\u00fcndeme gelmesine ili\u015fkin, &#8220;Rum taraf\u0131nca ortaya at\u0131lan iddialar, tarihi ger\u00e7ekleri \u00e7arp\u0131tmakta ve siyasalla\u015ft\u0131rmaktad\u0131r.&#8221; ifadesini kulland\u0131. AA\u2019n\u0131n aktard\u0131\u011f\u0131na g\u00f6re Bakanl\u0131k, Avrupa Parlamentosu&#8217;nda g\u00fcndeme getirilen &#8220;iftiralar&#8221; hakk\u0131nda yaz\u0131l\u0131 a\u00e7\u0131klama yapt\u0131. A\u00e7\u0131klamada, Avrupa Parlamentosu Kad\u0131n &hellip;<\/p>\n","protected":false},"author":1,"featured_media":151054,"comment_status":"open","ping_status":"open","sticky":false,"template":"","format":"standard","meta":{"footnotes":""},"categories":[3],"tags":[29593,17992,22269,27567,1224,182,245,6,1046],"class_list":["post-151053","post","type-post","status-publish","format-standard","has-post-thumbnail","hentry","category-turkiye","tag-apde","tag-disislerinden","tag-iftiralara","tag-kuvvetlerine","tag-silahli","tag-tepki","tag-turk","tag-turkiye","tag-yonelik"],"_links":{"self":[{"href":"https:\/\/www.kibrishost.com\/tak\/wp-json\/wp\/v2\/posts\/151053"}],"collection":[{"href":"https:\/\/www.kibrishost.com\/tak\/wp-json\/wp\/v2\/posts"}],"about":[{"href":"https:\/\/www.kibrishost.com\/tak\/wp-json\/wp\/v2\/types\/post"}],"author":[{"embeddable":true,"href":"https:\/\/www.kibrishost.com\/tak\/wp-json\/wp\/v2\/users\/1"}],"replies":[{"embeddable":true,"href":"https:\/\/www.kibrishost.com\/tak\/wp-json\/wp\/v2\/comments?post=151053"}],"version-history":[{"count":0,"href":"https:\/\/www.kibrishost.com\/tak\/wp-json\/wp\/v2\/posts\/151053\/revisions"}],"wp:featuredmedia":[{"embeddable":true,"href":"https:\/\/www.kibrishost.com\/tak\/wp-json\/wp\/v2\/media\/151054"}],"wp:attachment":[{"href":"https:\/\/www.kibrishost.com\/tak\/wp-json\/wp\/v2\/media?parent=151053"}],"wp:term":[{"taxonomy":"category","embeddable":true,"href":"https:\/\/www.kibrishost.com\/tak\/wp-json\/wp\/v2\/categories?post=151053"},{"taxonomy":"post_tag","embeddable":true,"href":"https:\/\/www.kibrishost.com\/tak\/wp-json\/wp\/v2\/tags?post=151053"}],"curies":[{"name":"wp","href":"https:\/\/api.w.org\/{rel}","templated":true}]}}