{"id":151049,"date":"2026-09-03T18:10:19","date_gmt":"2026-09-03T15:10:19","guid":{"rendered":"https:\/\/www.kibrishost.com\/tak\/tdp-myk-uyesi-hincal-siz-tam-olarak-neyi-denetliyorsunuz\/"},"modified":"2026-09-03T18:10:19","modified_gmt":"2026-09-03T15:10:19","slug":"tdp-myk-uyesi-hincal-siz-tam-olarak-neyi-denetliyorsunuz","status":"publish","type":"post","link":"https:\/\/www.kibrishost.com\/tak\/tdp-myk-uyesi-hincal-siz-tam-olarak-neyi-denetliyorsunuz\/","title":{"rendered":"TDP MYK \u00dcyesi H\u0131n\u00e7al: \u201cSiz tam olarak neyi denetliyorsunuz?\u201d"},"content":{"rendered":"<p>Toplumcu Demokrasi Partisi (TDP) MYK \u00dcyesi Evrim H\u0131n\u00e7al, Filo Jet facias\u0131na ili\u015fkin soru\u015fturma kapsam\u0131nda ortaya \u00e7\u0131kan bilgilerin, devletin denetim s\u00fcre\u00e7lerine dair ciddi sorular do\u011furdu\u011funu a\u00e7\u0131klad\u0131.<\/p>\n<p>H\u0131n\u00e7al, partisi ad\u0131na yapt\u0131\u011f\u0131 yaz\u0131l\u0131 a\u00e7\u0131klamada, \u201c\u0130nsan hayat\u0131 ta\u015f\u0131yan bir gemide kaptan\u0131n yeterlili\u011fini Ula\u015ft\u0131rma Bakanl\u0131\u011f\u0131, sosyal g\u00fcvenlik ko\u015fullar\u0131n\u0131 \u00c7al\u0131\u015fma Bakanl\u0131\u011f\u0131 denetleyemiyorsa yurtta\u015f\u0131n devlete soraca\u011f\u0131 soru ka\u00e7\u0131n\u0131lmazd\u0131r: Siz tam olarak neyi denetliyorsunuz?\u201d ifadelerini kulland\u0131.<\/p>\n<p>-Limanlar Dairesi\u2019ne sorular\u2026<\/p>\n<p>H\u0131n\u00e7al, kaptan\u0131n Honduras\u2019tan ald\u0131\u011f\u0131 belgenin KKTC makamlar\u0131nca kabul edilmesini ele\u015ftirerek, \u201cBu belge hangi do\u011frulama s\u00fcre\u00e7lerinden ge\u00e7irildi?\u201d diye sordu ve kaptan\u0131n \u00f6nceki yeterlilik belgeleri, deniz hizmeti kay\u0131tlar\u0131 ve STCW e\u011fitimlerinin incelenip incelenmedi\u011finin kamuoyuna a\u00e7\u0131klanmas\u0131n\u0131 istedi.<\/p>\n<p>Facian\u0131n yaln\u0131zca Filo Jet kaptan\u0131yla s\u0131n\u0131rl\u0131 olmad\u0131\u011f\u0131n\u0131 savunan H\u0131n\u00e7al, KKTC\u2019de sefer yapan t\u00fcm yolcu gemilerindeki kaptan ve kritik g\u00f6revdeki gemi adamlar\u0131n\u0131n belgelerinin derhal incelenmesi gerekti\u011fini de belirtti.<\/p>\n<p>-Sosyal sigorta ve \u00e7al\u0131\u015fma izinleri\u2026<\/p>\n<p>Mahkemeye yans\u0131yan bilgilerde kaptan\u0131n sosyal sigorta yat\u0131r\u0131mlar\u0131n\u0131n yap\u0131lmad\u0131\u011f\u0131n\u0131 hat\u0131rlatan H\u0131n\u00e7al, \u00c7al\u0131\u015fma ve Sosyal G\u00fcvenlik Bakanl\u0131\u011f\u0131\u2019na \u201cBir yolcu gemisinin kaptan\u0131 nas\u0131l sigortas\u0131z \u00e7al\u0131\u015ft\u0131r\u0131labildi?\u201d sorusunu y\u00f6nelterek, m\u00fcrettebat\u0131n \u00e7al\u0131\u015fma izinleri ve sigorta yat\u0131r\u0131mlar\u0131n\u0131n durumlar\u0131n\u0131n da kamuoyuna a\u00e7\u0131klanmas\u0131n\u0131 talep etti.<\/p>\n<p>\u00c7al\u0131\u015fma Dairesi, Sosyal Sigortalar Dairesi ve ilgili m\u00fcfetti\u015flerin \u015firkette bug\u00fcne kadar ka\u00e7 denetim ger\u00e7ekle\u015ftirdi\u011finin de a\u00e7\u0131klanmas\u0131n\u0131 isteyen H\u0131n\u00e7al, varsa haz\u0131rlanan denetim raporlar\u0131n\u0131n kamuoyuyla payla\u015f\u0131lmas\u0131 \u00e7a\u011fr\u0131s\u0131nda bulundu.<\/p>\n<p>-\u201cK\u00e2\u011f\u0131t \u00fczerinde belge g\u00f6rmek denetim de\u011fildir\u201d<\/p>\n<p>\u201cK\u00e2\u011f\u0131t \u00fczerinde belge g\u00f6rmek denetim de\u011fildir\u201d diyen H\u0131n\u00e7al, evrak kontrol\u00fcn\u00fcn insan hayat\u0131n\u0131 korumaya yetmeyece\u011fini vurgulayarak, denetim raporlar\u0131n\u0131n kamuoyuyla payla\u015f\u0131lmas\u0131n\u0131, a\u00e7\u0131klama yapmak yerine, ger\u00e7ek denetim ve hesap verebilirlik sa\u011flanmas\u0131n\u0131 istedi.<\/p>\n<p>\u00a0<\/p>\n<p>\u00a0<\/p><\/p>\n","protected":false},"excerpt":{"rendered":"<p>Toplumcu Demokrasi Partisi (TDP) MYK \u00dcyesi Evrim H\u0131n\u00e7al, Filo Jet facias\u0131na ili\u015fkin soru\u015fturma kapsam\u0131nda ortaya \u00e7\u0131kan bilgilerin, devletin denetim s\u00fcre\u00e7lerine dair ciddi sorular do\u011furdu\u011funu a\u00e7\u0131klad\u0131. H\u0131n\u00e7al, partisi ad\u0131na yapt\u0131\u011f\u0131 yaz\u0131l\u0131 a\u00e7\u0131klamada, \u201c\u0130nsan hayat\u0131 ta\u015f\u0131yan bir gemide kaptan\u0131n yeterlili\u011fini Ula\u015ft\u0131rma Bakanl\u0131\u011f\u0131, sosyal g\u00fcvenlik ko\u015fullar\u0131n\u0131 \u00c7al\u0131\u015fma Bakanl\u0131\u011f\u0131 denetleyemiyorsa yurtta\u015f\u0131n devlete soraca\u011f\u0131 soru ka\u00e7\u0131n\u0131lmazd\u0131r: Siz tam olarak neyi &hellip;<\/p>\n","protected":false},"author":1,"featured_media":151050,"comment_status":"open","ping_status":"open","sticky":false,"template":"","format":"standard","meta":{"footnotes":""},"categories":[2],"tags":[48763,48762,989,22226,448,26544,2541,988,319],"class_list":["post-151049","post","type-post","status-publish","format-standard","has-post-thumbnail","hentry","category-kibris","tag-denetliyorsunuz","tag-hincal","tag-myk","tag-neyi","tag-olarak","tag-siz","tag-tam","tag-tdp","tag-uyesi"],"_links":{"self":[{"href":"https:\/\/www.kibrishost.com\/tak\/wp-json\/wp\/v2\/posts\/151049"}],"collection":[{"href":"https:\/\/www.kibrishost.com\/tak\/wp-json\/wp\/v2\/posts"}],"about":[{"href":"https:\/\/www.kibrishost.com\/tak\/wp-json\/wp\/v2\/types\/post"}],"author":[{"embeddable":true,"href":"https:\/\/www.kibrishost.com\/tak\/wp-json\/wp\/v2\/users\/1"}],"replies":[{"embeddable":true,"href":"https:\/\/www.kibrishost.com\/tak\/wp-json\/wp\/v2\/comments?post=151049"}],"version-history":[{"count":0,"href":"https:\/\/www.kibrishost.com\/tak\/wp-json\/wp\/v2\/posts\/151049\/revisions"}],"wp:featuredmedia":[{"embeddable":true,"href":"https:\/\/www.kibrishost.com\/tak\/wp-json\/wp\/v2\/media\/151050"}],"wp:attachment":[{"href":"https:\/\/www.kibrishost.com\/tak\/wp-json\/wp\/v2\/media?parent=151049"}],"wp:term":[{"taxonomy":"category","embeddable":true,"href":"https:\/\/www.kibrishost.com\/tak\/wp-json\/wp\/v2\/categories?post=151049"},{"taxonomy":"post_tag","embeddable":true,"href":"https:\/\/www.kibrishost.com\/tak\/wp-json\/wp\/v2\/tags?post=151049"}],"curies":[{"name":"wp","href":"https:\/\/api.w.org\/{rel}","templated":true}]}}