{"id":151045,"date":"2026-09-03T17:50:20","date_gmt":"2026-09-03T14:50:20","guid":{"rendered":"https:\/\/www.kibrishost.com\/tak\/atan-sozlesmeli-personel-artik-guvence-altina-alinacak\/"},"modified":"2026-09-03T17:50:20","modified_gmt":"2026-09-03T14:50:20","slug":"atan-sozlesmeli-personel-artik-guvence-altina-alinacak","status":"publish","type":"post","link":"https:\/\/www.kibrishost.com\/tak\/atan-sozlesmeli-personel-artik-guvence-altina-alinacak\/","title":{"rendered":"Atan: \u201cS\u00f6zle\u015fmeli personel art\u0131k g\u00fcvence alt\u0131na al\u0131nacak\u201d"},"content":{"rendered":"<p>K\u0131br\u0131s T\u00fcrk Kamu G\u00f6revlileri Sendikas\u0131 (KAMUSEN)\u00a0 Ba\u015fkan\u0131 Metin Atan, kamuda g\u00f6rev yapan s\u00f6zle\u015fmeli personelin g\u00fcvence alt\u0131na al\u0131nmas\u0131na y\u00f6nelik d\u00fczenlemenin bug\u00fcn Cumhuriyet Meclisi komitesinde g\u00f6r\u00fc\u015f\u00fclerek onayland\u0131\u011f\u0131n\u0131 ve Genel Kurul\u2019a havale edildi\u011fini s\u00f6yledi. Atan, d\u00fczenlemenin sendikan\u0131n uzun s\u00fcredir dile getirdi\u011fi talepler do\u011frultusunda komiteden ge\u00e7mesinden memnuniyet duydu\u011funu ifade etti.<\/p>\n<p>Atan, konuya ili\u015fkin yaz\u0131l\u0131 a\u00e7\u0131klamas\u0131nda, s\u00f6zle\u015fmeli ve ge\u00e7ici personelin \u00e7al\u0131\u015fma ko\u015fullar\u0131 ve i\u015f g\u00fcvencesine ili\u015fkin taleplerini uzun s\u00fcredir g\u00fcndemde tuttuklar\u0131n\u0131 belirterek, bug\u00fcn Cumhuriyet Meclisi\u2019ne davet edildiklerini ve s\u00f6zle\u015fmeli personelin g\u00fcvence alt\u0131na al\u0131nmas\u0131na y\u00f6nelik d\u00fczenlemelerin komitede ele al\u0131nd\u0131\u011f\u0131n\u0131 s\u00f6yledi.<\/p>\n<p>-S\u00f6zle\u015fmeler her y\u0131l de\u011fil, be\u015f y\u0131lda bir yap\u0131lacak <\/p>\n<p>Komitedeki g\u00f6r\u00fc\u015fmeler sonucunda s\u00f6zle\u015fmeli personelin her y\u0131l s\u00f6zle\u015fme yenilemesi yerine, s\u00f6zle\u015fmelerin be\u015f y\u0131lda bir yap\u0131lmas\u0131na y\u00f6nelik d\u00fczenlemenin ortaya kondu\u011funu belirten Atan, sistemin performansa dayal\u0131 \u015fekilde uygulanaca\u011f\u0131n\u0131 kaydetti.<\/p>\n<p>Atan, s\u00f6zle\u015fmeli personelin be\u015f y\u0131ll\u0131k s\u00f6zle\u015fme imzalayaca\u011f\u0131n\u0131, performans\u0131 ba\u015far\u0131l\u0131 bulunan personelin g\u00f6revine s\u00f6zle\u015fmeli olarak devam edece\u011fini, yeterli performans\u0131 g\u00f6steremeyen personelin ise g\u00f6revine son verilebilece\u011fini belirtti.<\/p>\n<p>Kamuda performans\u0131n \u00f6nemli oldu\u011funu belirten Atan, d\u00fczenlemenin komitede madde madde g\u00f6r\u00fc\u015f\u00fclerek onayland\u0131\u011f\u0131n\u0131 ve Meclis Genel Kurulu\u2019na havale edildi\u011fini s\u00f6yledi.<\/p>\n<p>-\u0130zin haklar\u0131 da yeniden d\u00fczenleniyor<\/p>\n<p>S\u00f6zle\u015fmeli personelin izin haklar\u0131na ili\u015fkin d\u00fczenlemelere de de\u011finen Atan, bu konunun daha \u00f6nce de g\u00fcndeme getirildi\u011fini ve izinlerin Kamu G\u00f6revlileri Yasas\u0131\u2019nda yer alan haklarla uyumlu hale getirilmesine y\u00f6nelik \u00f6nergenin haz\u0131rland\u0131\u011f\u0131n\u0131 s\u00f6yledi.<\/p>\n<p>\u00d6nergenin Ba\u015fbakanl\u0131k \u00fczerinden Bakanlar Kurulu\u2019na g\u00f6nderilece\u011fini belirten Atan, izin hakk\u0131n\u0131n Kamu G\u00f6revlileri Yasas\u0131\u2019nda oldu\u011fu gibi her ay 3,5 g\u00fcn olacak \u015fekilde d\u00fczenlenmesinin \u00f6ng\u00f6r\u00fcld\u00fc\u011f\u00fcn\u00fc ifade etti.<\/p>\n<p>S\u00f6zle\u015fmeli personelin mevcut durumda y\u0131ll\u0131k izinlerinin 15 g\u00fcn oldu\u011funu, mazeret izinlerinin olduk\u00e7a d\u00fc\u015f\u00fck kald\u0131\u011f\u0131n\u0131 ve ayl\u0131k izin haklar\u0131n\u0131n di\u011fer kamu g\u00f6revlilerinin gerisinde bulundu\u011funu belirten Atan, bu haklar\u0131n yeniden d\u00fczenlendi\u011fini s\u00f6yledi. Atan, d\u00fczenlemelerin Meclis Genel Kurulu\u2019nda g\u00f6r\u00fc\u015f\u00fclece\u011fini, kabul edilmesinin ard\u0131ndan y\u00fcr\u00fcrl\u00fc\u011fe girece\u011fini kaydetti.<\/p>\n<p>-\u201cYakla\u015f\u0131k 400 s\u00f6zle\u015fmeli personeli ilgilendiriyor\u201d<\/p>\n<p>Atan, d\u00fczenlemenin kamuda \u00e7al\u0131\u015fan yakla\u015f\u0131k 400 s\u00f6zle\u015fmeli personeli do\u011frudan ilgilendirdi\u011fine dikkat \u00e7ekerek, ge\u00e7ici personele sa\u011flanan g\u00fcvenceye benzer \u015fekilde s\u00f6zle\u015fmeli personelin de daha g\u00fcvenceli bir \u00e7al\u0131\u015fma yap\u0131s\u0131na kavu\u015fturulmas\u0131n\u0131n \u00f6nemli oldu\u011funu s\u00f6yledi.<\/p>\n<p>Atan, s\u00f6zle\u015fmeli personelin g\u00fcvence alt\u0131na al\u0131nmas\u0131na y\u00f6nelik sendikan\u0131n taleplerinin komitede kar\u015f\u0131l\u0131k buldu\u011funu ve ilgili maddelerin oylanarak Genel Kurul\u2019a g\u00f6nderildi\u011fini ifade etti.<\/p>\n<p>Atan, \u00f6zellikle komite \u00e7al\u0131\u015fmalar\u0131ndaki katk\u0131lar\u0131ndan dolay\u0131 Komite Ba\u015fkan\u0131 Sunat Atun\u2019a ve milletvekilleri Ahmet Sava\u015fan, F\u0131rt\u0131na Karanfil ve Hasan K\u00fc\u00e7\u00fck\u2019e te\u015fekk\u00fcr ederek, d\u00fczenlemenin \u015fekillenmesine \u00f6nemli katk\u0131lar koyduklar\u0131n\u0131 belirtti.<\/p>\n<p>-\u201c21-22 y\u0131ld\u0131r s\u00f6zle\u015fmeli \u00e7al\u0131\u015fanlar var\u201d<\/p>\n<p>Kamuda uzun y\u0131llard\u0131r s\u00f6zle\u015fmeli stat\u00fcde g\u00f6rev yapan personel bulundu\u011funa dikkat \u00e7eken Atan, 21 hatta 22 y\u0131la varan s\u00fcrelerle s\u00f6zle\u015fmeli \u00e7al\u0131\u015fan kamu g\u00f6revlileri oldu\u011funu s\u00f6yledi.<\/p>\n<p>Yeni d\u00fczenlemenin bu \u00e7al\u0131\u015fanlar\u0131n gelece\u011fe daha g\u00fcvenli bakabilmelerine katk\u0131 sa\u011flayaca\u011f\u0131n\u0131 belirten Atan, i\u015f g\u00fcvencesinin \u00e7al\u0131\u015fanlar\u0131n motivasyonunu ve kamudaki verimlili\u011fi art\u0131raca\u011f\u0131na inand\u0131\u011f\u0131n\u0131 kaydetti.<\/p><\/p>\n","protected":false},"excerpt":{"rendered":"<p>K\u0131br\u0131s T\u00fcrk Kamu G\u00f6revlileri Sendikas\u0131 (KAMUSEN)\u00a0 Ba\u015fkan\u0131 Metin Atan, kamuda g\u00f6rev yapan s\u00f6zle\u015fmeli personelin g\u00fcvence alt\u0131na al\u0131nmas\u0131na y\u00f6nelik d\u00fczenlemenin bug\u00fcn Cumhuriyet Meclisi komitesinde g\u00f6r\u00fc\u015f\u00fclerek onayland\u0131\u011f\u0131n\u0131 ve Genel Kurul\u2019a havale edildi\u011fini s\u00f6yledi. Atan, d\u00fczenlemenin sendikan\u0131n uzun s\u00fcredir dile getirdi\u011fi talepler do\u011frultusunda komiteden ge\u00e7mesinden memnuniyet duydu\u011funu ifade etti. Atan, konuya ili\u015fkin yaz\u0131l\u0131 a\u00e7\u0131klamas\u0131nda, s\u00f6zle\u015fmeli ve ge\u00e7ici personelin &hellip;<\/p>\n","protected":false},"author":1,"featured_media":151046,"comment_status":"open","ping_status":"open","sticky":false,"template":"","format":"standard","meta":{"footnotes":""},"categories":[2],"tags":[10943,414,2699,1196,8183,7801,15985],"class_list":["post-151045","post","type-post","status-publish","format-standard","has-post-thumbnail","hentry","category-kibris","tag-alinacak","tag-altina","tag-artik","tag-atan","tag-guvence","tag-personel","tag-sozlesmeli"],"_links":{"self":[{"href":"https:\/\/www.kibrishost.com\/tak\/wp-json\/wp\/v2\/posts\/151045"}],"collection":[{"href":"https:\/\/www.kibrishost.com\/tak\/wp-json\/wp\/v2\/posts"}],"about":[{"href":"https:\/\/www.kibrishost.com\/tak\/wp-json\/wp\/v2\/types\/post"}],"author":[{"embeddable":true,"href":"https:\/\/www.kibrishost.com\/tak\/wp-json\/wp\/v2\/users\/1"}],"replies":[{"embeddable":true,"href":"https:\/\/www.kibrishost.com\/tak\/wp-json\/wp\/v2\/comments?post=151045"}],"version-history":[{"count":0,"href":"https:\/\/www.kibrishost.com\/tak\/wp-json\/wp\/v2\/posts\/151045\/revisions"}],"wp:featuredmedia":[{"embeddable":true,"href":"https:\/\/www.kibrishost.com\/tak\/wp-json\/wp\/v2\/media\/151046"}],"wp:attachment":[{"href":"https:\/\/www.kibrishost.com\/tak\/wp-json\/wp\/v2\/media?parent=151045"}],"wp:term":[{"taxonomy":"category","embeddable":true,"href":"https:\/\/www.kibrishost.com\/tak\/wp-json\/wp\/v2\/categories?post=151045"},{"taxonomy":"post_tag","embeddable":true,"href":"https:\/\/www.kibrishost.com\/tak\/wp-json\/wp\/v2\/tags?post=151045"}],"curies":[{"name":"wp","href":"https:\/\/api.w.org\/{rel}","templated":true}]}}