{"id":151043,"date":"2026-09-03T17:20:26","date_gmt":"2026-09-03T14:20:26","guid":{"rendered":"https:\/\/www.kibrishost.com\/tak\/vakiflar-idaresinden-gazimagusadaki-deniz-yildizi-laguna-apartmanlari-konusunda-uyari-ve-tedbir-cagrisi\/"},"modified":"2026-09-03T17:20:26","modified_gmt":"2026-09-03T14:20:26","slug":"vakiflar-idaresinden-gazimagusadaki-deniz-yildizi-laguna-apartmanlari-konusunda-uyari-ve-tedbir-cagrisi","status":"publish","type":"post","link":"https:\/\/www.kibrishost.com\/tak\/vakiflar-idaresinden-gazimagusadaki-deniz-yildizi-laguna-apartmanlari-konusunda-uyari-ve-tedbir-cagrisi\/","title":{"rendered":"Vak\u0131flar \u0130daresi\u2019nden, Gazima\u011fusa\u2019daki Deniz Y\u0131ld\u0131z\u0131 (Laguna) Apartmanlar\u0131 konusunda uyar\u0131 ve tedbir \u00e7a\u011fr\u0131s\u0131&#8230;"},"content":{"rendered":"<p>K\u0131br\u0131s Vak\u0131flar \u0130daresi, \u00fclkede son d\u00f6nemde \u00fclkede ya\u015fanan \u00fcz\u00fcc\u00fc ve \u00f6l\u00fcmle sonu\u00e7lanan olaylara i\u015faret ederek, Gazima\u011fusa\u2019daki Deniz Y\u0131ld\u0131z\u0131 Apartmanlar\u0131yla (Laguna) ilgili mevcut durumun \u00f6nlem al\u0131nmas\u0131n\u0131 gerektirdi\u011fini bildirdi ve yetkili makamlara \u00e7a\u011fr\u0131da bulundu.<\/p>\n<p>EVKAF\u2019tan yap\u0131lan yaz\u0131l\u0131 a\u00e7\u0131klamada, insan hayat\u0131n\u0131 tehdit edebilecek risklere kar\u015f\u0131 zaman\u0131nda \u00f6nlem alman\u0131n herkesin sorumlulu\u011fu oldu\u011fu ifade edilerek, s\u00f6z konusu apartmanlarla ilgili hukuki s\u00fcrecinse devam etti\u011fi belirtildi.<\/p>\n<p>Yap\u0131lar\u0131n mevcut durumuna ili\u015fkin uzmanlar taraf\u0131ndan haz\u0131rlanan resm\u00ee raporlarda \u00e7e\u015fitli risklere dikkat \u00e7ekildi\u011fi ve yap\u0131lar\u0131n g\u00fcvenli\u011fi konusunda \u00f6nemli tespitlerde bulunuldu\u011fu kaydedilen EVKAF a\u00e7\u0131klamas\u0131nda, \u00f6nceden tespit edilen risklerin zaman\u0131nda ele al\u0131nmas\u0131n\u0131n \u00f6nemine dikkat \u00e7ekildi.<\/p>\n<p>A\u00e7\u0131klamada, \u201cT\u00fcm makamlar\u0131, Deniz Y\u0131ld\u0131z\u0131 Apartmanlar\u0131 (Laguna) konusunda gerekli de\u011ferlendirmeleri yapmaya ve can g\u00fcvenli\u011fini \u00f6nceliklendiren tedbirleri bir an \u00f6nce almaya davet ediyoruz\u2026 Hi\u00e7bir hukuki veya idari s\u00fcrecin insan hayat\u0131ndan daha \u00f6nemli olmad\u0131\u011f\u0131na inan\u0131yoruz. Bug\u00fcn al\u0131nacak bir \u00f6nlem, yar\u0131n ya\u015fanabilecek b\u00fcy\u00fck bir ac\u0131n\u0131n \u00f6n\u00fcne ge\u00e7ebilir.\u201d ifadelerine yer verildi.<\/p>\n<p>\u00a0<\/p>\n<p>\u00a0<\/p><\/p>\n","protected":false},"excerpt":{"rendered":"<p>K\u0131br\u0131s Vak\u0131flar \u0130daresi, \u00fclkede son d\u00f6nemde \u00fclkede ya\u015fanan \u00fcz\u00fcc\u00fc ve \u00f6l\u00fcmle sonu\u00e7lanan olaylara i\u015faret ederek, Gazima\u011fusa\u2019daki Deniz Y\u0131ld\u0131z\u0131 Apartmanlar\u0131yla (Laguna) ilgili mevcut durumun \u00f6nlem al\u0131nmas\u0131n\u0131 gerektirdi\u011fini bildirdi ve yetkili makamlara \u00e7a\u011fr\u0131da bulundu. EVKAF\u2019tan yap\u0131lan yaz\u0131l\u0131 a\u00e7\u0131klamada, insan hayat\u0131n\u0131 tehdit edebilecek risklere kar\u015f\u0131 zaman\u0131nda \u00f6nlem alman\u0131n herkesin sorumlulu\u011fu oldu\u011fu ifade edilerek, s\u00f6z konusu apartmanlarla ilgili hukuki &hellip;<\/p>\n","protected":false},"author":1,"featured_media":151044,"comment_status":"open","ping_status":"open","sticky":false,"template":"","format":"standard","meta":{"footnotes":""},"categories":[2],"tags":[15604,683,521,18151,19627,1293,32930,1294,371,3845,5944],"class_list":["post-151043","post","type-post","status-publish","format-standard","has-post-thumbnail","hentry","category-kibris","tag-apartmanlari","tag-cagrisi","tag-deniz","tag-gazimagusadaki","tag-idaresinden","tag-konusunda","tag-laguna","tag-tedbir","tag-uyari","tag-vakiflar","tag-yildizi"],"_links":{"self":[{"href":"https:\/\/www.kibrishost.com\/tak\/wp-json\/wp\/v2\/posts\/151043"}],"collection":[{"href":"https:\/\/www.kibrishost.com\/tak\/wp-json\/wp\/v2\/posts"}],"about":[{"href":"https:\/\/www.kibrishost.com\/tak\/wp-json\/wp\/v2\/types\/post"}],"author":[{"embeddable":true,"href":"https:\/\/www.kibrishost.com\/tak\/wp-json\/wp\/v2\/users\/1"}],"replies":[{"embeddable":true,"href":"https:\/\/www.kibrishost.com\/tak\/wp-json\/wp\/v2\/comments?post=151043"}],"version-history":[{"count":0,"href":"https:\/\/www.kibrishost.com\/tak\/wp-json\/wp\/v2\/posts\/151043\/revisions"}],"wp:featuredmedia":[{"embeddable":true,"href":"https:\/\/www.kibrishost.com\/tak\/wp-json\/wp\/v2\/media\/151044"}],"wp:attachment":[{"href":"https:\/\/www.kibrishost.com\/tak\/wp-json\/wp\/v2\/media?parent=151043"}],"wp:term":[{"taxonomy":"category","embeddable":true,"href":"https:\/\/www.kibrishost.com\/tak\/wp-json\/wp\/v2\/categories?post=151043"},{"taxonomy":"post_tag","embeddable":true,"href":"https:\/\/www.kibrishost.com\/tak\/wp-json\/wp\/v2\/tags?post=151043"}],"curies":[{"name":"wp","href":"https:\/\/api.w.org\/{rel}","templated":true}]}}