{"id":151041,"date":"2026-09-03T17:20:21","date_gmt":"2026-09-03T14:20:21","guid":{"rendered":"https:\/\/www.kibrishost.com\/tak\/gemi-faciasinda-yasamini-yitiren-ismail-kurt-yarin-lefkosada-topraga-verilecek\/"},"modified":"2026-09-03T17:20:21","modified_gmt":"2026-09-03T14:20:21","slug":"gemi-faciasinda-yasamini-yitiren-ismail-kurt-yarin-lefkosada-topraga-verilecek","status":"publish","type":"post","link":"https:\/\/www.kibrishost.com\/tak\/gemi-faciasinda-yasamini-yitiren-ismail-kurt-yarin-lefkosada-topraga-verilecek\/","title":{"rendered":"Gemi facias\u0131nda ya\u015fam\u0131n\u0131 yitiren \u0130smail Kurt yar\u0131n Lefko\u015fa\u2019da topra\u011fa verilecek"},"content":{"rendered":"<p>Girne a\u00e7\u0131klar\u0131nda 30 A\u011fustos\u2019ta alabora olan gemide hayat\u0131n\u0131 kaybeden \u0130smail Kurt yar\u0131n Lefko\u015fa\u2019da\u00a0 topra\u011fa verilecek.<\/p>\n<p>Kurt\u2019un naa\u015f\u0131, \u00a0Lefko\u015fa \u0130smail Safa Camii\u2019nde\u00a0 k\u0131l\u0131nacak \u00f6\u011fle namaz\u0131n\u0131 m\u00fcteakip Lefko\u015fa Kabristanl\u0131\u011f\u0131\u2019nda defnedilecek. \u00a0\u00a0<\/p>\n<p>Ekiplerin kay\u0131plara ula\u015fmak amac\u0131yla y\u00fcr\u00fctt\u00fc\u011f\u00fc arama \u00e7al\u0131\u015fmalar\u0131nda d\u00fcn bir erkek naa\u015f\u0131 bulunmu\u015f ve \u0130smail Kurt\u2019a ait oldu\u011fu belirlenmi\u015fti.<\/p>\n<p>\u00a0<\/p><\/p>\n","protected":false},"excerpt":{"rendered":"<p>Girne a\u00e7\u0131klar\u0131nda 30 A\u011fustos\u2019ta alabora olan gemide hayat\u0131n\u0131 kaybeden \u0130smail Kurt yar\u0131n Lefko\u015fa\u2019da\u00a0 topra\u011fa verilecek. Kurt\u2019un naa\u015f\u0131, \u00a0Lefko\u015fa \u0130smail Safa Camii\u2019nde\u00a0 k\u0131l\u0131nacak \u00f6\u011fle namaz\u0131n\u0131 m\u00fcteakip Lefko\u015fa Kabristanl\u0131\u011f\u0131\u2019nda defnedilecek. \u00a0\u00a0 Ekiplerin kay\u0131plara ula\u015fmak amac\u0131yla y\u00fcr\u00fctt\u00fc\u011f\u00fc arama \u00e7al\u0131\u015fmalar\u0131nda d\u00fcn bir erkek naa\u015f\u0131 bulunmu\u015f ve \u0130smail Kurt\u2019a ait oldu\u011fu belirlenmi\u015fti. \u00a0<\/p>\n","protected":false},"author":1,"featured_media":151042,"comment_status":"open","ping_status":"open","sticky":false,"template":"","format":"standard","meta":{"footnotes":""},"categories":[2],"tags":[19749,16445,3591,5034,2501,10609,5107,54,3196,3197],"class_list":["post-151041","post","type-post","status-publish","format-standard","has-post-thumbnail","hentry","category-kibris","tag-faciasinda","tag-gemi","tag-ismail","tag-kurt","tag-lefkosada","tag-topraga","tag-verilecek","tag-yarin","tag-yasamini","tag-yitiren"],"_links":{"self":[{"href":"https:\/\/www.kibrishost.com\/tak\/wp-json\/wp\/v2\/posts\/151041"}],"collection":[{"href":"https:\/\/www.kibrishost.com\/tak\/wp-json\/wp\/v2\/posts"}],"about":[{"href":"https:\/\/www.kibrishost.com\/tak\/wp-json\/wp\/v2\/types\/post"}],"author":[{"embeddable":true,"href":"https:\/\/www.kibrishost.com\/tak\/wp-json\/wp\/v2\/users\/1"}],"replies":[{"embeddable":true,"href":"https:\/\/www.kibrishost.com\/tak\/wp-json\/wp\/v2\/comments?post=151041"}],"version-history":[{"count":0,"href":"https:\/\/www.kibrishost.com\/tak\/wp-json\/wp\/v2\/posts\/151041\/revisions"}],"wp:featuredmedia":[{"embeddable":true,"href":"https:\/\/www.kibrishost.com\/tak\/wp-json\/wp\/v2\/media\/151042"}],"wp:attachment":[{"href":"https:\/\/www.kibrishost.com\/tak\/wp-json\/wp\/v2\/media?parent=151041"}],"wp:term":[{"taxonomy":"category","embeddable":true,"href":"https:\/\/www.kibrishost.com\/tak\/wp-json\/wp\/v2\/categories?post=151041"},{"taxonomy":"post_tag","embeddable":true,"href":"https:\/\/www.kibrishost.com\/tak\/wp-json\/wp\/v2\/tags?post=151041"}],"curies":[{"name":"wp","href":"https:\/\/api.w.org\/{rel}","templated":true}]}}