{"id":151035,"date":"2026-09-03T16:50:20","date_gmt":"2026-09-03T13:50:20","guid":{"rendered":"https:\/\/www.kibrishost.com\/tak\/kamu-mali-yonetimi-ve-kontrol-degisiklik-yasa-tasarisi-komitede-onaylanarak-genel-kurula-sevk-edildi\/"},"modified":"2026-09-03T16:50:32","modified_gmt":"2026-09-03T13:50:32","slug":"kamu-mali-yonetimi-ve-kontrol-degisiklik-yasa-tasarisi-komitede-onaylanarak-genel-kurula-sevk-edildi","status":"publish","type":"post","link":"https:\/\/www.kibrishost.com\/tak\/kamu-mali-yonetimi-ve-kontrol-degisiklik-yasa-tasarisi-komitede-onaylanarak-genel-kurula-sevk-edildi\/","title":{"rendered":"\u201cKamu Mali Y\u00f6netimi ve Kontrol (De\u011fi\u015fiklik) Yasa Tasar\u0131s\u0131\u201d komitede onaylanarak Genel Kurul\u2019a sevk edildi"},"content":{"rendered":"<p>Cumhuriyet Meclisi, Ekonomi, Maliye, B\u00fct\u00e7e ve Plan Komitesi \u201cKamu Mali Y\u00f6netimi ve Kontrol (De\u011fi\u015fiklik) Yasa Tasar\u0131s\u0131\u201dn\u0131 onaylayarak Genel Kurul\u2019un g\u00fcndemine sevk etti.<\/p>\n<p>Meclisten yap\u0131lan a\u00e7\u0131klamaya g\u00f6re bug\u00fcn UBP Milletvekili Komite Ba\u015fkan\u0131 Resmiye Ero\u011flu Canaltay ba\u015fkanl\u0131\u011f\u0131nda toplanan komite, g\u00fcndeminde bulunan \u201cKamu Mali Y\u00f6netimi ve Kontrol (De\u011fi\u015fiklik) Yasa Tasar\u0131s\u0131 (\u0130vedi)\u201dn\u0131 ele ald\u0131. Komite, bahse konu yasa tasar\u0131s\u0131n\u0131 oy birli\u011fiyle onaylayarak Genel Kurul\u2019un g\u00fcndemine sevk etti. <\/p>\n<p>Komite toplant\u0131s\u0131na davetli olarak, Maliye Bakanl\u0131\u011f\u0131, Kamu Y\u00f6netimi ve \u0130nsan Kaynaklar\u0131 Ba\u015fkanl\u0131\u011f\u0131 ve Say\u0131\u015ftay Ba\u015fkanl\u0131\u011f\u0131\u2019ndan yetkililer kat\u0131larak konu ile ilgili g\u00f6r\u00fc\u015flerini sundu.<\/p>\n<p>Toplant\u0131ya, Komite \u00dcyesi UBP Milletvekili Hasan K\u00fc\u00e7\u00fck ve Komite \u00dcyesi UBP Milletvekili Ali\u015fan \u015ean kat\u0131ld\u0131.\u00a0 <\/p>\n<\/p>\n<p><img decoding=\"async\" width=\"1024\" height=\"682\" src=\"https:\/\/www.kibrishost.com\/tak\/wp-content\/uploads\/2026\/09\/kamu-mali-yonetimi-ve-kontrol-degisiklik-yasa-tasarisi-komitede-onaylanarak-genel-kurula-sevk-edildi-1-1024x682.jpg\" class=\"aligncenter wp-image-151037\" alt=\"\u201cKamu Mali Y\u00f6netimi ve Kontrol (De\u011fi\u015fiklik) Yasa Tasar\u0131s\u0131\u201d komitede onaylanarak Genel Kurul\u2019a sevk edildi\" loading=\"lazy\" srcset=\"https:\/\/www.kibrishost.com\/tak\/wp-content\/uploads\/2026\/09\/kamu-mali-yonetimi-ve-kontrol-degisiklik-yasa-tasarisi-komitede-onaylanarak-genel-kurula-sevk-edildi-1-1024x682.jpg 1024w, https:\/\/www.kibrishost.com\/tak\/wp-content\/uploads\/2026\/09\/kamu-mali-yonetimi-ve-kontrol-degisiklik-yasa-tasarisi-komitede-onaylanarak-genel-kurula-sevk-edildi-1-300x200.jpg 300w, https:\/\/www.kibrishost.com\/tak\/wp-content\/uploads\/2026\/09\/kamu-mali-yonetimi-ve-kontrol-degisiklik-yasa-tasarisi-komitede-onaylanarak-genel-kurula-sevk-edildi-1-768x512.jpg 768w, https:\/\/www.kibrishost.com\/tak\/wp-content\/uploads\/2026\/09\/kamu-mali-yonetimi-ve-kontrol-degisiklik-yasa-tasarisi-komitede-onaylanarak-genel-kurula-sevk-edildi-1-1536x1024.jpg 1536w, https:\/\/www.kibrishost.com\/tak\/wp-content\/uploads\/2026\/09\/kamu-mali-yonetimi-ve-kontrol-degisiklik-yasa-tasarisi-komitede-onaylanarak-genel-kurula-sevk-edildi-1.jpg 2000w\" sizes=\"(max-width: 1024px) 100vw, 1024px\" \/><\/p>\n","protected":false},"excerpt":{"rendered":"<p>Cumhuriyet Meclisi, Ekonomi, Maliye, B\u00fct\u00e7e ve Plan Komitesi \u201cKamu Mali Y\u00f6netimi ve Kontrol (De\u011fi\u015fiklik) Yasa Tasar\u0131s\u0131\u201dn\u0131 onaylayarak Genel Kurul\u2019un g\u00fcndemine sevk etti. Meclisten yap\u0131lan a\u00e7\u0131klamaya g\u00f6re bug\u00fcn UBP Milletvekili Komite Ba\u015fkan\u0131 Resmiye Ero\u011flu Canaltay ba\u015fkanl\u0131\u011f\u0131nda toplanan komite, g\u00fcndeminde bulunan \u201cKamu Mali Y\u00f6netimi ve Kontrol (De\u011fi\u015fiklik) Yasa Tasar\u0131s\u0131 (\u0130vedi)\u201dn\u0131 ele ald\u0131. Komite, bahse konu yasa tasar\u0131s\u0131n\u0131 &hellip;<\/p>\n","protected":false},"author":1,"featured_media":151036,"comment_status":"open","ping_status":"open","sticky":false,"template":"","format":"standard","meta":{"footnotes":""},"categories":[2],"tags":[2293,405,493,2041,3936,413,5657,1176,15744,3160,7712,995,218],"class_list":["post-151035","post","type-post","status-publish","format-standard","has-post-thumbnail","hentry","category-kibris","tag-degisiklik","tag-edildi","tag-genel","tag-kamu","tag-komitede","tag-kontrol","tag-kurula","tag-mali","tag-onaylanarak","tag-sevk","tag-tasarisi","tag-yasa","tag-yonetimi"],"_links":{"self":[{"href":"https:\/\/www.kibrishost.com\/tak\/wp-json\/wp\/v2\/posts\/151035"}],"collection":[{"href":"https:\/\/www.kibrishost.com\/tak\/wp-json\/wp\/v2\/posts"}],"about":[{"href":"https:\/\/www.kibrishost.com\/tak\/wp-json\/wp\/v2\/types\/post"}],"author":[{"embeddable":true,"href":"https:\/\/www.kibrishost.com\/tak\/wp-json\/wp\/v2\/users\/1"}],"replies":[{"embeddable":true,"href":"https:\/\/www.kibrishost.com\/tak\/wp-json\/wp\/v2\/comments?post=151035"}],"version-history":[{"count":1,"href":"https:\/\/www.kibrishost.com\/tak\/wp-json\/wp\/v2\/posts\/151035\/revisions"}],"predecessor-version":[{"id":151038,"href":"https:\/\/www.kibrishost.com\/tak\/wp-json\/wp\/v2\/posts\/151035\/revisions\/151038"}],"wp:featuredmedia":[{"embeddable":true,"href":"https:\/\/www.kibrishost.com\/tak\/wp-json\/wp\/v2\/media\/151036"}],"wp:attachment":[{"href":"https:\/\/www.kibrishost.com\/tak\/wp-json\/wp\/v2\/media?parent=151035"}],"wp:term":[{"taxonomy":"category","embeddable":true,"href":"https:\/\/www.kibrishost.com\/tak\/wp-json\/wp\/v2\/categories?post=151035"},{"taxonomy":"post_tag","embeddable":true,"href":"https:\/\/www.kibrishost.com\/tak\/wp-json\/wp\/v2\/tags?post=151035"}],"curies":[{"name":"wp","href":"https:\/\/api.w.org\/{rel}","templated":true}]}}