{"id":151033,"date":"2026-09-03T16:40:26","date_gmt":"2026-09-03T13:40:26","guid":{"rendered":"https:\/\/www.kibrishost.com\/tak\/35-stkdan-ortak-cagri-lagunu-degil-mevcut-limani-marinaya-donusturelim\/"},"modified":"2026-09-03T16:40:26","modified_gmt":"2026-09-03T13:40:26","slug":"35-stkdan-ortak-cagri-lagunu-degil-mevcut-limani-marinaya-donusturelim","status":"publish","type":"post","link":"https:\/\/www.kibrishost.com\/tak\/35-stkdan-ortak-cagri-lagunu-degil-mevcut-limani-marinaya-donusturelim\/","title":{"rendered":"35 STK\u2019dan ortak \u00e7a\u011fr\u0131: \u201cLag\u00fcn\u00fc de\u011fil, mevcut liman\u0131 marinaya d\u00f6n\u00fc\u015ft\u00fcrelim\u201d"},"content":{"rendered":"<p>\u00c7evre ve Ekoloji Platformu, Gazima\u011fusa&#8217;da &#8220;ekolojik, tarihi ve k\u00fclt\u00fcrel de\u011ferleri tehdit edecek yeni marina projesinden vazge\u00e7ilmesini&#8221; istedi.<\/p>\n<p>35 sivil toplum kurulu\u015fundan olu\u015fan Platform \u00e7a\u011fr\u0131s\u0131nda, \u201cLag\u00fcn\u00fc (adac\u0131klar) de\u011fil, mevcut liman\u0131 marinaya d\u00f6n\u00fc\u015ft\u00fcrelim.\u201d denildi.<\/p>\n<p>Platformdan yap\u0131lan a\u00e7\u0131klamaya g\u00f6re, Ba\u015fbakan Yard\u0131mc\u0131l\u0131\u011f\u0131 Turizm K\u00fclt\u00fcr Gen\u00e7lik ve \u00c7evre Bakanl\u0131\u011f\u0131\u00a0 taraf\u0131ndan, Gazima\u011fusa Laguna b\u00f6lgesinde\u00a0planlanan marina projesiyle ilgili olarak, Bakanl\u0131k ve Gazima\u011fusa Belediye Ba\u015fkan\u0131 S\u00fcleyman Ulu\u00e7ay\u2019\u0131n \u00e7a\u011fr\u0131s\u0131yla Gazima\u011fusa Belediyesi\u2019nde bir toplant\u0131 ger\u00e7ekle\u015ftirildi.<\/p>\n<p>Gazima\u011fusa Belediye Ba\u015fkan\u0131 Ulu\u00e7ay\u2019\u0131n ev sahipli\u011finde yap\u0131lan toplant\u0131ya; Ba\u015fbakan Yard\u0131mc\u0131l\u0131\u011f\u0131, Turizm, K\u00fclt\u00fcr, Gen\u00e7lik ve \u00c7evre Bakanl\u0131\u011f\u0131 Bakanl\u0131k M\u00fcd\u00fcr\u00fc, Turizm Planlama Dairesi, \u00c7evre Koruma Dairesi, \u015eehir Planlama Dairesi m\u00fcd\u00fcrleri, projeye dan\u0131\u015fmanl\u0131k yapan Prof. Dr. Tahir \u00c7elik ile sivil toplum \u00f6rg\u00fctlerinden MAKAMER, MASTOP, Ye\u015fil Bar\u0131\u015f Hareketi, \u015eehir Planc\u0131lar\u0131 Odas\u0131, Ma\u011fusa Sur-i\u00e7i Derne\u011fi, KU\u015eKOR, K\u0131br\u0131s Sulak Alan Toplulu\u011fu temsilcileri kat\u0131ld\u0131.<\/p>\n<p>A\u00e7\u0131klamada, proje dan\u0131\u015fman\u0131 Prof. Dr. Tahir \u00c7elik\u2019in toplant\u0131da projenin Gazima\u011fusa\u2019ya \u00f6nemli katk\u0131lar sa\u011flayaca\u011f\u0131, \u201cyap i\u015flet devret\u201d modeliyle projenin haz\u0131rlanmas\u0131 ve uygulanmas\u0131 gibi konular\u0131n y\u00fcklenici firma taraf\u0131ndan y\u00fcr\u00fct\u00fclece\u011fini s\u00f6yledi\u011fi kaydedildi.<\/p>\n<p>A\u00e7\u0131klamada ayr\u0131ca, proje dan\u0131\u015fman\u0131 \u00c7elik\u2019in, Bakanl\u0131\u011f\u0131n proje i\u00e7in iki kez ihaleye \u00e7\u0131kt\u0131\u011f\u0131n\u0131 ancak herhangi bir teklif yap\u0131lmad\u0131\u011f\u0131n\u0131 ifade etti\u011fi belirtildi.<\/p>\n<p>ST\u00d6 temsilcilerinin 11 May\u0131s tarihinde ayn\u0131 salonda DA\u00dc \u00f6\u011fretim \u00dcyesi Yrd. Do\u00e7. Dr Burak Ali \u00c7i\u00e7ek\u2019in \u201cGazima\u011fusa Lag\u00fcn Sulak Alan\u0131n\u0131n Ekolojik \u00d6nemi\u201d konusundaki seminerinin ard\u0131ndan 35 sivil toplum \u00f6rg\u00fct\u00fc taraf\u0131ndan okunan bas\u0131n bildirisinin yok h\u00fckm\u00fcnde say\u0131ld\u0131\u011f\u0131 kaydedilen a\u00e7\u0131klamada, 11 May\u0131s tarihli bas\u0131n bildirisinin aynen ge\u00e7erli oldu\u011fu belirtildi.<\/p>\n<p>&#8211; ST\u00d6 temsilcilerinin ele\u015ftiri ve \u00f6nerileri<\/p>\n<p>A\u00e7\u0131klamada, ST\u00d6 temsilcilerinin ele\u015ftiri ve \u00f6nerilerine \u015f\u00f6yle yer verildi:<\/p>\n<p>\u201cProje alan\u0131 olarak se\u00e7ilen alan, lag\u00fcnleri, resif yap\u0131lar\u0131, ku\u015f g\u00f6\u00e7 yollar\u0131 ender, endemik ve tehdit alt\u0131ndaki t\u00fcrleriyle ekolojik a\u00e7\u0131dan son derece hassas bir alan. Ayn\u0131 zamanda Helenistik d\u00f6neme ait arkeolojik buluntular nedeniyle tarihi ve k\u00fclt\u00fcrel miras niteli\u011fi de ta\u015f\u0131maktad\u0131r. Bu nedenle s\u00f6z konusun proje bu alanda uygulanamaz. \u00dclkesel fizik plan\u0131nda Gazima\u011fusa Serbest Liman\u0131\u2019n\u0131n kald\u0131r\u0131laca\u011f\u0131, yerine Gazima\u011fusa Liman\u0131\u2019n\u0131n geli\u015ftirilece\u011fi, eski liman\u0131n da marinaya d\u00f6n\u00fc\u015ft\u00fcr\u00fclmesinin sa\u011flanaca\u011f\u0131 yer almaktad\u0131r. Gazima\u011fusa -\u0130skele \u2013 Yenibo\u011fazi\u00e7i \u0130mar Plan\u0131\u2019nda ise proje alan\u0131 olarak se\u00e7ilen b\u00f6lge ile hi\u00e7bir yap\u0131la\u015fma kural\u0131 bulunmamaktad\u0131r. \u00dclkenin ve kentlerin sa\u011fl\u0131kl\u0131 geli\u015fmesi i\u00e7in haz\u0131rlanm\u0131\u015f\/haz\u0131rlanmakta olan planlar uyar\u0131nca b\u00f6yle bir projenin uygulanmas\u0131 m\u00fcmk\u00fcn de\u011fildir. B\u00f6yle bir projenin b\u00fcy\u00fckl\u00fc\u011f\u00fc, kapsam\u0131 gibi \u00f6nemli konular\u0131n tamam\u0131yla ihaleyi kazanacak olan y\u00fcklenici firman\u0131n inisiyatifine b\u0131rak\u0131lmas\u0131, Suri\u00e7i&#8217;nin koruma ve canland\u0131r\u0131lmas\u0131 faaliyetlerini \u00f6nemli \u00f6l\u00e7\u00fcde tehlikeye sokma riski ta\u015f\u0131maktad\u0131r.\u201d<\/p>\n<p>\u201cToplant\u0131ya kat\u0131lan ST\u00d6 temsilcileri olarak \u00f6nerimiz, \u00dclkesel Fizik Plan\u0131\u2019nda \u00f6nerilen B\u00f6lge Stratejileri ve Politikalar\u0131\u2019nda belirtildi\u011fi \u00fczere Serbest Liman, mevcut limanla ilgili gerekli ad\u0131mlar\u0131n planlanmas\u0131 ve \u015fimdiki ticari liman\u0131n marinaya d\u00f6n\u00fc\u015ft\u00fcr\u00fclmesi konusunun g\u00fcndeme al\u0131nmas\u0131d\u0131r.\u201d ifadelerine yer verilen a\u00e7\u0131klamada, b\u00f6yle bir vizyonla Gazima\u011fusa\u2019n\u0131n en b\u00fcy\u00fck zenginli\u011fi olan surlar ve Suri\u00e7i\u2019ni ezen de\u011fil, bu de\u011ferleri tamamlayan ve kentin markala\u015fmas\u0131na katk\u0131 sa\u011flayan bir marinaya kavu\u015fabilece\u011fi vurguland\u0131.<\/p>\n<p>(MK\/YIL)\u00a0\u00a0<\/p><\/p>\n","protected":false},"excerpt":{"rendered":"<p>\u00c7evre ve Ekoloji Platformu, Gazima\u011fusa&#8217;da &#8220;ekolojik, tarihi ve k\u00fclt\u00fcrel de\u011ferleri tehdit edecek yeni marina projesinden vazge\u00e7ilmesini&#8221; istedi. 35 sivil toplum kurulu\u015fundan olu\u015fan Platform \u00e7a\u011fr\u0131s\u0131nda, \u201cLag\u00fcn\u00fc (adac\u0131klar) de\u011fil, mevcut liman\u0131 marinaya d\u00f6n\u00fc\u015ft\u00fcrelim.\u201d denildi. Platformdan yap\u0131lan a\u00e7\u0131klamaya g\u00f6re, Ba\u015fbakan Yard\u0131mc\u0131l\u0131\u011f\u0131 Turizm K\u00fclt\u00fcr Gen\u00e7lik ve \u00c7evre Bakanl\u0131\u011f\u0131\u00a0 taraf\u0131ndan, Gazima\u011fusa Laguna b\u00f6lgesinde\u00a0planlanan marina projesiyle ilgili olarak, Bakanl\u0131k ve Gazima\u011fusa &hellip;<\/p>\n","protected":false},"author":1,"featured_media":151034,"comment_status":"open","ping_status":"open","sticky":false,"template":"","format":"standard","meta":{"footnotes":""},"categories":[2],"tags":[48759,2404,560,1830,48761,5106,48760,1446,48758],"class_list":["post-151033","post","type-post","status-publish","format-standard","has-post-thumbnail","hentry","category-kibris","tag-lagunu","tag-mevcut","tag-cagri","tag-degil","tag-donusturelim","tag-limani","tag-marinaya","tag-ortak","tag-stkdan"],"_links":{"self":[{"href":"https:\/\/www.kibrishost.com\/tak\/wp-json\/wp\/v2\/posts\/151033"}],"collection":[{"href":"https:\/\/www.kibrishost.com\/tak\/wp-json\/wp\/v2\/posts"}],"about":[{"href":"https:\/\/www.kibrishost.com\/tak\/wp-json\/wp\/v2\/types\/post"}],"author":[{"embeddable":true,"href":"https:\/\/www.kibrishost.com\/tak\/wp-json\/wp\/v2\/users\/1"}],"replies":[{"embeddable":true,"href":"https:\/\/www.kibrishost.com\/tak\/wp-json\/wp\/v2\/comments?post=151033"}],"version-history":[{"count":0,"href":"https:\/\/www.kibrishost.com\/tak\/wp-json\/wp\/v2\/posts\/151033\/revisions"}],"wp:featuredmedia":[{"embeddable":true,"href":"https:\/\/www.kibrishost.com\/tak\/wp-json\/wp\/v2\/media\/151034"}],"wp:attachment":[{"href":"https:\/\/www.kibrishost.com\/tak\/wp-json\/wp\/v2\/media?parent=151033"}],"wp:term":[{"taxonomy":"category","embeddable":true,"href":"https:\/\/www.kibrishost.com\/tak\/wp-json\/wp\/v2\/categories?post=151033"},{"taxonomy":"post_tag","embeddable":true,"href":"https:\/\/www.kibrishost.com\/tak\/wp-json\/wp\/v2\/tags?post=151033"}],"curies":[{"name":"wp","href":"https:\/\/api.w.org\/{rel}","templated":true}]}}