{"id":151031,"date":"2026-09-03T16:40:20","date_gmt":"2026-09-03T13:40:20","guid":{"rendered":"https:\/\/www.kibrishost.com\/tak\/zahire-alimlari-7-eylul-pazartesi-mesai-bitimine-kadar-uzatildi\/"},"modified":"2026-09-03T16:40:20","modified_gmt":"2026-09-03T13:40:20","slug":"zahire-alimlari-7-eylul-pazartesi-mesai-bitimine-kadar-uzatildi","status":"publish","type":"post","link":"https:\/\/www.kibrishost.com\/tak\/zahire-alimlari-7-eylul-pazartesi-mesai-bitimine-kadar-uzatildi\/","title":{"rendered":"Zahire al\u0131mlar\u0131 7 Eyl\u00fcl Pazartesi mesai bitimine kadar uzat\u0131ld\u0131"},"content":{"rendered":"<p>Daha \u00f6nce 2 Eyl\u00fcl tarihinde sona erece\u011fi duyurulan 2026 y\u0131l\u0131 zahire al\u0131mlar\u0131n\u0131n, \u00fcreticilerden gelen talep do\u011frultusunda 7 Eyl\u00fcl Pazartesi mesai bitimine kadar uzat\u0131ld\u0131\u011f\u0131 bildirildi. Toprak \u00dcr\u00fcnleri Kurumu\u2019ndan (T\u00dcK) yap\u0131lan duyuruda, elinde yemlik arpa, arpa tohumlu\u011fu, bu\u011fday ve bu\u011fday tohumlu\u011fu bulunan \u00fcreticilerin, \u00fcr\u00fcnlerini 7 Eyl\u00fcl Pazartesi mesai bitimine kadar T\u00dcK\u2019e teslim etmeleri gerekti\u011fi belirtildi. (RU\/YIL)<\/p><\/p>\n","protected":false},"excerpt":{"rendered":"<p>Daha \u00f6nce 2 Eyl\u00fcl tarihinde sona erece\u011fi duyurulan 2026 y\u0131l\u0131 zahire al\u0131mlar\u0131n\u0131n, \u00fcreticilerden gelen talep do\u011frultusunda 7 Eyl\u00fcl Pazartesi mesai bitimine kadar uzat\u0131ld\u0131\u011f\u0131 bildirildi. Toprak \u00dcr\u00fcnleri Kurumu\u2019ndan (T\u00dcK) yap\u0131lan duyuruda, elinde yemlik arpa, arpa tohumlu\u011fu, bu\u011fday ve bu\u011fday tohumlu\u011fu bulunan \u00fcreticilerin, \u00fcr\u00fcnlerini 7 Eyl\u00fcl Pazartesi mesai bitimine kadar T\u00dcK\u2019e teslim etmeleri gerekti\u011fi belirtildi. (RU\/YIL)<\/p>\n","protected":false},"author":1,"featured_media":151032,"comment_status":"open","ping_status":"open","sticky":false,"template":"","format":"standard","meta":{"footnotes":""},"categories":[2],"tags":[5781,46422,3166,478,4398,861,2619,5780],"class_list":["post-151031","post","type-post","status-publish","format-standard","has-post-thumbnail","hentry","category-kibris","tag-alimlari","tag-bitimine","tag-eylul","tag-kadar","tag-mesai","tag-pazartesi","tag-uzatildi","tag-zahire"],"_links":{"self":[{"href":"https:\/\/www.kibrishost.com\/tak\/wp-json\/wp\/v2\/posts\/151031"}],"collection":[{"href":"https:\/\/www.kibrishost.com\/tak\/wp-json\/wp\/v2\/posts"}],"about":[{"href":"https:\/\/www.kibrishost.com\/tak\/wp-json\/wp\/v2\/types\/post"}],"author":[{"embeddable":true,"href":"https:\/\/www.kibrishost.com\/tak\/wp-json\/wp\/v2\/users\/1"}],"replies":[{"embeddable":true,"href":"https:\/\/www.kibrishost.com\/tak\/wp-json\/wp\/v2\/comments?post=151031"}],"version-history":[{"count":0,"href":"https:\/\/www.kibrishost.com\/tak\/wp-json\/wp\/v2\/posts\/151031\/revisions"}],"wp:featuredmedia":[{"embeddable":true,"href":"https:\/\/www.kibrishost.com\/tak\/wp-json\/wp\/v2\/media\/151032"}],"wp:attachment":[{"href":"https:\/\/www.kibrishost.com\/tak\/wp-json\/wp\/v2\/media?parent=151031"}],"wp:term":[{"taxonomy":"category","embeddable":true,"href":"https:\/\/www.kibrishost.com\/tak\/wp-json\/wp\/v2\/categories?post=151031"},{"taxonomy":"post_tag","embeddable":true,"href":"https:\/\/www.kibrishost.com\/tak\/wp-json\/wp\/v2\/tags?post=151031"}],"curies":[{"name":"wp","href":"https:\/\/api.w.org\/{rel}","templated":true}]}}