{"id":151023,"date":"2026-09-03T16:10:41","date_gmt":"2026-09-03T13:10:41","guid":{"rendered":"https:\/\/www.kibrishost.com\/tak\/girnede-batan-gemiden-kurtulan-yolcu-gemi-savrulmaya-ve-su-almaya-basladi-koltuklar-yerlerinden-cikti-gemidekiler-gorevlilere-geri-donun-dedi\/"},"modified":"2026-09-03T16:11:22","modified_gmt":"2026-09-03T13:11:22","slug":"girnede-batan-gemiden-kurtulan-yolcu-gemi-savrulmaya-ve-su-almaya-basladi-koltuklar-yerlerinden-cikti-gemidekiler-gorevlilere-geri-donun-dedi","status":"publish","type":"post","link":"https:\/\/www.kibrishost.com\/tak\/girnede-batan-gemiden-kurtulan-yolcu-gemi-savrulmaya-ve-su-almaya-basladi-koltuklar-yerlerinden-cikti-gemidekiler-gorevlilere-geri-donun-dedi\/","title":{"rendered":"Girne\u2019de batan gemiden kurtulan yolcu: \u201cGemi savrulmaya ve su almaya ba\u015flad\u0131. Koltuklar yerlerinden \u00e7\u0131kt\u0131. Gemidekiler g\u00f6revlilere &#8216;Geri d\u00f6n\u00fcn&#8217; dedi\u201d"},"content":{"rendered":"<p>\u00a0Girne a\u00e7\u0131klar\u0131nda 30 A\u011fustos&#8217;ta alabora olan yolcu gemisinden kurtulan Kahramanmara\u015fl\u0131 Sad\u0131k Sar\u0131bu\u011fa, kazan\u0131n hemen \u00f6ncesinde ya\u015fananlar\u0131 ve gemiden kurtulma anlar\u0131n\u0131 anlatt\u0131. <\/p>\n<p>Sar\u0131bu\u011fa, AA muhabirine, 12 ya\u015f\u0131ndaki o\u011flu Berkay&#8217;\u0131 K\u0131br\u0131s&#8217;taki halas\u0131n\u0131n yan\u0131na g\u00f6t\u00fcrmek istedi\u011fini belirtti.<\/p>\n<p>O\u011flunun kimli\u011finde foto\u011fraf bulunmad\u0131\u011f\u0131 i\u00e7in gemiye al\u0131nmad\u0131\u011f\u0131n\u0131 anlatan Sar\u0131bu\u011fa, &#8220;O\u011flumu gemiye almad\u0131lar. B\u00fcy\u00fck o\u011flumla eve d\u00f6nd\u00fcler. Ben ayn\u0131 gemiyle tek gittim. Oradan d\u00f6nerken de bu ba\u015f\u0131m\u0131za geldi. \u0130lk defa yurt d\u0131\u015f\u0131na \u00e7\u0131km\u0131\u015ft\u0131m.&#8221; dedi.<\/p>\n<p>Girne&#8217;den d\u00f6n\u00fc\u015f i\u00e7in gemiye bindikten yakla\u015f\u0131k 15-20 dakika sonra olay\u0131n meydana geldi\u011fini ifade eden Sar\u0131bu\u011fa, \u015funlar\u0131 kaydetti:<\/p>\n<p>&#8220;\u0130lk etapta gemi savrulmaya ve su almaya ba\u015flad\u0131. Koltuklar yerlerinden \u00e7\u0131kt\u0131. Geminin i\u00e7indekiler g\u00f6revlilere &#8216;Geri d\u00f6n\u00fcn&#8217; dedi. Bir adam geldi, &#8216;Ya, bu her zamanki i\u015f, bundan bir \u015fey olmaz&#8217; dedi. Sonra koltuklar yerinden \u00e7\u0131k\u0131nca ve gemi su almaya ba\u015flay\u0131nca d\u00f6n\u00fc\u015f yapmaya \u00e7al\u0131\u015ft\u0131lar. O s\u0131rada gemi \u00e7\u00f6kt\u00fc. Biz kendi \u00e7abam\u0131zla yukar\u0131daki cam\u0131 k\u0131rarak d\u0131\u015far\u0131 \u00e7\u0131kt\u0131k.&#8221;<\/p>\n<p>Kazan\u0131n ard\u0131ndan ba\u015f\u0131ndan yaraland\u0131\u011f\u0131n\u0131 aktaran Sar\u0131bu\u011fa, geminin bir b\u00f6l\u00fcm\u00fcn\u00fcn k\u0131r\u0131lmas\u0131 nedeniyle baz\u0131 ki\u015filerin suya d\u00fc\u015ft\u00fc\u011f\u00fcn\u00fc, kendisinin ise geminin \u00fcst k\u0131sm\u0131nda kald\u0131\u011f\u0131n\u0131 s\u00f6yledi.<\/p>\n<p>Sar\u0131bu\u011fa, kurtar\u0131lmay\u0131 bekledi\u011fi s\u0131rada bir annenin suya d\u00fc\u015fmemesi i\u00e7in kolundan tuttu\u011funu belirterek, &#8220;Sonra Sahil G\u00fcvenlik ve oradaki bal\u0131k\u00e7\u0131lar geldi. Bizi o \u015fekilde kurtard\u0131lar.&#8221; diye konu\u015ftu.<\/p>\n<p>Sar\u0131bu\u011fa&#8217;n\u0131n o\u011flu Berkay ise babas\u0131n\u0131n tatil i\u00e7in kendisini halas\u0131n\u0131n yan\u0131na g\u00f6t\u00fcrmek istedi\u011fini anlatarak, &#8220;Tam gemiye binecektim, kimli\u011fimde foto\u011fraf\u0131m olmad\u0131\u011f\u0131 i\u00e7in beni almad\u0131lar. \u0130yi ki gitmemi\u015fim.&#8221; dedi.<\/p>\n<\/p>\n<p>\u00a0<\/p>\n<\/p>\n<p><img decoding=\"async\" width=\"1024\" height=\"683\" src=\"https:\/\/www.kibrishost.com\/tak\/wp-content\/uploads\/2026\/09\/girnede-batan-gemiden-kurtulan-yolcu-gemi-savrulmaya-ve-su-almaya-basladi-koltuklar-yerlerinden-cikti-gemidekiler-gorevlilere-geri-donun-dedi-1-1024x683.jpg\" class=\"aligncenter wp-image-151025\" alt=\"Girne\u2019de batan gemiden kurtulan yolcu: \u201cGemi savrulmaya ve su almaya ba\u015flad\u0131. Koltuklar yerlerinden \u00e7\u0131kt\u0131. Gemidekiler g\u00f6revlilere &#039;Geri d\u00f6n\u00fcn&#039; dedi\u201d\" loading=\"lazy\" srcset=\"https:\/\/www.kibrishost.com\/tak\/wp-content\/uploads\/2026\/09\/girnede-batan-gemiden-kurtulan-yolcu-gemi-savrulmaya-ve-su-almaya-basladi-koltuklar-yerlerinden-cikti-gemidekiler-gorevlilere-geri-donun-dedi-1-1024x683.jpg 1024w, https:\/\/www.kibrishost.com\/tak\/wp-content\/uploads\/2026\/09\/girnede-batan-gemiden-kurtulan-yolcu-gemi-savrulmaya-ve-su-almaya-basladi-koltuklar-yerlerinden-cikti-gemidekiler-gorevlilere-geri-donun-dedi-1-300x200.jpg 300w, https:\/\/www.kibrishost.com\/tak\/wp-content\/uploads\/2026\/09\/girnede-batan-gemiden-kurtulan-yolcu-gemi-savrulmaya-ve-su-almaya-basladi-koltuklar-yerlerinden-cikti-gemidekiler-gorevlilere-geri-donun-dedi-1-768x512.jpg 768w, https:\/\/www.kibrishost.com\/tak\/wp-content\/uploads\/2026\/09\/girnede-batan-gemiden-kurtulan-yolcu-gemi-savrulmaya-ve-su-almaya-basladi-koltuklar-yerlerinden-cikti-gemidekiler-gorevlilere-geri-donun-dedi-1-1536x1024.jpg 1536w, https:\/\/www.kibrishost.com\/tak\/wp-content\/uploads\/2026\/09\/girnede-batan-gemiden-kurtulan-yolcu-gemi-savrulmaya-ve-su-almaya-basladi-koltuklar-yerlerinden-cikti-gemidekiler-gorevlilere-geri-donun-dedi-1-2048x1365.jpg 2048w\" sizes=\"(max-width: 1024px) 100vw, 1024px\" \/><\/p>\n","protected":false},"excerpt":{"rendered":"<p>\u00a0Girne a\u00e7\u0131klar\u0131nda 30 A\u011fustos&#8217;ta alabora olan yolcu gemisinden kurtulan Kahramanmara\u015fl\u0131 Sad\u0131k Sar\u0131bu\u011fa, kazan\u0131n hemen \u00f6ncesinde ya\u015fananlar\u0131 ve gemiden kurtulma anlar\u0131n\u0131 anlatt\u0131. Sar\u0131bu\u011fa, AA muhabirine, 12 ya\u015f\u0131ndaki o\u011flu Berkay&#8217;\u0131 K\u0131br\u0131s&#8217;taki halas\u0131n\u0131n yan\u0131na g\u00f6t\u00fcrmek istedi\u011fini belirtti. O\u011flunun kimli\u011finde foto\u011fraf bulunmad\u0131\u011f\u0131 i\u00e7in gemiye al\u0131nmad\u0131\u011f\u0131n\u0131 anlatan Sar\u0131bu\u011fa, &#8220;O\u011flumu gemiye almad\u0131lar. B\u00fcy\u00fck o\u011flumla eve d\u00f6nd\u00fcler. Ben ayn\u0131 gemiyle tek gittim. &hellip;<\/p>\n","protected":false},"author":1,"featured_media":151024,"comment_status":"open","ping_status":"open","sticky":false,"template":"","format":"standard","meta":{"footnotes":""},"categories":[3],"tags":[7139,398,1542,357,3003,16538,16445,48755,44464,240,2116,48756,48754,29207,48753,11144,706],"class_list":["post-151023","post","type-post","status-publish","format-standard","has-post-thumbnail","hentry","category-turkiye","tag-almaya","tag-basladi","tag-batan","tag-cikti","tag-dedi","tag-donun","tag-gemi","tag-gemidekiler","tag-gemiden","tag-geri","tag-girnede","tag-gorevlilere","tag-koltuklar","tag-kurtulan","tag-savrulmaya","tag-yerlerinden","tag-yolcu"],"_links":{"self":[{"href":"https:\/\/www.kibrishost.com\/tak\/wp-json\/wp\/v2\/posts\/151023"}],"collection":[{"href":"https:\/\/www.kibrishost.com\/tak\/wp-json\/wp\/v2\/posts"}],"about":[{"href":"https:\/\/www.kibrishost.com\/tak\/wp-json\/wp\/v2\/types\/post"}],"author":[{"embeddable":true,"href":"https:\/\/www.kibrishost.com\/tak\/wp-json\/wp\/v2\/users\/1"}],"replies":[{"embeddable":true,"href":"https:\/\/www.kibrishost.com\/tak\/wp-json\/wp\/v2\/comments?post=151023"}],"version-history":[{"count":1,"href":"https:\/\/www.kibrishost.com\/tak\/wp-json\/wp\/v2\/posts\/151023\/revisions"}],"predecessor-version":[{"id":151026,"href":"https:\/\/www.kibrishost.com\/tak\/wp-json\/wp\/v2\/posts\/151023\/revisions\/151026"}],"wp:featuredmedia":[{"embeddable":true,"href":"https:\/\/www.kibrishost.com\/tak\/wp-json\/wp\/v2\/media\/151024"}],"wp:attachment":[{"href":"https:\/\/www.kibrishost.com\/tak\/wp-json\/wp\/v2\/media?parent=151023"}],"wp:term":[{"taxonomy":"category","embeddable":true,"href":"https:\/\/www.kibrishost.com\/tak\/wp-json\/wp\/v2\/categories?post=151023"},{"taxonomy":"post_tag","embeddable":true,"href":"https:\/\/www.kibrishost.com\/tak\/wp-json\/wp\/v2\/tags?post=151023"}],"curies":[{"name":"wp","href":"https:\/\/api.w.org\/{rel}","templated":true}]}}