{"id":151009,"date":"2026-09-03T15:40:26","date_gmt":"2026-09-03T12:40:26","guid":{"rendered":"https:\/\/www.kibrishost.com\/tak\/toplumsal-ozgurluk-partisi-bagimsizlik-yolunu-ziyaret-etti\/"},"modified":"2026-09-03T15:40:26","modified_gmt":"2026-09-03T12:40:26","slug":"toplumsal-ozgurluk-partisi-bagimsizlik-yolunu-ziyaret-etti","status":"publish","type":"post","link":"https:\/\/www.kibrishost.com\/tak\/toplumsal-ozgurluk-partisi-bagimsizlik-yolunu-ziyaret-etti\/","title":{"rendered":"Toplumsal \u00d6zg\u00fcrl\u00fck Partisi, Ba\u011f\u0131ms\u0131zl\u0131k Yolu\u2019nu ziyaret etti"},"content":{"rendered":"<p>T\u00fcrkiye\u2019de faaliyet g\u00f6steren Toplumsal \u00d6zg\u00fcrl\u00fck Partisi, Ba\u011f\u0131ms\u0131zl\u0131k Yolu\u2019nu ziyaret etti.<\/p>\n<p>Ba\u011f\u0131ms\u0131zl\u0131k Yolu\u2019ndan verilen bilgiye g\u00f6re, Ba\u011f\u0131ms\u0131zl\u0131k Yolu Parti Merkezi\u2019nde ger\u00e7ekle\u015fen heyetler aras\u0131 g\u00f6r\u00fc\u015fmede, Ba\u011f\u0131ms\u0131zl\u0131k Yolu Genel Sekreteri Cansu N. Nazl\u0131\u2019ya, D\u0131\u015f \u0130li\u015fkiler Sekreteri Umut Ersoy e\u015flik ederken, Toplumsal \u00d6zg\u00fcrl\u00fck Partisi heyetinde Merkez Koordinasyon \u00dcyesi \u015eilan S\u00fcrmeli ve Parti Meclisi \u00dcyesi Sezen Ezer yer ald\u0131.<\/p>\n<p>G\u00f6r\u00fc\u015fmede, iki partinin m\u00fccadele deneyimleri ve siyasal perspektifleri ele al\u0131nd\u0131. <\/p>\n<p>\u00a0<\/p><\/p>\n","protected":false},"excerpt":{"rendered":"<p>T\u00fcrkiye\u2019de faaliyet g\u00f6steren Toplumsal \u00d6zg\u00fcrl\u00fck Partisi, Ba\u011f\u0131ms\u0131zl\u0131k Yolu\u2019nu ziyaret etti. Ba\u011f\u0131ms\u0131zl\u0131k Yolu\u2019ndan verilen bilgiye g\u00f6re, Ba\u011f\u0131ms\u0131zl\u0131k Yolu Parti Merkezi\u2019nde ger\u00e7ekle\u015fen heyetler aras\u0131 g\u00f6r\u00fc\u015fmede, Ba\u011f\u0131ms\u0131zl\u0131k Yolu Genel Sekreteri Cansu N. Nazl\u0131\u2019ya, D\u0131\u015f \u0130li\u015fkiler Sekreteri Umut Ersoy e\u015flik ederken, Toplumsal \u00d6zg\u00fcrl\u00fck Partisi heyetinde Merkez Koordinasyon \u00dcyesi \u015eilan S\u00fcrmeli ve Parti Meclisi \u00dcyesi Sezen Ezer yer ald\u0131. G\u00f6r\u00fc\u015fmede, &hellip;<\/p>\n","protected":false},"author":1,"featured_media":151010,"comment_status":"open","ping_status":"open","sticky":false,"template":"","format":"standard","meta":{"footnotes":""},"categories":[2],"tags":[595,290,163,1710,4373,15737,971],"class_list":["post-151009","post","type-post","status-publish","format-standard","has-post-thumbnail","hentry","category-kibris","tag-bagimsizlik","tag-etti","tag-ozgurluk","tag-partisi","tag-toplumsal","tag-yolunu","tag-ziyaret"],"_links":{"self":[{"href":"https:\/\/www.kibrishost.com\/tak\/wp-json\/wp\/v2\/posts\/151009"}],"collection":[{"href":"https:\/\/www.kibrishost.com\/tak\/wp-json\/wp\/v2\/posts"}],"about":[{"href":"https:\/\/www.kibrishost.com\/tak\/wp-json\/wp\/v2\/types\/post"}],"author":[{"embeddable":true,"href":"https:\/\/www.kibrishost.com\/tak\/wp-json\/wp\/v2\/users\/1"}],"replies":[{"embeddable":true,"href":"https:\/\/www.kibrishost.com\/tak\/wp-json\/wp\/v2\/comments?post=151009"}],"version-history":[{"count":0,"href":"https:\/\/www.kibrishost.com\/tak\/wp-json\/wp\/v2\/posts\/151009\/revisions"}],"wp:featuredmedia":[{"embeddable":true,"href":"https:\/\/www.kibrishost.com\/tak\/wp-json\/wp\/v2\/media\/151010"}],"wp:attachment":[{"href":"https:\/\/www.kibrishost.com\/tak\/wp-json\/wp\/v2\/media?parent=151009"}],"wp:term":[{"taxonomy":"category","embeddable":true,"href":"https:\/\/www.kibrishost.com\/tak\/wp-json\/wp\/v2\/categories?post=151009"},{"taxonomy":"post_tag","embeddable":true,"href":"https:\/\/www.kibrishost.com\/tak\/wp-json\/wp\/v2\/tags?post=151009"}],"curies":[{"name":"wp","href":"https:\/\/api.w.org\/{rel}","templated":true}]}}