{"id":151007,"date":"2026-09-03T15:40:21","date_gmt":"2026-09-03T12:40:21","guid":{"rendered":"https:\/\/www.kibrishost.com\/tak\/turkiye-cumhurbaskani-yardimcisi-cevdet-yilmaz-taziye-ziyareti-icin-kktcde\/"},"modified":"2026-09-03T15:40:21","modified_gmt":"2026-09-03T12:40:21","slug":"turkiye-cumhurbaskani-yardimcisi-cevdet-yilmaz-taziye-ziyareti-icin-kktcde","status":"publish","type":"post","link":"https:\/\/www.kibrishost.com\/tak\/turkiye-cumhurbaskani-yardimcisi-cevdet-yilmaz-taziye-ziyareti-icin-kktcde\/","title":{"rendered":"T\u00fcrkiye Cumhurba\u015fkan\u0131 Yard\u0131mc\u0131s\u0131 Cevdet Y\u0131lmaz, taziye ziyareti i\u00e7in KKTC&#8217;de"},"content":{"rendered":"<p>T\u00fcrkiye Cumhurba\u015fkan\u0131 Yard\u0131mc\u0131s\u0131 Cevdet Y\u0131lmaz, ya\u015fanan gemi kazas\u0131 sebebiyle Kuzey K\u0131br\u0131s T\u00fcrk Cumhuriyeti\u2019ne (KKTC) taziye ziyaretinde bulunuyor.<\/p>\n<p>Cevdet Y\u0131lmaz\u2019\u0131 Ercan Havaliman\u0131\u2019nda\u00a0Ba\u015fbakan \u00dcnal \u00dcstel\u00a0kar\u015f\u0131lad\u0131.<\/p>\n<p>Cevdet Y\u0131lmaz, bug\u00fcn kay\u0131plar\u0131n yak\u0131nlar\u0131yla g\u00f6r\u00fc\u015fecek ve Cumhurba\u015fkan\u0131 Tufan Erh\u00fcrman&#8217;a taziye ziyaretinde bulunacak.<\/p>\n<p>T\u00fcrkiye Cumhurba\u015fkan\u0131 Yard\u0131mc\u0131s\u0131 Cevdet Y\u0131lmaz\u2019\u0131n, adadan ayr\u0131l\u0131rken saat 18.30 s\u0131ralar\u0131nda Ercan Havaliman\u0131\u2019nda Ba\u015fbakan \u00dcnal \u00dcstel ile ortak bas\u0131n a\u00e7\u0131klamas\u0131 yapmas\u0131 bekleniyor.<\/p><\/p>\n","protected":false},"excerpt":{"rendered":"<p>T\u00fcrkiye Cumhurba\u015fkan\u0131 Yard\u0131mc\u0131s\u0131 Cevdet Y\u0131lmaz, ya\u015fanan gemi kazas\u0131 sebebiyle Kuzey K\u0131br\u0131s T\u00fcrk Cumhuriyeti\u2019ne (KKTC) taziye ziyaretinde bulunuyor. Cevdet Y\u0131lmaz\u2019\u0131 Ercan Havaliman\u0131\u2019nda\u00a0Ba\u015fbakan \u00dcnal \u00dcstel\u00a0kar\u015f\u0131lad\u0131. Cevdet Y\u0131lmaz, bug\u00fcn kay\u0131plar\u0131n yak\u0131nlar\u0131yla g\u00f6r\u00fc\u015fecek ve Cumhurba\u015fkan\u0131 Tufan Erh\u00fcrman&#8217;a taziye ziyaretinde bulunacak. T\u00fcrkiye Cumhurba\u015fkan\u0131 Yard\u0131mc\u0131s\u0131 Cevdet Y\u0131lmaz\u2019\u0131n, adadan ayr\u0131l\u0131rken saat 18.30 s\u0131ralar\u0131nda Ercan Havaliman\u0131\u2019nda Ba\u015fbakan \u00dcnal \u00dcstel ile ortak bas\u0131n a\u00e7\u0131klamas\u0131 &hellip;<\/p>\n","protected":false},"author":1,"featured_media":151008,"comment_status":"open","ping_status":"open","sticky":false,"template":"","format":"standard","meta":{"footnotes":""},"categories":[2],"tags":[1645,183,116,3078,3700,6,184,185,2556],"class_list":["post-151007","post","type-post","status-publish","format-standard","has-post-thumbnail","hentry","category-kibris","tag-cevdet","tag-cumhurbaskani","tag-icin","tag-kktcde","tag-taziye","tag-turkiye","tag-yardimcisi","tag-yilmaz","tag-ziyareti"],"_links":{"self":[{"href":"https:\/\/www.kibrishost.com\/tak\/wp-json\/wp\/v2\/posts\/151007"}],"collection":[{"href":"https:\/\/www.kibrishost.com\/tak\/wp-json\/wp\/v2\/posts"}],"about":[{"href":"https:\/\/www.kibrishost.com\/tak\/wp-json\/wp\/v2\/types\/post"}],"author":[{"embeddable":true,"href":"https:\/\/www.kibrishost.com\/tak\/wp-json\/wp\/v2\/users\/1"}],"replies":[{"embeddable":true,"href":"https:\/\/www.kibrishost.com\/tak\/wp-json\/wp\/v2\/comments?post=151007"}],"version-history":[{"count":0,"href":"https:\/\/www.kibrishost.com\/tak\/wp-json\/wp\/v2\/posts\/151007\/revisions"}],"wp:featuredmedia":[{"embeddable":true,"href":"https:\/\/www.kibrishost.com\/tak\/wp-json\/wp\/v2\/media\/151008"}],"wp:attachment":[{"href":"https:\/\/www.kibrishost.com\/tak\/wp-json\/wp\/v2\/media?parent=151007"}],"wp:term":[{"taxonomy":"category","embeddable":true,"href":"https:\/\/www.kibrishost.com\/tak\/wp-json\/wp\/v2\/categories?post=151007"},{"taxonomy":"post_tag","embeddable":true,"href":"https:\/\/www.kibrishost.com\/tak\/wp-json\/wp\/v2\/tags?post=151007"}],"curies":[{"name":"wp","href":"https:\/\/api.w.org\/{rel}","templated":true}]}}