{"id":151005,"date":"2026-09-03T15:20:35","date_gmt":"2026-09-03T12:20:35","guid":{"rendered":"https:\/\/www.kibrishost.com\/tak\/tc-msbden-sdg-mensubu-yabanci-unsurlarin-turkiyeye-gelecegi-yonundeki-iddialara-yanit\/"},"modified":"2026-09-03T15:20:35","modified_gmt":"2026-09-03T12:20:35","slug":"tc-msbden-sdg-mensubu-yabanci-unsurlarin-turkiyeye-gelecegi-yonundeki-iddialara-yanit","status":"publish","type":"post","link":"https:\/\/www.kibrishost.com\/tak\/tc-msbden-sdg-mensubu-yabanci-unsurlarin-turkiyeye-gelecegi-yonundeki-iddialara-yanit\/","title":{"rendered":"TC MSB\u2019den SDG mensubu yabanc\u0131 unsurlar\u0131n T\u00fcrkiye&#8217;ye gelece\u011fi y\u00f6n\u00fcndeki iddialara yan\u0131t"},"content":{"rendered":"<p>T\u00fcrkiye Milli Savunma Bakanl\u0131\u011f\u0131 (MSB), SDG mensubu yabanc\u0131 unsurlar\u0131n Suriye&#8217;den ayr\u0131laca\u011f\u0131 ve bir k\u0131sm\u0131n\u0131n T\u00fcrkiye&#8217;ye gelece\u011fi y\u00f6n\u00fcndeki iddialar\u0131n ger\u00e7e\u011fi yans\u0131tmad\u0131\u011f\u0131n\u0131 bildirdi.<\/p>\n<p>\u00d6zdemir Bayraktar Milli Teknoloji Merkezi&#8217;nde d\u00fczenlenen haftal\u0131k bas\u0131n bilgilendirme toplant\u0131s\u0131n\u0131n ard\u0131ndan Bakanl\u0131k taraf\u0131ndan bas\u0131n mensuplar\u0131n\u0131n sorular\u0131na ili\u015fkin a\u00e7\u0131klama yap\u0131ld\u0131.<\/p>\n<p>T\u00fcrkiye Milli Savunma Bakanl\u0131\u011f\u0131 taraf\u0131ndan Hava Kuvvetleri Komutanl\u0131\u011f\u0131n\u0131n harekat ihtiyac\u0131n\u0131n kar\u015f\u0131lanmas\u0131 amac\u0131yla Birle\u015fik Krall\u0131k ile imzalanan Eurofighter Typhoon u\u00e7a\u011f\u0131 tedariki kapsam\u0131nda a\u011fustos ay\u0131nda pilotlar\u0131n e\u011fitimlerine ba\u015fland\u0131\u011f\u0131 belirtilerek, &#8220;Terminoloji e\u011fitimlerini tamamlayan pilotlar\u0131m\u0131z\u0131n u\u00e7u\u015f e\u011fitimlerine 7 Eyl\u00fcl 2026 tarihinde ba\u015flamas\u0131 planlanmaktad\u0131r. Pilotlar\u0131m\u0131z, 8 ay s\u00fcrecek u\u00e7u\u015f e\u011fitiminin ard\u0131ndan 3 ayl\u0131k \u00d6\u011fretmen Pilot E\u011fitimi de alacakt\u0131r. Bahse konu e\u011fitimlere pilotlar\u0131m\u0131z d\u00f6nemler halinde g\u00f6nderilmeye devam edecektir.&#8221; bilgisi verildi.<\/p>\n<p>Somali&#8217;de ka\u00e7\u0131r\u0131lan gemiye ili\u015fkin sorular \u00fczerine Bakanl\u0131k taraf\u0131ndan yap\u0131lan a\u00e7\u0131klamada, &#8220;Somali Federal Cumhuriyeti kara sular\u0131nda ger\u00e7ekle\u015fen deniz haydutlu\u011fu olay\u0131na ili\u015fkin olarak D\u0131\u015fi\u015fleri Bakanl\u0131\u011f\u0131m\u0131z ile e\u015f g\u00fcd\u00fcm i\u00e7erisinde iki \u00fclke aras\u0131nda imzalanan anla\u015fmalar \u00e7er\u00e7evesinde Somali makamlar\u0131na gerekli destek sa\u011flanm\u0131\u015ft\u0131r. Somali makamlar\u0131nca ger\u00e7ekle\u015ftirilen operasyon neticesinde deniz haydutlar\u0131n\u0131n gemiyi terk etmesi sa\u011flanm\u0131\u015f ve s\u00f6z konusu gemi kurtar\u0131lm\u0131\u015ft\u0131r.&#8221; ifadeleri kullan\u0131ld\u0131.<\/p>\n<p>Bakanl\u0131k taraf\u0131ndan Mekke Savunma \u0130ttifak\u0131&#8217;n\u0131n kapsam\u0131 ve yap\u0131s\u0131na ili\u015fkin sorular \u00fczerine verilen yan\u0131tta \u015funlar kaydedildi:<\/p>\n<p>&#8220;Mekke Savunma \u0130ttifak\u0131 kapsam\u0131nda T\u00fcrkiye, Pakistan ve Suudi Arabistan&#8217;\u0131n Savunma ve D\u0131\u015fi\u015fleri Bakanlar\u0131 ile Genelkurmay Ba\u015fkanlar\u0131, 31 A\u011fustos 2026 tarihinde \u0130stanbul&#8217;da bir araya gelmi\u015ftir. Toplant\u0131da, ittifak kapsam\u0131ndaki i\u015fbirli\u011finin daha kurumsal bir yap\u0131ya kavu\u015fturulmas\u0131 amac\u0131yla at\u0131lacak ad\u0131mlar ele al\u0131nm\u0131\u015f, ittifak\u0131n Sekretaryas\u0131&#8217;n\u0131 y\u00fcr\u00fctmek \u00fczere Suudi Arabistan&#8217;da bir Genel Sekreter ba\u015fkanl\u0131\u011f\u0131nda Sekretarya kurulmas\u0131 kararla\u015ft\u0131r\u0131lm\u0131\u015ft\u0131r. \u00dc\u00e7 \u00fclke aras\u0131nda d\u00f6n\u00fc\u015f\u00fcml\u00fc olarak y\u00fcr\u00fct\u00fclecek Genel Sekreterlik g\u00f6revini ilk olarak, \u00fc\u00e7 y\u0131l s\u00fcreyle Pakistan \u0130slam Cumhuriyeti&#8217;nden bir Genel Sekreter \u00fcstlenecektir. Askeri alanda m\u00fc\u015fterek planlama, e\u011fitim ve tatbikat faaliyetleri ile birlikte \u00e7al\u0131\u015fabilirli\u011fin art\u0131r\u0131lmas\u0131; savunma sanayi alan\u0131nda ise ortak \u00fcretim, teknoloji geli\u015ftirme ve tecr\u00fcbe payla\u015f\u0131m\u0131n\u0131n g\u00fc\u00e7lendirilmesi hedeflenmektedir. S\u00f6z konusu mekanizmalar\u0131n ittifak\u0131n savunma kapasitesi ve cayd\u0131r\u0131c\u0131l\u0131\u011f\u0131n\u0131 g\u00fc\u00e7lendirmenin yan\u0131 s\u0131ra b\u00f6lgesel bar\u0131\u015f ve istikrara da katk\u0131 sa\u011flayaca\u011f\u0131 de\u011ferlendirilmektedir.&#8221;<\/p>\n<p>Suriye&#8217;deki son duruma ili\u015fkin sorular \u00fczerine yap\u0131lan a\u00e7\u0131klamada, &#8220;Suriye&#8217;nin toprak b\u00fct\u00fcnl\u00fc\u011f\u00fcn\u00fcn korunmas\u0131 ve tek devlet, tek ordu anlay\u0131\u015f\u0131n\u0131n g\u00fc\u00e7lendirilmesi kapsam\u0131nda y\u00fcr\u00fct\u00fclen fesih s\u00fcreci taraf\u0131m\u0131zdan titizlikle takip edilmektedir. Bu kapsamda SDG mensubu yabanc\u0131 unsurlar\u0131n Suriye&#8217;den ayr\u0131laca\u011f\u0131 ve bir k\u0131sm\u0131n\u0131n T\u00fcrkiye&#8217;ye gelece\u011fi y\u00f6n\u00fcndeki iddialar ger\u00e7e\u011fi yans\u0131tmamaktad\u0131r. Konuya ili\u015fkin resmi a\u00e7\u0131klamalar\u0131m\u0131z d\u0131\u015f\u0131nda yer alan haber ve yorumlara itibar edilmemesi \u00f6nem arz etmektedir.&#8221; denildi.<\/p><\/p>\n","protected":false},"excerpt":{"rendered":"<p>T\u00fcrkiye Milli Savunma Bakanl\u0131\u011f\u0131 (MSB), SDG mensubu yabanc\u0131 unsurlar\u0131n Suriye&#8217;den ayr\u0131laca\u011f\u0131 ve bir k\u0131sm\u0131n\u0131n T\u00fcrkiye&#8217;ye gelece\u011fi y\u00f6n\u00fcndeki iddialar\u0131n ger\u00e7e\u011fi yans\u0131tmad\u0131\u011f\u0131n\u0131 bildirdi. \u00d6zdemir Bayraktar Milli Teknoloji Merkezi&#8217;nde d\u00fczenlenen haftal\u0131k bas\u0131n bilgilendirme toplant\u0131s\u0131n\u0131n ard\u0131ndan Bakanl\u0131k taraf\u0131ndan bas\u0131n mensuplar\u0131n\u0131n sorular\u0131na ili\u015fkin a\u00e7\u0131klama yap\u0131ld\u0131. T\u00fcrkiye Milli Savunma Bakanl\u0131\u011f\u0131 taraf\u0131ndan Hava Kuvvetleri Komutanl\u0131\u011f\u0131n\u0131n harekat ihtiyac\u0131n\u0131n kar\u015f\u0131lanmas\u0131 amac\u0131yla Birle\u015fik Krall\u0131k ile &hellip;<\/p>\n","protected":false},"author":1,"featured_media":151006,"comment_status":"open","ping_status":"open","sticky":false,"template":"","format":"standard","meta":{"footnotes":""},"categories":[3],"tags":[1403,14867,6355,5951,8795,6926,10254,3548,4604,3292],"class_list":["post-151005","post","type-post","status-publish","format-standard","has-post-thumbnail","hentry","category-turkiye","tag-gelecegi","tag-iddialara","tag-mensubu","tag-msbden","tag-sdg","tag-turkiyeye","tag-unsurlarin","tag-yabanci","tag-yanit","tag-yonundeki"],"_links":{"self":[{"href":"https:\/\/www.kibrishost.com\/tak\/wp-json\/wp\/v2\/posts\/151005"}],"collection":[{"href":"https:\/\/www.kibrishost.com\/tak\/wp-json\/wp\/v2\/posts"}],"about":[{"href":"https:\/\/www.kibrishost.com\/tak\/wp-json\/wp\/v2\/types\/post"}],"author":[{"embeddable":true,"href":"https:\/\/www.kibrishost.com\/tak\/wp-json\/wp\/v2\/users\/1"}],"replies":[{"embeddable":true,"href":"https:\/\/www.kibrishost.com\/tak\/wp-json\/wp\/v2\/comments?post=151005"}],"version-history":[{"count":0,"href":"https:\/\/www.kibrishost.com\/tak\/wp-json\/wp\/v2\/posts\/151005\/revisions"}],"wp:featuredmedia":[{"embeddable":true,"href":"https:\/\/www.kibrishost.com\/tak\/wp-json\/wp\/v2\/media\/151006"}],"wp:attachment":[{"href":"https:\/\/www.kibrishost.com\/tak\/wp-json\/wp\/v2\/media?parent=151005"}],"wp:term":[{"taxonomy":"category","embeddable":true,"href":"https:\/\/www.kibrishost.com\/tak\/wp-json\/wp\/v2\/categories?post=151005"},{"taxonomy":"post_tag","embeddable":true,"href":"https:\/\/www.kibrishost.com\/tak\/wp-json\/wp\/v2\/tags?post=151005"}],"curies":[{"name":"wp","href":"https:\/\/api.w.org\/{rel}","templated":true}]}}