{"id":151003,"date":"2026-09-03T15:20:21","date_gmt":"2026-09-03T12:20:21","guid":{"rendered":"https:\/\/www.kibrishost.com\/tak\/ktso-uyesi-dort-firma-ve-uc-kadin-kooperatifi-izmirde-fuara-katilacak\/"},"modified":"2026-09-03T15:20:21","modified_gmt":"2026-09-03T12:20:21","slug":"ktso-uyesi-dort-firma-ve-uc-kadin-kooperatifi-izmirde-fuara-katilacak","status":"publish","type":"post","link":"https:\/\/www.kibrishost.com\/tak\/ktso-uyesi-dort-firma-ve-uc-kadin-kooperatifi-izmirde-fuara-katilacak\/","title":{"rendered":"KTSO \u00fcyesi d\u00f6rt firma ve \u00fc\u00e7 kad\u0131n kooperatifi, \u0130zmir\u2019de fuara kat\u0131lacak"},"content":{"rendered":"<p>\u00a0 K\u0131br\u0131s T\u00fcrk Sanayi Odas\u0131 (KTSO) ile Ekonomi ve Enerji Bakanl\u0131\u011f\u0131 i\u015f birli\u011finde, oda \u00fcyesi d\u00f6rt sanayici firma ve \u00fc\u00e7 kad\u0131n kooperatifi, 8-10 Eyl\u00fcl tarihleri aras\u0131nda \u0130zmir\u2019de d\u00fczenlenecek Interfresh Eurasia 2026 Fuar\u0131\u2019na kat\u0131lacak<\/p>\n<p>Oda\u2019n\u0131n a\u00e7\u0131klamas\u0131na g\u00f6re KKTC\u2019nin \u00fcretim kapasitesinin ve ihra\u00e7 \u00fcr\u00fcnlerinin uluslararas\u0131 pazarlarda tan\u0131t\u0131lmas\u0131, yeni ihracat ba\u011flant\u0131lar\u0131n\u0131n kurulmas\u0131 ve yerli firmalar\u0131n yeni pazarlara eri\u015fiminin desteklenmesi amac\u0131yla Interfresh Eurasia 2026 Fuar\u0131\u2019na ortak kat\u0131l\u0131m ger\u00e7ekle\u015ftirilecek.<\/p>\n<p>Meyve, sebze ve g\u0131da sekt\u00f6rlerinin yan\u0131 s\u0131ra g\u0131da teknolojileri, ambalaj, tar\u0131m teknolojileri, depolama ve lojistik alanlar\u0131n\u0131 da kapsayan Interfresh Eurasia 2026, \u0130zmir Fuar Alan\u0131\u2019nda farkl\u0131 \u00fclkelerden sekt\u00f6r temsilcileri, ithalat\u00e7\u0131lar, distrib\u00fct\u00f6rler ve potansiyel i\u015f ortaklar\u0131n\u0131 bir araya getirecek.<\/p>\n<p>-Yedi kat\u0131l\u0131mc\u0131 K\u0131br\u0131s T\u00fcrk \u00fcretimini tan\u0131tacak<\/p>\n<p>Ortak organizasyon kapsam\u0131nda d\u00f6rt KTSO \u00fcyesi firma ile \u00fc\u00e7 kad\u0131n kooperatifi, fuarda \u00fcr\u00fcnlerini sergileyerek uluslararas\u0131 sekt\u00f6r temsilcileriyle do\u011frudan temas kurma ve yeni i\u015f ba\u011flant\u0131lar\u0131 olu\u015fturma f\u0131rsat\u0131 yakalayacak.<\/p>\n<p>Fuarda yer alacak kat\u0131l\u0131mc\u0131lar \u015f\u00f6yle: &#8220;Kalyoncu D\u0131\u015f Ticaret \u015eti. Ltd., Nursa\u00e7 \u0130thalat \u0130hracat Limited, Dilekler Group, K\u0131br\u0131s Meyve Sebze \u0130\u015fletmecilik Ltd. (Cypfruvex), Ada Kad\u0131n\u0131 Kalk\u0131nma Kooperatifi Ltd., Giri\u015fimci Kad\u0131nlar Kalk\u0131nma Kooperatifi, K\u0131rsal Kalk\u0131nma Kad\u0131n Kooperatifi Ltd. Tatl\u0131su Kad\u0131n Kooperatifi (TAT-KA KOOP)&#8221;.<\/p>\n<p>Kat\u0131l\u0131mc\u0131 firmalar ve kooperatiflerin, \u00fcr\u00fcnlerini uluslararas\u0131 al\u0131c\u0131larla bulu\u015ftururken, yeni ihracat pazarlar\u0131 ve ticari i\u015f birlikleri geli\u015ftirme imk\u00e2n\u0131 da elde edece\u011fi kaydedildi.<\/p>\n<\/p>\n<p>\u00a0<\/p><\/p>\n","protected":false},"excerpt":{"rendered":"<p>\u00a0 K\u0131br\u0131s T\u00fcrk Sanayi Odas\u0131 (KTSO) ile Ekonomi ve Enerji Bakanl\u0131\u011f\u0131 i\u015f birli\u011finde, oda \u00fcyesi d\u00f6rt sanayici firma ve \u00fc\u00e7 kad\u0131n kooperatifi, 8-10 Eyl\u00fcl tarihleri aras\u0131nda \u0130zmir\u2019de d\u00fczenlenecek Interfresh Eurasia 2026 Fuar\u0131\u2019na kat\u0131lacak Oda\u2019n\u0131n a\u00e7\u0131klamas\u0131na g\u00f6re KKTC\u2019nin \u00fcretim kapasitesinin ve ihra\u00e7 \u00fcr\u00fcnlerinin uluslararas\u0131 pazarlarda tan\u0131t\u0131lmas\u0131, yeni ihracat ba\u011flant\u0131lar\u0131n\u0131n kurulmas\u0131 ve yerli firmalar\u0131n yeni pazarlara eri\u015fiminin &hellip;<\/p>\n","protected":false},"author":1,"featured_media":151004,"comment_status":"open","ping_status":"open","sticky":false,"template":"","format":"standard","meta":{"footnotes":""},"categories":[2],"tags":[2559,5597,20494,2735,543,775,9429,2297,846,319],"class_list":["post-151003","post","type-post","status-publish","format-standard","has-post-thumbnail","hentry","category-kibris","tag-dort","tag-firma","tag-fuara","tag-izmirde","tag-kadin","tag-katilacak","tag-kooperatifi","tag-ktso","tag-uc","tag-uyesi"],"_links":{"self":[{"href":"https:\/\/www.kibrishost.com\/tak\/wp-json\/wp\/v2\/posts\/151003"}],"collection":[{"href":"https:\/\/www.kibrishost.com\/tak\/wp-json\/wp\/v2\/posts"}],"about":[{"href":"https:\/\/www.kibrishost.com\/tak\/wp-json\/wp\/v2\/types\/post"}],"author":[{"embeddable":true,"href":"https:\/\/www.kibrishost.com\/tak\/wp-json\/wp\/v2\/users\/1"}],"replies":[{"embeddable":true,"href":"https:\/\/www.kibrishost.com\/tak\/wp-json\/wp\/v2\/comments?post=151003"}],"version-history":[{"count":0,"href":"https:\/\/www.kibrishost.com\/tak\/wp-json\/wp\/v2\/posts\/151003\/revisions"}],"wp:featuredmedia":[{"embeddable":true,"href":"https:\/\/www.kibrishost.com\/tak\/wp-json\/wp\/v2\/media\/151004"}],"wp:attachment":[{"href":"https:\/\/www.kibrishost.com\/tak\/wp-json\/wp\/v2\/media?parent=151003"}],"wp:term":[{"taxonomy":"category","embeddable":true,"href":"https:\/\/www.kibrishost.com\/tak\/wp-json\/wp\/v2\/categories?post=151003"},{"taxonomy":"post_tag","embeddable":true,"href":"https:\/\/www.kibrishost.com\/tak\/wp-json\/wp\/v2\/tags?post=151003"}],"curies":[{"name":"wp","href":"https:\/\/api.w.org\/{rel}","templated":true}]}}