{"id":150999,"date":"2026-09-03T15:10:29","date_gmt":"2026-09-03T12:10:29","guid":{"rendered":"https:\/\/www.kibrishost.com\/tak\/adana-kebabi-ve-salgam-festivali-iptal-edildi\/"},"modified":"2026-09-03T15:10:29","modified_gmt":"2026-09-03T12:10:29","slug":"adana-kebabi-ve-salgam-festivali-iptal-edildi","status":"publish","type":"post","link":"https:\/\/www.kibrishost.com\/tak\/adana-kebabi-ve-salgam-festivali-iptal-edildi\/","title":{"rendered":"Adana Kebab\u0131 ve \u015ealgam Festivali iptal edildi"},"content":{"rendered":"<p>KKTC Adanal\u0131lar Dayan\u0131\u015fma, Aktivite ve K\u00fclt\u00fcr Derne\u011fi Ba\u015fkan\u0131 Mehmet Akta\u015f, Ekim ay\u0131nda yap\u0131lmas\u0131 planlanan 3. Adana Kebab\u0131 ve \u015ealgam Festivali\u2019nin ya\u015fanan gemi facias\u0131 nedeniyle iptal edildi\u011fini duyurdu.<\/p>\n<p>KKTC Adanal\u0131lar Dayan\u0131\u015fma, Aktivite ve K\u00fclt\u00fcr Derne\u011fi Ba\u015fkan\u0131 Mehmet Akta\u015f, festivalin \u00fcyelerinin g\u00f6r\u00fc\u015fleri ve Y\u00f6netim Kurulu\u2019nun karar\u0131 do\u011frultusunda bu y\u0131l yap\u0131lmayaca\u011f\u0131n\u0131 kaydetti.<\/p>\n<p>\u201cBu zor g\u00fcnlerde e\u011flence ve kutlamalardan ziyade, ya\u015fanan b\u00fcy\u00fck ac\u0131n\u0131n \u00fcz\u00fcnt\u00fcs\u00fcn\u00fc hep birlikte payla\u015fman\u0131n ve hayat\u0131n\u0131 kaybeden vatanda\u015flar\u0131m\u0131z\u0131n an\u0131s\u0131na sayg\u0131 g\u00f6stermenin en do\u011fru karar oldu\u011funa inan\u0131yoruz.\u201d diyen Akta\u015f, kazada hayat\u0131n\u0131 kaybedenlere, Allah\u2019tan rahmet, ac\u0131l\u0131 ailelerine sab\u0131r ve ba\u015fsa\u011fl\u0131\u011f\u0131 diledi.<\/p><\/p>\n","protected":false},"excerpt":{"rendered":"<p>KKTC Adanal\u0131lar Dayan\u0131\u015fma, Aktivite ve K\u00fclt\u00fcr Derne\u011fi Ba\u015fkan\u0131 Mehmet Akta\u015f, Ekim ay\u0131nda yap\u0131lmas\u0131 planlanan 3. Adana Kebab\u0131 ve \u015ealgam Festivali\u2019nin ya\u015fanan gemi facias\u0131 nedeniyle iptal edildi\u011fini duyurdu. KKTC Adanal\u0131lar Dayan\u0131\u015fma, Aktivite ve K\u00fclt\u00fcr Derne\u011fi Ba\u015fkan\u0131 Mehmet Akta\u015f, festivalin \u00fcyelerinin g\u00f6r\u00fc\u015fleri ve Y\u00f6netim Kurulu\u2019nun karar\u0131 do\u011frultusunda bu y\u0131l yap\u0131lmayaca\u011f\u0131n\u0131 kaydetti. \u201cBu zor g\u00fcnlerde e\u011flence ve kutlamalardan &hellip;<\/p>\n","protected":false},"author":1,"featured_media":151000,"comment_status":"open","ping_status":"open","sticky":false,"template":"","format":"standard","meta":{"footnotes":""},"categories":[2],"tags":[11362,405,339,380,4674,11363],"class_list":["post-150999","post","type-post","status-publish","format-standard","has-post-thumbnail","hentry","category-kibris","tag-adana","tag-edildi","tag-festivali","tag-iptal","tag-kebabi","tag-salgam"],"_links":{"self":[{"href":"https:\/\/www.kibrishost.com\/tak\/wp-json\/wp\/v2\/posts\/150999"}],"collection":[{"href":"https:\/\/www.kibrishost.com\/tak\/wp-json\/wp\/v2\/posts"}],"about":[{"href":"https:\/\/www.kibrishost.com\/tak\/wp-json\/wp\/v2\/types\/post"}],"author":[{"embeddable":true,"href":"https:\/\/www.kibrishost.com\/tak\/wp-json\/wp\/v2\/users\/1"}],"replies":[{"embeddable":true,"href":"https:\/\/www.kibrishost.com\/tak\/wp-json\/wp\/v2\/comments?post=150999"}],"version-history":[{"count":0,"href":"https:\/\/www.kibrishost.com\/tak\/wp-json\/wp\/v2\/posts\/150999\/revisions"}],"wp:featuredmedia":[{"embeddable":true,"href":"https:\/\/www.kibrishost.com\/tak\/wp-json\/wp\/v2\/media\/151000"}],"wp:attachment":[{"href":"https:\/\/www.kibrishost.com\/tak\/wp-json\/wp\/v2\/media?parent=150999"}],"wp:term":[{"taxonomy":"category","embeddable":true,"href":"https:\/\/www.kibrishost.com\/tak\/wp-json\/wp\/v2\/categories?post=150999"},{"taxonomy":"post_tag","embeddable":true,"href":"https:\/\/www.kibrishost.com\/tak\/wp-json\/wp\/v2\/tags?post=150999"}],"curies":[{"name":"wp","href":"https:\/\/api.w.org\/{rel}","templated":true}]}}