{"id":150985,"date":"2026-09-03T14:10:12","date_gmt":"2026-09-03T11:10:12","guid":{"rendered":"https:\/\/www.kibrishost.com\/tak\/wmodan-el-nino-raporu-subat-2027ye-kadar-surecek-kaybedecek-zamanimiz-yok\/"},"modified":"2026-09-03T14:10:12","modified_gmt":"2026-09-03T11:10:12","slug":"wmodan-el-nino-raporu-subat-2027ye-kadar-surecek-kaybedecek-zamanimiz-yok","status":"publish","type":"post","link":"https:\/\/www.kibrishost.com\/tak\/wmodan-el-nino-raporu-subat-2027ye-kadar-surecek-kaybedecek-zamanimiz-yok\/","title":{"rendered":"WMO\u2019dan El Nino raporu: \u015eubat 2027&#8217;ye kadar s\u00fcrecek, kaybedecek zaman\u0131m\u0131z yok"},"content":{"rendered":"<p>D\u00fcnya Meteoroloji \u00d6rg\u00fct\u00fc (WMO), s\u0131cakl\u0131\u011fa neden olan El Nino iklim olay\u0131n\u0131n y\u0131l sonuna kadar \u00e7ok g\u00fc\u00e7lenmesinin beklendi\u011fini ve bunun da 2027&#8217;ye kadar a\u015f\u0131r\u0131 hava olaylar\u0131 riskini art\u0131rd\u0131\u011f\u0131n\u0131 bildirdi.<\/p>\n<p>WMO, El Nino iklim olay\u0131na ili\u015fkin yeni bir g\u00fcncelleme raporu yay\u0131mlad\u0131.<\/p>\n<p>El Nino&#8217;nun \u00e7ok etkili bir \u015fekilde yerle\u015fti\u011fi belirtilen raporda, \u015eubat 2027&#8217;ye kadar devam etme olas\u0131l\u0131\u011f\u0131n\u0131n &#8220;y\u00fczde 100 gibi son derece y\u00fcksek&#8221; oldu\u011fu kaydedildi.<\/p>\n<p>Raporda, &#8220;El Nino \u00f6n\u00fcm\u00fczdeki aylarda \u00e7ok g\u00fc\u00e7l\u00fc bir olaya d\u00f6n\u00fc\u015ferek ya\u011f\u0131\u015f ve s\u0131cakl\u0131k modelleri \u00fczerinde b\u00fcy\u00fck etkiler olu\u015fturacak; sel, kurakl\u0131k ve a\u015f\u0131r\u0131 s\u0131cakl\u0131k risklerini art\u0131racak. Tropikal Pasifik&#8217;teki ola\u011fan\u00fcst\u00fc s\u0131cak okyanus ko\u015fullar\u0131yla beslenen El Nino&#8217;nun, \u00f6n\u00fcm\u00fczdeki aylarda daha da g\u00fc\u00e7lenerek y\u0131l sonuna do\u011fru zirveye ula\u015fmas\u0131 ve iklim etkilerinin 2027&#8217;ye kadar devam etmesi bekleniyor.&#8221; de\u011ferlendirmelerine yer verildi.<\/p>\n<p>El Nino&#8217;nun en net hissedildi\u011fi b\u00f6lge olan orta-do\u011fu ekvatoral Pasifik&#8217;teki deniz y\u00fczeyi s\u0131cakl\u0131klar\u0131n\u0131n ortalaman\u0131n olduk\u00e7a \u00fczerinde seyretti\u011fine vurgu yap\u0131lan raporda, bu s\u0131cakl\u0131klar\u0131n y\u00fckselmeye devam etti\u011fine de yer verildi.<\/p>\n<p>Raporda, &#8220;Okyanus y\u00fczeyinin alt\u0131nda daha da ola\u011fan\u00fcst\u00fc s\u0131cakl\u0131k mevcut. Baz\u0131 b\u00f6lgelerde, y\u00fczey alt\u0131 okyanus s\u0131cakl\u0131klar\u0131 temmuz ve a\u011fustos ba\u015flar\u0131nda ortalaman\u0131n 8 derece \u00fczerinde seyretti. Y\u00fczey ve y\u00fczey alt\u0131 okyanus ko\u015fullar\u0131n\u0131n El Nino \u015fartlar\u0131n\u0131n devam edece\u011fine ve \u00f6n\u00fcm\u00fczdeki aylarda daha da g\u00fc\u00e7lenebilece\u011fine dair ciddi bir destek sa\u011flad\u0131\u011f\u0131 belirtiliyor.&#8221; ifadelerine yer verildi.<\/p>\n<p>El Nino&#8217;nun etkilerinin tek ba\u015f\u0131na herhangi bir \u00fclke veya b\u00f6lgede ne kadar \u015fiddetli olaca\u011f\u0131n\u0131 belirleyemeyece\u011fine i\u015faret edilen raporda, bunun etkilerinin konuma ve mevsime g\u00f6re de\u011fi\u015fece\u011fini, Hint ve Atlantik okyanuslar\u0131ndaki ko\u015fullar dahil di\u011fer iklim etkenlerinin de bunda etkili oldu\u011funa dikkat \u00e7ekildi.<\/p>\n<p>&#8211; &#8220;El Nino g\u00f6zlerimizin \u00f6n\u00fcnde devasa boyutlara ula\u015f\u0131yor&#8221;<\/p>\n<p>Raporda g\u00f6r\u00fc\u015flerine yer verilen Birle\u015fmi\u015f Milletler (BM) Genel Sekreteri Antonio Guterres, &#8220;El Nino g\u00f6zlerimizin \u00f6n\u00fcnde devasa boyutlara ula\u015f\u0131yor. Deniz y\u00fczeyi s\u0131cakl\u0131klar\u0131 y\u00fckseliyor, s\u0131cakl\u0131klar y\u00fckselmeye devam ediyor ve d\u00fcnya a\u015f\u0131r\u0131 hava ko\u015fullar\u0131n\u0131n tehlike b\u00f6lgesinde.&#8221; yorumunda bulundu.<\/p>\n<p>\u015eu anda artan riskler ile iklim eylemi yapma ve insanlar\u0131 koruma taahh\u00fctleri aras\u0131nda bir yar\u0131\u015f olmas\u0131 gerekti\u011fine vurgu yapan Guterres, bu yar\u0131\u015f\u0131 kazanmalar\u0131 gerekti\u011fine de i\u015faret etti.<\/p>\n<p>WMO Genel Sekreteri Celeste Saulo ise &#8220;El Nino d\u00fcnya genelindeki topluluklara ve ekonomilere b\u00fcy\u00fck bir darbe vurma potansiyeline sahip. Kurakl\u0131k ve sellerden kaynaklanan aksakl\u0131klar\u0131 ve y\u0131k\u0131m\u0131 zaten g\u00f6r\u00fcyoruz. El Nino yo\u011funla\u015ft\u0131k\u00e7a bu etkilerin artmas\u0131n\u0131 bekliyoruz.&#8221; de\u011ferlendirmesinde bulundu.<\/p>\n<p>El Nino&#8217;nun ola\u011fan\u00fcst\u00fc haz\u0131rl\u0131k ve m\u00fcdahale gerektirdi\u011finin alt\u0131n\u0131 \u00e7izen Saulo, WMO&#8217;nun 50 y\u0131ll\u0131k tarihinde ulusal meteoroloji ve hidroloji servisleri ile bu \u00f6l\u00e7ekte bir seferberlik ba\u015flatmad\u0131\u011f\u0131n\u0131 hat\u0131rlatt\u0131.<\/p>\n<p>Saulo, &#8220;WMO, afet y\u00f6netimi ve tar\u0131m, sa\u011fl\u0131k, enerji ve su kaynaklar\u0131 gibi iklime duyarl\u0131 sekt\u00f6rleri desteklemek i\u00e7in gereken iklim istihbarat\u0131 ve i\u00e7g\u00f6r\u00fclerini sa\u011flamak \u00fczere BM ve insani yard\u0131m sistemi genelindeki ortaklarla yak\u0131n i\u015fbirli\u011fi i\u00e7inde \u00e7al\u0131\u015fmaya kararl\u0131. Kaybedecek zaman\u0131m\u0131z yok.&#8221; ifadelerini de kulland\u0131.<\/p><\/p>\n","protected":false},"excerpt":{"rendered":"<p>D\u00fcnya Meteoroloji \u00d6rg\u00fct\u00fc (WMO), s\u0131cakl\u0131\u011fa neden olan El Nino iklim olay\u0131n\u0131n y\u0131l sonuna kadar \u00e7ok g\u00fc\u00e7lenmesinin beklendi\u011fini ve bunun da 2027&#8217;ye kadar a\u015f\u0131r\u0131 hava olaylar\u0131 riskini art\u0131rd\u0131\u011f\u0131n\u0131 bildirdi. WMO, El Nino iklim olay\u0131na ili\u015fkin yeni bir g\u00fcncelleme raporu yay\u0131mlad\u0131. El Nino&#8217;nun \u00e7ok etkili bir \u015fekilde yerle\u015fti\u011fi belirtilen raporda, \u015eubat 2027&#8217;ye kadar devam etme olas\u0131l\u0131\u011f\u0131n\u0131n &#8220;y\u00fczde &hellip;<\/p>\n","protected":false},"author":1,"featured_media":150986,"comment_status":"open","ping_status":"open","sticky":false,"template":"","format":"standard","meta":{"footnotes":""},"categories":[4],"tags":[18992,478,21888,43572,3281,14185,5283,7838,455,48746],"class_list":["post-150985","post","type-post","status-publish","format-standard","has-post-thumbnail","hentry","category-dunya","tag-2027ye","tag-kadar","tag-kaybedecek","tag-nino","tag-raporu","tag-subat","tag-surecek","tag-wmodan","tag-yok","tag-zamanimiz"],"_links":{"self":[{"href":"https:\/\/www.kibrishost.com\/tak\/wp-json\/wp\/v2\/posts\/150985"}],"collection":[{"href":"https:\/\/www.kibrishost.com\/tak\/wp-json\/wp\/v2\/posts"}],"about":[{"href":"https:\/\/www.kibrishost.com\/tak\/wp-json\/wp\/v2\/types\/post"}],"author":[{"embeddable":true,"href":"https:\/\/www.kibrishost.com\/tak\/wp-json\/wp\/v2\/users\/1"}],"replies":[{"embeddable":true,"href":"https:\/\/www.kibrishost.com\/tak\/wp-json\/wp\/v2\/comments?post=150985"}],"version-history":[{"count":0,"href":"https:\/\/www.kibrishost.com\/tak\/wp-json\/wp\/v2\/posts\/150985\/revisions"}],"wp:featuredmedia":[{"embeddable":true,"href":"https:\/\/www.kibrishost.com\/tak\/wp-json\/wp\/v2\/media\/150986"}],"wp:attachment":[{"href":"https:\/\/www.kibrishost.com\/tak\/wp-json\/wp\/v2\/media?parent=150985"}],"wp:term":[{"taxonomy":"category","embeddable":true,"href":"https:\/\/www.kibrishost.com\/tak\/wp-json\/wp\/v2\/categories?post=150985"},{"taxonomy":"post_tag","embeddable":true,"href":"https:\/\/www.kibrishost.com\/tak\/wp-json\/wp\/v2\/tags?post=150985"}],"curies":[{"name":"wp","href":"https:\/\/api.w.org\/{rel}","templated":true}]}}