{"id":150977,"date":"2026-09-03T13:21:21","date_gmt":"2026-09-03T10:21:21","guid":{"rendered":"https:\/\/www.kibrishost.com\/tak\/turkiye-msbden-girne-aciklarinda-yurutulen-arama-kurtarma-calismalarina-iliskin-aciklama\/"},"modified":"2026-09-03T13:21:21","modified_gmt":"2026-09-03T10:21:21","slug":"turkiye-msbden-girne-aciklarinda-yurutulen-arama-kurtarma-calismalarina-iliskin-aciklama","status":"publish","type":"post","link":"https:\/\/www.kibrishost.com\/tak\/turkiye-msbden-girne-aciklarinda-yurutulen-arama-kurtarma-calismalarina-iliskin-aciklama\/","title":{"rendered":"T\u00fcrkiye MSB\u2019den Girne a\u00e7\u0131klar\u0131nda y\u00fcr\u00fct\u00fclen arama kurtarma \u00e7al\u0131\u015fmalar\u0131na ili\u015fkin a\u00e7\u0131klama"},"content":{"rendered":"<p>T\u00fcrkiye Milli Savunma Bakanl\u0131\u011f\u0131 (MSB) S\u00f6zc\u00fcs\u00fc Tu\u011famiral Zeki Akt\u00fcrk,\u00a0 Girne a\u00e7\u0131klar\u0131nda yolcu gemisinin alabora olmas\u0131 sonucu kaybolan ki\u015fileri arama kurtarma \u00e7al\u0131\u015fmalar\u0131na, Deniz Kuvvetlerine ait TCG I\u015f\u0131n ve TCG Alemdar dahil olmak \u00fczere yedi gemi ve 11 hava arac\u0131 ile destek sa\u011fland\u0131\u011f\u0131n\u0131 belirtti. <\/p>\n<p>T\u00fcrkiye MSB S\u00f6zc\u00fcs\u00fc Tu\u011famiral Zeki Akt\u00fcrk, \u00d6zdemir Bayraktar Milli Teknoloji Merkezi&#8217;nde d\u00fczenlenen haftal\u0131k bas\u0131n bilgilendirme toplant\u0131s\u0131nda konu\u015ftu.<\/p>\n<p>Akt\u00fcrk, 30 A\u011fustos&#8217;ta Girne&#8217;den Mersin&#8217;e seyir halindeyken alabora olan yolcu gemisinde hayat\u0131n\u0131 kaybedenlere Allah&#8217;tan rahmet, ailelerine ve yak\u0131nlar\u0131na ba\u015fsa\u011fl\u0131\u011f\u0131, kurtar\u0131lanlara ise ge\u00e7mi\u015f olsun dileklerini iletti.<\/p>\n<p>Arama kurtarma \u00e7al\u0131\u015fmalar\u0131na ili\u015fkin bilgi veren Akt\u00fcrk, \u015funlar\u0131 s\u00f6yledi:<\/p>\n<p>&#8220;Arama kurtarma \u00e7al\u0131\u015fmalar\u0131na, Deniz Kuvvetlerimize ait TCG I\u015f\u0131n ve TCG Alemdar dahil olmak \u00fczere 7 gemi ve 11 hava arac\u0131 ile halihaz\u0131rda destek sa\u011flanmaktad\u0131r. Yine, 2 Eyl\u00fcl&#8217;de Marmara Denizi Silivri a\u00e7\u0131klar\u0131nda iki ticari geminin \u00e7arp\u0131\u015fmas\u0131 sonucu batan gemi ve m\u00fcrettebat\u0131na y\u00f6nelik arama kurtarma \u00e7al\u0131\u015fmalar\u0131na, Deniz Kuvvetleri Komutanl\u0131\u011f\u0131m\u0131za ba\u011fl\u0131 4 gemi ve 1 \u0130HA ile Hava Kuvvetleri Komutanl\u0131\u011f\u0131m\u0131za ba\u011fl\u0131 1 u\u00e7ak ve 1 arama kurtarma helikopteri taraf\u0131ndan ilgili kurumlarla koordinasyon i\u00e7erisinde destek sa\u011flanmaktad\u0131r.&#8221;<\/p><\/p>\n","protected":false},"excerpt":{"rendered":"<p>T\u00fcrkiye Milli Savunma Bakanl\u0131\u011f\u0131 (MSB) S\u00f6zc\u00fcs\u00fc Tu\u011famiral Zeki Akt\u00fcrk,\u00a0 Girne a\u00e7\u0131klar\u0131nda yolcu gemisinin alabora olmas\u0131 sonucu kaybolan ki\u015fileri arama kurtarma \u00e7al\u0131\u015fmalar\u0131na, Deniz Kuvvetlerine ait TCG I\u015f\u0131n ve TCG Alemdar dahil olmak \u00fczere yedi gemi ve 11 hava arac\u0131 ile destek sa\u011fland\u0131\u011f\u0131n\u0131 belirtti. T\u00fcrkiye MSB S\u00f6zc\u00fcs\u00fc Tu\u011famiral Zeki Akt\u00fcrk, \u00d6zdemir Bayraktar Milli Teknoloji Merkezi&#8217;nde d\u00fczenlenen haftal\u0131k &hellip;<\/p>\n","protected":false},"author":1,"featured_media":150978,"comment_status":"open","ping_status":"open","sticky":false,"template":"","format":"standard","meta":{"footnotes":""},"categories":[3],"tags":[2323,1504,4573,2529,1870,370,4574,5951,6,1067],"class_list":["post-150977","post","type-post","status-publish","format-standard","has-post-thumbnail","hentry","category-turkiye","tag-aciklama","tag-aciklarinda","tag-arama","tag-calismalarina","tag-girne","tag-iliskin","tag-kurtarma","tag-msbden","tag-turkiye","tag-yurutulen"],"_links":{"self":[{"href":"https:\/\/www.kibrishost.com\/tak\/wp-json\/wp\/v2\/posts\/150977"}],"collection":[{"href":"https:\/\/www.kibrishost.com\/tak\/wp-json\/wp\/v2\/posts"}],"about":[{"href":"https:\/\/www.kibrishost.com\/tak\/wp-json\/wp\/v2\/types\/post"}],"author":[{"embeddable":true,"href":"https:\/\/www.kibrishost.com\/tak\/wp-json\/wp\/v2\/users\/1"}],"replies":[{"embeddable":true,"href":"https:\/\/www.kibrishost.com\/tak\/wp-json\/wp\/v2\/comments?post=150977"}],"version-history":[{"count":0,"href":"https:\/\/www.kibrishost.com\/tak\/wp-json\/wp\/v2\/posts\/150977\/revisions"}],"wp:featuredmedia":[{"embeddable":true,"href":"https:\/\/www.kibrishost.com\/tak\/wp-json\/wp\/v2\/media\/150978"}],"wp:attachment":[{"href":"https:\/\/www.kibrishost.com\/tak\/wp-json\/wp\/v2\/media?parent=150977"}],"wp:term":[{"taxonomy":"category","embeddable":true,"href":"https:\/\/www.kibrishost.com\/tak\/wp-json\/wp\/v2\/categories?post=150977"},{"taxonomy":"post_tag","embeddable":true,"href":"https:\/\/www.kibrishost.com\/tak\/wp-json\/wp\/v2\/tags?post=150977"}],"curies":[{"name":"wp","href":"https:\/\/api.w.org\/{rel}","templated":true}]}}