{"id":150970,"date":"2026-09-03T13:20:32","date_gmt":"2026-09-03T10:20:32","guid":{"rendered":"https:\/\/www.kibrishost.com\/tak\/idari-komite-iki-yasa-onerisi-ve-bir-yasa-tasarisini-genel-kurula-sevk-etti\/"},"modified":"2026-09-03T13:21:12","modified_gmt":"2026-09-03T10:21:12","slug":"idari-komite-iki-yasa-onerisi-ve-bir-yasa-tasarisini-genel-kurula-sevk-etti","status":"publish","type":"post","link":"https:\/\/www.kibrishost.com\/tak\/idari-komite-iki-yasa-onerisi-ve-bir-yasa-tasarisini-genel-kurula-sevk-etti\/","title":{"rendered":"\u0130dari Komite, iki yasa \u00f6nerisi ve bir yasa tasar\u0131s\u0131n\u0131 Genel Kurul\u2019a sevk etti"},"content":{"rendered":"<p>Cumhuriyet Meclisi \u0130dari, Kamu ve Sa\u011fl\u0131k \u0130\u015fleri Komitesi bug\u00fcn Ulusal Birlik Partisi (UBP) Milletvekili, Komite Ba\u015fkan\u0131 Sunat Atun ba\u015fkanl\u0131\u011f\u0131nda topland\u0131. Toplant\u0131da, iki yasa \u00f6nerisi ve bir yasa tasar\u0131s\u0131 Genel Kurul\u2019a sevk edildi.<\/p>\n<p>Meclis\u2019ten verilen bilgiye g\u00f6re, Komite g\u00fcndeminde bulunan, \u201cG\u00fcvenlik Kamu G\u00f6revlileri (De\u011fi\u015fiklik) Yasa Tasar\u0131s\u0131\u201d, \u201cKamu G\u00f6revlileri (De\u011fi\u015fiklik) Yasa \u00d6nerisi\u201d ve \u201cKamu \u00c7al\u0131\u015fanlar\u0131n\u0131n Ayl\u0131k (Maa\u015f-\u00dccret) ve Di\u011fer \u00d6deneklerinin D\u00fczenlenmesi (De\u011fi\u015fiklik) Yasa \u00d6nerisi\u201dni s\u0131ras\u0131yla g\u00f6r\u00fc\u015ft\u00fc. <\/p>\n<p>Komite, iki yasa \u00f6nerisi ve bir yasa tasar\u0131s\u0131n\u0131 oy birli\u011fiyle onaylayarak, Genel Kurul\u2019un g\u00fcndemine sevk etti. <\/p>\n<p>UBP Milletvekili Sunat Atun ba\u015fkanl\u0131\u011f\u0131ndaki toplant\u0131ya, Komite \u00dcyesi, UBP milletvekilleri Ahmet Sava\u015fan ve F\u0131rt\u0131na Karanfil kat\u0131ld\u0131. Toplant\u0131da ayr\u0131ca, UBP Milletvekili Resmiye Ero\u011flu Canaltay da yer ald\u0131.<\/p>\n<p>Toplant\u0131ya davetli olarak Maliye Bakanl\u0131\u011f\u0131, G\u00fcvenlik Kuvvetleri Komutanl\u0131\u011f\u0131 ve KAMUSEN\u2019den yetkililer ve temsilciler de kat\u0131larak, konuyla ilgili g\u00f6r\u00fc\u015flerini sundu.<\/p>\n<\/p>\n<p><img decoding=\"async\" width=\"1024\" height=\"683\" src=\"https:\/\/www.kibrishost.com\/tak\/wp-content\/uploads\/2026\/09\/idari-komite-iki-yasa-onerisi-ve-bir-yasa-tasarisini-genel-kurula-sevk-etti-1-1024x683.jpg\" class=\"aligncenter wp-image-150972\" alt=\"\u0130dari Komite, iki yasa \u00f6nerisi ve bir yasa tasar\u0131s\u0131n\u0131 Genel Kurul\u2019a sevk etti\" loading=\"lazy\" srcset=\"https:\/\/www.kibrishost.com\/tak\/wp-content\/uploads\/2026\/09\/idari-komite-iki-yasa-onerisi-ve-bir-yasa-tasarisini-genel-kurula-sevk-etti-1-1024x683.jpg 1024w, https:\/\/www.kibrishost.com\/tak\/wp-content\/uploads\/2026\/09\/idari-komite-iki-yasa-onerisi-ve-bir-yasa-tasarisini-genel-kurula-sevk-etti-1-300x200.jpg 300w, https:\/\/www.kibrishost.com\/tak\/wp-content\/uploads\/2026\/09\/idari-komite-iki-yasa-onerisi-ve-bir-yasa-tasarisini-genel-kurula-sevk-etti-1-768x512.jpg 768w, https:\/\/www.kibrishost.com\/tak\/wp-content\/uploads\/2026\/09\/idari-komite-iki-yasa-onerisi-ve-bir-yasa-tasarisini-genel-kurula-sevk-etti-1-1536x1024.jpg 1536w, https:\/\/www.kibrishost.com\/tak\/wp-content\/uploads\/2026\/09\/idari-komite-iki-yasa-onerisi-ve-bir-yasa-tasarisini-genel-kurula-sevk-etti-1-2048x1365.jpg 2048w\" sizes=\"(max-width: 1024px) 100vw, 1024px\" \/><\/p>\n<p><img decoding=\"async\" width=\"1024\" height=\"683\" src=\"https:\/\/www.kibrishost.com\/tak\/wp-content\/uploads\/2026\/09\/idari-komite-iki-yasa-onerisi-ve-bir-yasa-tasarisini-genel-kurula-sevk-etti-2-1024x683.jpg\" class=\"aligncenter wp-image-150973\" alt=\"\u0130dari Komite, iki yasa \u00f6nerisi ve bir yasa tasar\u0131s\u0131n\u0131 Genel Kurul\u2019a sevk etti\" loading=\"lazy\" srcset=\"https:\/\/www.kibrishost.com\/tak\/wp-content\/uploads\/2026\/09\/idari-komite-iki-yasa-onerisi-ve-bir-yasa-tasarisini-genel-kurula-sevk-etti-2-1024x683.jpg 1024w, https:\/\/www.kibrishost.com\/tak\/wp-content\/uploads\/2026\/09\/idari-komite-iki-yasa-onerisi-ve-bir-yasa-tasarisini-genel-kurula-sevk-etti-2-300x200.jpg 300w, https:\/\/www.kibrishost.com\/tak\/wp-content\/uploads\/2026\/09\/idari-komite-iki-yasa-onerisi-ve-bir-yasa-tasarisini-genel-kurula-sevk-etti-2-768x512.jpg 768w, https:\/\/www.kibrishost.com\/tak\/wp-content\/uploads\/2026\/09\/idari-komite-iki-yasa-onerisi-ve-bir-yasa-tasarisini-genel-kurula-sevk-etti-2-1536x1024.jpg 1536w, https:\/\/www.kibrishost.com\/tak\/wp-content\/uploads\/2026\/09\/idari-komite-iki-yasa-onerisi-ve-bir-yasa-tasarisini-genel-kurula-sevk-etti-2-2048x1365.jpg 2048w\" sizes=\"(max-width: 1024px) 100vw, 1024px\" \/><\/p>\n","protected":false},"excerpt":{"rendered":"<p>Cumhuriyet Meclisi \u0130dari, Kamu ve Sa\u011fl\u0131k \u0130\u015fleri Komitesi bug\u00fcn Ulusal Birlik Partisi (UBP) Milletvekili, Komite Ba\u015fkan\u0131 Sunat Atun ba\u015fkanl\u0131\u011f\u0131nda topland\u0131. Toplant\u0131da, iki yasa \u00f6nerisi ve bir yasa tasar\u0131s\u0131 Genel Kurul\u2019a sevk edildi. Meclis\u2019ten verilen bilgiye g\u00f6re, Komite g\u00fcndeminde bulunan, \u201cG\u00fcvenlik Kamu G\u00f6revlileri (De\u011fi\u015fiklik) Yasa Tasar\u0131s\u0131\u201d, \u201cKamu G\u00f6revlileri (De\u011fi\u015fiklik) Yasa \u00d6nerisi\u201d ve \u201cKamu \u00c7al\u0131\u015fanlar\u0131n\u0131n Ayl\u0131k (Maa\u015f-\u00dccret) &hellip;<\/p>\n","protected":false},"author":1,"featured_media":150971,"comment_status":"open","ping_status":"open","sticky":false,"template":"","format":"standard","meta":{"footnotes":""},"categories":[2],"tags":[64,290,493,5007,77,8703,5657,6113,3160,8705,995],"class_list":["post-150970","post","type-post","status-publish","format-standard","has-post-thumbnail","hentry","category-kibris","tag-bir","tag-etti","tag-genel","tag-idari","tag-iki","tag-komite","tag-kurula","tag-onerisi","tag-sevk","tag-tasarisini","tag-yasa"],"_links":{"self":[{"href":"https:\/\/www.kibrishost.com\/tak\/wp-json\/wp\/v2\/posts\/150970"}],"collection":[{"href":"https:\/\/www.kibrishost.com\/tak\/wp-json\/wp\/v2\/posts"}],"about":[{"href":"https:\/\/www.kibrishost.com\/tak\/wp-json\/wp\/v2\/types\/post"}],"author":[{"embeddable":true,"href":"https:\/\/www.kibrishost.com\/tak\/wp-json\/wp\/v2\/users\/1"}],"replies":[{"embeddable":true,"href":"https:\/\/www.kibrishost.com\/tak\/wp-json\/wp\/v2\/comments?post=150970"}],"version-history":[{"count":1,"href":"https:\/\/www.kibrishost.com\/tak\/wp-json\/wp\/v2\/posts\/150970\/revisions"}],"predecessor-version":[{"id":150974,"href":"https:\/\/www.kibrishost.com\/tak\/wp-json\/wp\/v2\/posts\/150970\/revisions\/150974"}],"wp:featuredmedia":[{"embeddable":true,"href":"https:\/\/www.kibrishost.com\/tak\/wp-json\/wp\/v2\/media\/150971"}],"wp:attachment":[{"href":"https:\/\/www.kibrishost.com\/tak\/wp-json\/wp\/v2\/media?parent=150970"}],"wp:term":[{"taxonomy":"category","embeddable":true,"href":"https:\/\/www.kibrishost.com\/tak\/wp-json\/wp\/v2\/categories?post=150970"},{"taxonomy":"post_tag","embeddable":true,"href":"https:\/\/www.kibrishost.com\/tak\/wp-json\/wp\/v2\/tags?post=150970"}],"curies":[{"name":"wp","href":"https:\/\/api.w.org\/{rel}","templated":true}]}}