{"id":150964,"date":"2026-09-03T13:20:22","date_gmt":"2026-09-03T10:20:22","guid":{"rendered":"https:\/\/www.kibrishost.com\/tak\/girnedeki-gemi-faciasinda-dokuz-zanli-mahkemeye-cikarildi\/"},"modified":"2026-09-03T13:20:32","modified_gmt":"2026-09-03T10:20:32","slug":"girnedeki-gemi-faciasinda-dokuz-zanli-mahkemeye-cikarildi","status":"publish","type":"post","link":"https:\/\/www.kibrishost.com\/tak\/girnedeki-gemi-faciasinda-dokuz-zanli-mahkemeye-cikarildi\/","title":{"rendered":"Girne&#8217;deki gemi facias\u0131nda dokuz zanl\u0131 mahkemeye \u00e7\u0131kar\u0131ld\u0131"},"content":{"rendered":"<p>Girne a\u00e7\u0131klar\u0131nda dokuz ki\u015finin hayat\u0131n\u0131 kaybetti\u011fi ve 19 ki\u015finin kay\u0131p oldu\u011fu gemi kazas\u0131yla ilgili olarak dokuz zanl\u0131, bug\u00fcn yeniden Girne Kaza Mahkemesi\u2019ne \u00e7\u0131kar\u0131ld\u0131.<\/p>\n<p>Zanl\u0131lardan \u015firket direkt\u00f6r\u00fc A.\u00d6., geminin birinci kaptan\u0131 M.\u00d6., ikinci kaptan\u0131 M.N.S. ile birinci makinist Z.\u00d6., ikinci makinist M.G. ve gemi m\u00fcrettebatlar\u0131 S.E., Q.Q., V.H., ve R.\u0130.&#8217;nin aleyhine, \u201ctedbirsizlik ve ihmalkarl\u0131k sonucu \u00f6l\u00fcme sebebiyet verme\u201d su\u00e7lamas\u0131 getirildi.<\/p>\n<p>Mahkeme, zanl\u0131lar aleyhine sekiz g\u00fcn daha tutukluluk emri verdi.<\/p>\n<p>&#8211; Polis olgular\u0131 aktard\u0131<\/p>\n<p>Yarg\u0131\u00e7 Hazal Hac\u0131mulla&#8217;n\u0131n huzurunda g\u00f6r\u00fc\u015f\u00fclen duru\u015fmada M\u00fcfetti\u015f Muavini Mehmet Manna\u015f, olayla ilgili olgular\u0131 aktard\u0131.<\/p>\n<p>Manna\u015f, katamaran cinsi geminin 4 deniz mili a\u00e7\u0131kl\u0131kta sol k\u0131zak u\u00e7 k\u0131sm\u0131ndan k\u0131r\u0131larak sol taraf\u0131 \u00fczerine devrildi\u011fini ve alabora olarak batt\u0131\u011f\u0131n\u0131 s\u00f6yledi. <\/p>\n<p>Manna\u015f, 259 yolcu ile 8 m\u00fcrettebat\u0131n bulundu\u011fu gemiden 239 ki\u015finin canl\u0131 olarak \u00e7\u0131kar\u0131ld\u0131\u011f\u0131n\u0131, 9 ki\u015finin hayat\u0131n kaybetti\u011fini, kay\u0131p 19 ki\u015finin arama-kurtarma \u00e7al\u0131\u015fmalar\u0131n\u0131n devam etti\u011fini dile getirdi. <\/p>\n<p>Meseleyle ilgili zanl\u0131lar\u0131n tutukland\u0131\u011f\u0131n\u0131 ve aleyhlerinde \u00fc\u00e7 g\u00fcn tutukluluk emri temin edildi\u011fini aktaran Manna\u015f, zanl\u0131lar\u0131n genel muayenelerinin de yap\u0131ld\u0131\u011f\u0131n\u0131 dile getirdi.<\/p>\n<p>Zanl\u0131 M.\u00d6\u2019n\u00fcn g\u00f6n\u00fcll\u00fc ifade verdi\u011fini kaydeden Manna\u015f, g\u00f6n\u00fcll\u00fc ifadenin \u201cteyit ve tekzibinin\u201d yap\u0131laca\u011f\u0131n\u0131 s\u00f6yledi.<\/p>\n<p>Manna\u015f, Lefko\u015fa Dr Burhan Nalbanto\u011flu Devlet Hastanesi\u2019nde yap\u0131lan otopside hayat\u0131n\u0131 kaybedenlerin \u201csuda bo\u011fulma sonucu\u201d ya\u015fam\u0131n\u0131 yitirdi\u011finin belirlendi\u011fini kaydetti.<\/p>\n<p>Zanl\u0131lar\u0131n t\u00fcm\u00fcnden uyu\u015fturucu testi i\u00e7in kan ve idrar \u00f6rne\u011fi al\u0131nd\u0131\u011f\u0131n\u0131 dile getiren Manna\u015f, sonu\u00e7lar\u0131n hen\u00fcz gelmedi\u011fini aktard\u0131.<\/p>\n<p>Zanl\u0131 M.N.S\u2019nin iki g\u00f6n\u00fcll\u00fc ifade verdi\u011fini dile getiren Manna\u015f, zanl\u0131n\u0131n olay g\u00fcn\u00fc kaptana Ta\u015fucu\u2019ndaki liman\u0131n saat 15.00\u2019e kadar kapal\u0131 oldu\u011funu s\u00f6yledi\u011fini ve seferin yap\u0131lmamas\u0131 konusunda telkinde bulundu\u011funu ancak kaptan\u0131n sefere \u00e7\u0131kt\u0131\u011f\u0131n\u0131 dile getirdi.<\/p>\n<p>Manna\u015f, zanl\u0131lar\u0131n geminin daha \u00f6nce su ald\u0131\u011f\u0131n\u0131, motor ve d\u00fcmen ar\u0131zas\u0131 oldu\u011funu bildiklerini s\u00f6yledi.<\/p>\n<p>Olay g\u00fcn\u00fc hava tespitine dair Meteoroloji Dairesi\u2019nden rapor ald\u0131klar\u0131n\u0131 kaydeden Manna\u015f, verilen rapora g\u00f6re dalga boyunun 1,5 metre, r\u00fczgar\u0131n h\u0131z\u0131n\u0131n ise 15 kont oldu\u011funu s\u00f6yledi. <\/p>\n<p>Manna\u015f, zanl\u0131 gemi kaptan\u0131 M.\u00d6\u2019n\u00fcn Sosyal Sigortalar Dairesi\u2019nde kayd\u0131n\u0131n bulunmad\u0131\u011f\u0131n\u0131 dile getirdi.<\/p>\n<p>&#8211; \u201c\u0130ki ay \u00f6nce geminin su ald\u0131\u011f\u0131na dair video kay\u0131tlar\u0131 var\u201d<\/p>\n<p>\u0130ki ay \u00f6nce geminin su ald\u0131\u011f\u0131na dair video kay\u0131tlar\u0131n\u0131n oldu\u011funu belirten Manna\u015f, video kayd\u0131n\u0131 \u00e7eken ki\u015filerden ifade al\u0131nd\u0131\u011f\u0131n\u0131 aktard\u0131. <\/p>\n<p>Manna\u015f, ayr\u0131ca o sefere kat\u0131lan yolcular\u0131n isim listesinin tespit edildi\u011fini, yolcular\u0131n ifadelerinin al\u0131naca\u011f\u0131n\u0131 s\u00f6yledi.<\/p>\n<p>Zanl\u0131lara ait cep telefonlar\u0131n\u0131n incelendi\u011fini kaydeden Manna\u015f, zanl\u0131 M.\u00d6\u2019n\u00fcn T\u00fcrkiye Cumhuriyeti\u2019nde gemi ehliyeti oldu\u011funu ancak 10 y\u0131l \u00e7al\u0131\u015fmaya ara verdi\u011fi i\u00e7in ehliyetinin ge\u00e7erlili\u011fini yitirdi\u011fini aktard\u0131.<\/p>\n<p>Manna\u015f, zanl\u0131n\u0131n bunun \u00fczerine eski belgenin numaras\u0131yla 3 bin 500 dolar kar\u015f\u0131l\u0131\u011f\u0131nda Honduras\u2019tan yeni bir belge ald\u0131\u011f\u0131n\u0131, bu belgeyi Yunanistan\u2019da tescil etti\u011fini, belgenin KKTC makamlar\u0131 taraf\u0131ndan ge\u00e7erli kabul edildi\u011fini dile getirdi.<\/p>\n<p>\u015eirket direkt\u00f6r\u00fc A.\u00d6\u2018n\u00fcn evinde ve ofisinde arama yap\u0131ld\u0131\u011f\u0131n\u0131, elektronik e\u015fyalara ve belgelere incelenmek \u00fczere el konuldu\u011funu belirten Manna\u015f, direkt\u00f6r\u00fcn yasalara g\u00f6re yetkili oldu\u011funu s\u00f6yledi.<\/p>\n<p>Manna\u015f, T\u00fcrkiye Cumhuriyeti makamlar\u0131na belge ve sertifikalar\u0131n do\u011frulu\u011fu i\u00e7in yaz\u0131lar yaz\u0131ld\u0131\u011f\u0131, ayr\u0131ca o g\u00fcnk\u00fc hava ko\u015fullar\u0131yla ilgili T\u00fcrkiye Cumhuriyeti Meteoroloji Genel M\u00fcd\u00fcrl\u00fc\u011f\u00fc\u2019ne yaz\u0131 yaz\u0131ld\u0131\u011f\u0131n\u0131 dile getirdi.<\/p>\n<p>Geminin Adana\u2019n\u0131n Ceyhan il\u00e7esinde bulunan bir \u015firkette 30 Nisan 2026\u2019da bak\u0131m g\u00f6rd\u00fc\u011f\u00fcn\u00fc s\u00f6yleyen Manna\u015f, gemiye nas\u0131l bir bak\u0131m yap\u0131ld\u0131\u011f\u0131yla ilgili raporun da beklendi\u011fini dile getirdi.<\/p>\n<p>Limanlar Dairesi\u2019nde soru\u015fturma yap\u0131ld\u0131\u011f\u0131n\u0131 kaydeden Manna\u015f, geminin belge ve sertifikalar\u0131ndan ikisinin eksik oldu\u011funu belirtti. <\/p>\n<p>&#8211; \u201c200\u2019\u00fcn \u00fczerinde ifade temin edildi\u201d<\/p>\n<p>Manna\u015f, 200\u2019\u00fcn \u00fczerinde ifade temin edildi\u011fini ve 100\u2019e yak\u0131n ifade al\u0131naca\u011f\u0131n\u0131, T\u00fcrkiye Cumhuriyeti ile gerekli yaz\u0131\u015fmalar\u0131n yap\u0131ld\u0131\u011f\u0131n\u0131 belirtti.<\/p>\n<p>T\u00fcrk Loydu yetkilileri ile kaza k\u0131r\u0131m ekibinin KKTC\u2019ye geldi\u011fini kaydeden Manna\u015f, yetkililerle g\u00f6r\u00fc\u015feceklerini ifade etti.<\/p>\n<p>\u201cGemide yap\u0131sal hasar var m\u0131?\u201d sorusu \u00fczerine Manna\u015f, temin edilen g\u00f6r\u00fcnt\u00fclerde yolcu b\u00f6l\u00fcm\u00fcne su girdi\u011finin g\u00f6r\u00fcld\u00fc\u011f\u00fcn\u00fc ve zanl\u0131 M.\u00d6 ile M.N.S\u2019nin bunlar\u0131 bildi\u011fini kaydetti.<\/p>\n<p>\u201cGeminin sevk ve idaresi s\u0131ras\u0131nda kusurlu bir manevra yap\u0131l\u0131p yap\u0131lmad\u0131\u011f\u0131 soruna\u201d ise Manna\u015f, uzmanlar\u0131n, \u201cyolcular, geminin su ald\u0131\u011f\u0131na dair ikazda bulundu\u011fu anda geminin h\u0131z\u0131 kesilseydi, limana yava\u015f\u00e7a d\u00f6nme \u015fans\u0131 olabilece\u011fini\u201d s\u00f6yledi\u011fini aktard\u0131.<\/p>\n<p>Manna\u015f, yolcular\u0131n \u201cgemi su al\u0131yor\u201d uyar\u0131s\u0131n\u0131n \u00f6nemsenmedi\u011fi kanaatinde oldu\u011funu s\u00f6yledi.<\/p>\n<p>Manna\u015f, m\u00fcrettebat\u0131n e\u011fitim al\u0131p almad\u0131klar\u0131na dair T\u00fcrkiye\u2019den bilgi talep ettiklerini de dile getirdi.<\/p>\n<p>Kaptan k\u00f6\u015fk\u00fcn\u00fcn su almas\u0131ndan dolay\u0131 seyir defterinin bulundu\u011fu \u00e7antan\u0131n al\u0131namad\u0131\u011f\u0131n\u0131 belirten Manna\u015f, kara kutunun ise hen\u00fcz bulunamad\u0131\u011f\u0131n\u0131 dile getirdi.<\/p>\n<p>T\u00fcrkiye\u2019deki hissedarlar\u0131ndan olan bir \u015fahs\u0131n arand\u0131\u011f\u0131n\u0131 ve \u015fahs\u0131n geminin bak\u0131m ve onar\u0131m konusunda yetkili oldu\u011funu s\u00f6yleyen Manna\u015f, Limanlar Dairesi\u2019nde geminin daha \u00f6nce ge\u00e7irdi\u011fi kaza ve bak\u0131mla ilgili herhangi bir belgenin olmad\u0131\u011f\u0131n\u0131 dile getirdi.<\/p>\n<p>Manna\u015f, \u015firket hissedarlar\u0131na y\u00f6nelik tahkikat\u0131n da devam etti\u011fini kaydetti.<\/p>\n<p>Mahkemede s\u00f6z alan avukatlar, tan\u0131k polise sorular y\u00f6neltti, baz\u0131 iddialarda bulundu.<\/p>\n<p>Girne Kaza Mahkemesi, zanl\u0131lar\u0131n sekiz g\u00fcn daha tutuklu kalmas\u0131na emir verdi.<\/p>\n<p>Haber: Mehmet Kara\u00a0<\/p>\n<\/p>\n<p><img decoding=\"async\" width=\"1024\" height=\"768\" src=\"https:\/\/www.kibrishost.com\/tak\/wp-content\/uploads\/2026\/09\/girnedeki-gemi-faciasinda-dokuz-zanli-mahkemeye-cikarildi-1-1024x768.jpg\" class=\"aligncenter wp-image-150966\" alt=\"Girne&#039;deki gemi facias\u0131nda dokuz zanl\u0131 mahkemeye \u00e7\u0131kar\u0131ld\u0131\" loading=\"lazy\" srcset=\"https:\/\/www.kibrishost.com\/tak\/wp-content\/uploads\/2026\/09\/girnedeki-gemi-faciasinda-dokuz-zanli-mahkemeye-cikarildi-1-1024x768.jpg 1024w, https:\/\/www.kibrishost.com\/tak\/wp-content\/uploads\/2026\/09\/girnedeki-gemi-faciasinda-dokuz-zanli-mahkemeye-cikarildi-1-300x225.jpg 300w, https:\/\/www.kibrishost.com\/tak\/wp-content\/uploads\/2026\/09\/girnedeki-gemi-faciasinda-dokuz-zanli-mahkemeye-cikarildi-1-768x576.jpg 768w, https:\/\/www.kibrishost.com\/tak\/wp-content\/uploads\/2026\/09\/girnedeki-gemi-faciasinda-dokuz-zanli-mahkemeye-cikarildi-1-1536x1152.jpg 1536w, https:\/\/www.kibrishost.com\/tak\/wp-content\/uploads\/2026\/09\/girnedeki-gemi-faciasinda-dokuz-zanli-mahkemeye-cikarildi-1.jpg 1600w\" sizes=\"(max-width: 1024px) 100vw, 1024px\" \/><\/p>\n<p><img decoding=\"async\" width=\"1024\" height=\"768\" src=\"https:\/\/www.kibrishost.com\/tak\/wp-content\/uploads\/2026\/09\/girnedeki-gemi-faciasinda-dokuz-zanli-mahkemeye-cikarildi-2-1024x768.jpg\" class=\"aligncenter wp-image-150967\" alt=\"Girne&#039;deki gemi facias\u0131nda dokuz zanl\u0131 mahkemeye \u00e7\u0131kar\u0131ld\u0131\" loading=\"lazy\" srcset=\"https:\/\/www.kibrishost.com\/tak\/wp-content\/uploads\/2026\/09\/girnedeki-gemi-faciasinda-dokuz-zanli-mahkemeye-cikarildi-2-1024x768.jpg 1024w, https:\/\/www.kibrishost.com\/tak\/wp-content\/uploads\/2026\/09\/girnedeki-gemi-faciasinda-dokuz-zanli-mahkemeye-cikarildi-2-300x225.jpg 300w, https:\/\/www.kibrishost.com\/tak\/wp-content\/uploads\/2026\/09\/girnedeki-gemi-faciasinda-dokuz-zanli-mahkemeye-cikarildi-2-768x576.jpg 768w, https:\/\/www.kibrishost.com\/tak\/wp-content\/uploads\/2026\/09\/girnedeki-gemi-faciasinda-dokuz-zanli-mahkemeye-cikarildi-2-1536x1152.jpg 1536w, https:\/\/www.kibrishost.com\/tak\/wp-content\/uploads\/2026\/09\/girnedeki-gemi-faciasinda-dokuz-zanli-mahkemeye-cikarildi-2.jpg 1600w\" sizes=\"(max-width: 1024px) 100vw, 1024px\" \/><\/p>\n<p><img decoding=\"async\" width=\"1024\" height=\"576\" src=\"https:\/\/www.kibrishost.com\/tak\/wp-content\/uploads\/2026\/09\/girnedeki-gemi-faciasinda-dokuz-zanli-mahkemeye-cikarildi-3-1024x576.jpg\" class=\"aligncenter wp-image-150968\" alt=\"Girne&#039;deki gemi facias\u0131nda dokuz zanl\u0131 mahkemeye \u00e7\u0131kar\u0131ld\u0131\" loading=\"lazy\" srcset=\"https:\/\/www.kibrishost.com\/tak\/wp-content\/uploads\/2026\/09\/girnedeki-gemi-faciasinda-dokuz-zanli-mahkemeye-cikarildi-3-1024x576.jpg 1024w, https:\/\/www.kibrishost.com\/tak\/wp-content\/uploads\/2026\/09\/girnedeki-gemi-faciasinda-dokuz-zanli-mahkemeye-cikarildi-3-300x169.jpg 300w, https:\/\/www.kibrishost.com\/tak\/wp-content\/uploads\/2026\/09\/girnedeki-gemi-faciasinda-dokuz-zanli-mahkemeye-cikarildi-3-768x432.jpg 768w, https:\/\/www.kibrishost.com\/tak\/wp-content\/uploads\/2026\/09\/girnedeki-gemi-faciasinda-dokuz-zanli-mahkemeye-cikarildi-3-1536x864.jpg 1536w, https:\/\/www.kibrishost.com\/tak\/wp-content\/uploads\/2026\/09\/girnedeki-gemi-faciasinda-dokuz-zanli-mahkemeye-cikarildi-3-390x220.jpg 390w, https:\/\/www.kibrishost.com\/tak\/wp-content\/uploads\/2026\/09\/girnedeki-gemi-faciasinda-dokuz-zanli-mahkemeye-cikarildi-3.jpg 1600w\" sizes=\"(max-width: 1024px) 100vw, 1024px\" \/><\/p>\n","protected":false},"excerpt":{"rendered":"<p>Girne a\u00e7\u0131klar\u0131nda dokuz ki\u015finin hayat\u0131n\u0131 kaybetti\u011fi ve 19 ki\u015finin kay\u0131p oldu\u011fu gemi kazas\u0131yla ilgili olarak dokuz zanl\u0131, bug\u00fcn yeniden Girne Kaza Mahkemesi\u2019ne \u00e7\u0131kar\u0131ld\u0131. Zanl\u0131lardan \u015firket direkt\u00f6r\u00fc A.\u00d6., geminin birinci kaptan\u0131 M.\u00d6., ikinci kaptan\u0131 M.N.S. ile birinci makinist Z.\u00d6., ikinci makinist M.G. ve gemi m\u00fcrettebatlar\u0131 S.E., Q.Q., V.H., ve R.\u0130.&#8217;nin aleyhine, \u201ctedbirsizlik ve ihmalkarl\u0131k sonucu \u00f6l\u00fcme &hellip;<\/p>\n","protected":false},"author":1,"featured_media":150965,"comment_status":"open","ping_status":"open","sticky":false,"template":"","format":"standard","meta":{"footnotes":""},"categories":[2],"tags":[1401,5819,19749,16445,5299,5148,3049],"class_list":["post-150964","post","type-post","status-publish","format-standard","has-post-thumbnail","hentry","category-kibris","tag-cikarildi","tag-dokuz","tag-faciasinda","tag-gemi","tag-girnedeki","tag-mahkemeye","tag-zanli"],"_links":{"self":[{"href":"https:\/\/www.kibrishost.com\/tak\/wp-json\/wp\/v2\/posts\/150964"}],"collection":[{"href":"https:\/\/www.kibrishost.com\/tak\/wp-json\/wp\/v2\/posts"}],"about":[{"href":"https:\/\/www.kibrishost.com\/tak\/wp-json\/wp\/v2\/types\/post"}],"author":[{"embeddable":true,"href":"https:\/\/www.kibrishost.com\/tak\/wp-json\/wp\/v2\/users\/1"}],"replies":[{"embeddable":true,"href":"https:\/\/www.kibrishost.com\/tak\/wp-json\/wp\/v2\/comments?post=150964"}],"version-history":[{"count":1,"href":"https:\/\/www.kibrishost.com\/tak\/wp-json\/wp\/v2\/posts\/150964\/revisions"}],"predecessor-version":[{"id":150969,"href":"https:\/\/www.kibrishost.com\/tak\/wp-json\/wp\/v2\/posts\/150964\/revisions\/150969"}],"wp:featuredmedia":[{"embeddable":true,"href":"https:\/\/www.kibrishost.com\/tak\/wp-json\/wp\/v2\/media\/150965"}],"wp:attachment":[{"href":"https:\/\/www.kibrishost.com\/tak\/wp-json\/wp\/v2\/media?parent=150964"}],"wp:term":[{"taxonomy":"category","embeddable":true,"href":"https:\/\/www.kibrishost.com\/tak\/wp-json\/wp\/v2\/categories?post=150964"},{"taxonomy":"post_tag","embeddable":true,"href":"https:\/\/www.kibrishost.com\/tak\/wp-json\/wp\/v2\/tags?post=150964"}],"curies":[{"name":"wp","href":"https:\/\/api.w.org\/{rel}","templated":true}]}}