{"id":150960,"date":"2026-09-03T13:10:25","date_gmt":"2026-09-03T10:10:25","guid":{"rendered":"https:\/\/www.kibrishost.com\/tak\/tuzlada-lojistik-depoda-yangin-kereste-deposuna-ve-agaclik-alana-sicradi\/"},"modified":"2026-09-03T13:10:35","modified_gmt":"2026-09-03T10:10:35","slug":"tuzlada-lojistik-depoda-yangin-kereste-deposuna-ve-agaclik-alana-sicradi","status":"publish","type":"post","link":"https:\/\/www.kibrishost.com\/tak\/tuzlada-lojistik-depoda-yangin-kereste-deposuna-ve-agaclik-alana-sicradi\/","title":{"rendered":"Tuzla&#8217;da lojistik depoda yang\u0131n: Kereste deposuna ve a\u011fa\u00e7l\u0131k alana s\u0131\u00e7rad\u0131"},"content":{"rendered":"<p>Tuzla&#8217;da bir lojistik depoda \u00e7\u0131kan yang\u0131na itfaiye ekipleri m\u00fcdahalesi ediyor.<\/p>\n<p>Lojistik deposunda sabah saatlerinde bilinmeyen bir nedenle yang\u0131n \u00e7\u0131kt\u0131.<\/p>\n<p>Haber verilmesi \u00fczerine olay yerine polis ve sa\u011fl\u0131k ekibi ile 10 il\u00e7eden \u00e7ok say\u0131da itfaiye ekibi sevk edildi.<\/p>\n<p>Deponun biti\u015fi\u011finde bulunan kereste deposuna, ba\u015fka bir fabrikaya ve a\u011fa\u00e7l\u0131k alana sirayet eden yang\u0131n\u0131n s\u00f6nd\u00fcr\u00fclmesi i\u00e7in ekiplerin \u00e7al\u0131\u015fmas\u0131 s\u00fcr\u00fcyor.<\/p>\n<p>Depoda bulunan kimyasal maddeler nedeniyle k\u00fc\u00e7\u00fck \u00e7apl\u0131 patlama sesleri duyuldu\u011fu \u00f6\u011frenildi.<\/p>\n<p>Polis ekipleri olay yerinde \u015ferit \u00e7ekerek g\u00fcvenlik \u00f6nlemi ald\u0131.<\/p>\n<\/p>\n<p><img decoding=\"async\" width=\"1024\" height=\"576\" src=\"https:\/\/www.kibrishost.com\/tak\/wp-content\/uploads\/2026\/09\/tuzlada-lojistik-depoda-yangin-kereste-deposuna-ve-agaclik-alana-sicradi-1-1024x576.webp\" class=\"aligncenter wp-image-150962\" alt=\"Tuzla&#039;da lojistik depoda yang\u0131n: Kereste deposuna ve a\u011fa\u00e7l\u0131k alana s\u0131\u00e7rad\u0131\" loading=\"lazy\" srcset=\"https:\/\/www.kibrishost.com\/tak\/wp-content\/uploads\/2026\/09\/tuzlada-lojistik-depoda-yangin-kereste-deposuna-ve-agaclik-alana-sicradi-1-1024x576.webp 1024w, https:\/\/www.kibrishost.com\/tak\/wp-content\/uploads\/2026\/09\/tuzlada-lojistik-depoda-yangin-kereste-deposuna-ve-agaclik-alana-sicradi-1-300x169.webp 300w, https:\/\/www.kibrishost.com\/tak\/wp-content\/uploads\/2026\/09\/tuzlada-lojistik-depoda-yangin-kereste-deposuna-ve-agaclik-alana-sicradi-1-768x432.webp 768w, https:\/\/www.kibrishost.com\/tak\/wp-content\/uploads\/2026\/09\/tuzlada-lojistik-depoda-yangin-kereste-deposuna-ve-agaclik-alana-sicradi-1-1536x864.webp 1536w, https:\/\/www.kibrishost.com\/tak\/wp-content\/uploads\/2026\/09\/tuzlada-lojistik-depoda-yangin-kereste-deposuna-ve-agaclik-alana-sicradi-1-2048x1152.webp 2048w, https:\/\/www.kibrishost.com\/tak\/wp-content\/uploads\/2026\/09\/tuzlada-lojistik-depoda-yangin-kereste-deposuna-ve-agaclik-alana-sicradi-1-390x220.webp 390w\" sizes=\"(max-width: 1024px) 100vw, 1024px\" \/><\/p>\n","protected":false},"excerpt":{"rendered":"<p>Tuzla&#8217;da bir lojistik depoda \u00e7\u0131kan yang\u0131na itfaiye ekipleri m\u00fcdahalesi ediyor. Lojistik deposunda sabah saatlerinde bilinmeyen bir nedenle yang\u0131n \u00e7\u0131kt\u0131. Haber verilmesi \u00fczerine olay yerine polis ve sa\u011fl\u0131k ekibi ile 10 il\u00e7eden \u00e7ok say\u0131da itfaiye ekibi sevk edildi. Deponun biti\u015fi\u011finde bulunan kereste deposuna, ba\u015fka bir fabrikaya ve a\u011fa\u00e7l\u0131k alana sirayet eden yang\u0131n\u0131n s\u00f6nd\u00fcr\u00fclmesi i\u00e7in ekiplerin \u00e7al\u0131\u015fmas\u0131 &hellip;<\/p>\n","protected":false},"author":1,"featured_media":150961,"comment_status":"open","ping_status":"open","sticky":false,"template":"","format":"standard","meta":{"footnotes":""},"categories":[3],"tags":[48745,7622,25544,42585,48744,41586,3696,12891,531],"class_list":["post-150960","post","type-post","status-publish","format-standard","has-post-thumbnail","hentry","category-turkiye","tag-agaclik","tag-alana","tag-depoda","tag-deposuna","tag-kereste","tag-lojistik","tag-sicradi","tag-tuzlada","tag-yangin"],"_links":{"self":[{"href":"https:\/\/www.kibrishost.com\/tak\/wp-json\/wp\/v2\/posts\/150960"}],"collection":[{"href":"https:\/\/www.kibrishost.com\/tak\/wp-json\/wp\/v2\/posts"}],"about":[{"href":"https:\/\/www.kibrishost.com\/tak\/wp-json\/wp\/v2\/types\/post"}],"author":[{"embeddable":true,"href":"https:\/\/www.kibrishost.com\/tak\/wp-json\/wp\/v2\/users\/1"}],"replies":[{"embeddable":true,"href":"https:\/\/www.kibrishost.com\/tak\/wp-json\/wp\/v2\/comments?post=150960"}],"version-history":[{"count":1,"href":"https:\/\/www.kibrishost.com\/tak\/wp-json\/wp\/v2\/posts\/150960\/revisions"}],"predecessor-version":[{"id":150963,"href":"https:\/\/www.kibrishost.com\/tak\/wp-json\/wp\/v2\/posts\/150960\/revisions\/150963"}],"wp:featuredmedia":[{"embeddable":true,"href":"https:\/\/www.kibrishost.com\/tak\/wp-json\/wp\/v2\/media\/150961"}],"wp:attachment":[{"href":"https:\/\/www.kibrishost.com\/tak\/wp-json\/wp\/v2\/media?parent=150960"}],"wp:term":[{"taxonomy":"category","embeddable":true,"href":"https:\/\/www.kibrishost.com\/tak\/wp-json\/wp\/v2\/categories?post=150960"},{"taxonomy":"post_tag","embeddable":true,"href":"https:\/\/www.kibrishost.com\/tak\/wp-json\/wp\/v2\/tags?post=150960"}],"curies":[{"name":"wp","href":"https:\/\/api.w.org\/{rel}","templated":true}]}}