{"id":150958,"date":"2026-09-03T13:00:24","date_gmt":"2026-09-03T10:00:24","guid":{"rendered":"https:\/\/www.kibrishost.com\/tak\/ydp-kadin-kollari-baskani-lesinger-bebek-olumleri-ve-silo-faciasi-olaylarinda-ayni-hassasiyet-gosterilmedi\/"},"modified":"2026-09-03T13:00:24","modified_gmt":"2026-09-03T10:00:24","slug":"ydp-kadin-kollari-baskani-lesinger-bebek-olumleri-ve-silo-faciasi-olaylarinda-ayni-hassasiyet-gosterilmedi","status":"publish","type":"post","link":"https:\/\/www.kibrishost.com\/tak\/ydp-kadin-kollari-baskani-lesinger-bebek-olumleri-ve-silo-faciasi-olaylarinda-ayni-hassasiyet-gosterilmedi\/","title":{"rendered":"YDP Kad\u0131n Kollar\u0131 Ba\u015fkan\u0131 Lesinger: \u201cBebek \u00f6l\u00fcmleri ve silo facias\u0131 olaylar\u0131nda ayn\u0131 hassasiyet g\u00f6sterilmedi\u201d"},"content":{"rendered":"<p>Yeniden Do\u011fu\u015f Partisi (YDP) Kad\u0131n Kollar\u0131 Ba\u015fkan\u0131 Figen Yaman Lesinger, bebek \u00f6l\u00fcmleri ve silo facias\u0131 gibi toplumun vicdan\u0131n\u0131 yaralayan olaylarda gemi facias\u0131 ile ayn\u0131 hassasiyetin g\u00f6sterilmedi\u011fini kaydederek, adaletin terazisinin siyasi kimli\u011fe g\u00f6re de\u011fi\u015fmemesi gerekti\u011fini vurgulad\u0131.<\/p>\n<p>YDP Kad\u0131n Kollar\u0131 Ba\u015fkan\u0131 Figen Yaman Lesinger, yapt\u0131\u011f\u0131 yaz\u0131l\u0131 a\u00e7\u0131klamada, \u201cBir kad\u0131n, bir anne ve YDP Kad\u0131n Kollar\u0131 Ba\u015fkan\u0131 olarak s\u00f6yl\u00fcyorum. Hi\u00e7bir siyasi tart\u0131\u015fma, evlad\u0131n\u0131n bedenine ula\u015fmay\u0131 bekleyen bir annenin feryad\u0131n\u0131n \u00f6n\u00fcne ge\u00e7emez. B\u00f6yle bir ac\u0131n\u0131n kar\u015f\u0131s\u0131nda siyaset de\u011fil, \u00f6nce insanl\u0131k ve vicdan konu\u015fmal\u0131d\u0131r.\u201d dedi.<\/p>\n<p>Bebek \u00f6l\u00fcmleri ve silo facias\u0131 gibi toplumun vicdan\u0131n\u0131 yaralayan olaylarda gemi facias\u0131 ile ayn\u0131 hassasiyetin g\u00f6sterilmedi\u011fini savunan Lesinger, bug\u00fcn Erhan Ar\u0131kl\u0131\u2019y\u0131 neden g\u00f6revden alma yoluna gidildi\u011fi sorusunun kamuoyunun hakk\u0131 oldu\u011funu s\u00f6yledi.<\/p>\n<p>Erhan Ar\u0131kl\u0131\u2019n\u0131n Filojet facias\u0131yla ilgili evrak\u0131 Ba\u015fbakanl\u0131\u011fa sunarak s\u00fcrecin ayd\u0131nlat\u0131lmas\u0131na katk\u0131 sa\u011flamas\u0131 beklenirken g\u00f6revden al\u0131nmas\u0131n\u0131n soru i\u015faretleri do\u011furdu\u011funu ifade eden Lesinger, meselenin herkes i\u00e7in ayn\u0131 adalet \u00f6l\u00e7\u00fcs\u00fcn\u00fcn uygulanmas\u0131n\u0131 istemek oldu\u011funu belirtti.<\/p>\n<p>Herkesin siyasi kimli\u011fe bak\u0131lmaks\u0131z\u0131n e\u015fit \u00f6l\u00e7\u00fctlerle de\u011ferlendirilmesi gerekti\u011fini kaydeden Lesinger, \u201cDenizin k\u0131y\u0131s\u0131nda h\u00e2l\u00e2 evlad\u0131n\u0131 bekleyen anneler vard\u0131r. Bir anne i\u00e7in evlad\u0131n\u0131n bedenine kavu\u015fmak bile teselliye d\u00f6n\u00fc\u015fm\u00fc\u015fse, orada siyaset geri planda kalmal\u0131d\u0131r. \u00c7\u00fcnk\u00fc adaletin terazisi siyasi kimli\u011fe g\u00f6re de\u011fi\u015fmemelidir.\u201d ifadelerini kulland\u0131.<\/p><\/p>\n","protected":false},"excerpt":{"rendered":"<p>Yeniden Do\u011fu\u015f Partisi (YDP) Kad\u0131n Kollar\u0131 Ba\u015fkan\u0131 Figen Yaman Lesinger, bebek \u00f6l\u00fcmleri ve silo facias\u0131 gibi toplumun vicdan\u0131n\u0131 yaralayan olaylarda gemi facias\u0131 ile ayn\u0131 hassasiyetin g\u00f6sterilmedi\u011fini kaydederek, adaletin terazisinin siyasi kimli\u011fe g\u00f6re de\u011fi\u015fmemesi gerekti\u011fini vurgulad\u0131. YDP Kad\u0131n Kollar\u0131 Ba\u015fkan\u0131 Figen Yaman Lesinger, yapt\u0131\u011f\u0131 yaz\u0131l\u0131 a\u00e7\u0131klamada, \u201cBir kad\u0131n, bir anne ve YDP Kad\u0131n Kollar\u0131 Ba\u015fkan\u0131 olarak &hellip;<\/p>\n","protected":false},"author":1,"featured_media":150959,"comment_status":"open","ping_status":"open","sticky":false,"template":"","format":"standard","meta":{"footnotes":""},"categories":[2],"tags":[657,103,3581,34151,48743,26596,543,1659,48742,7375,16260,47359,877],"class_list":["post-150958","post","type-post","status-publish","format-standard","has-post-thumbnail","hentry","category-kibris","tag-ayni","tag-baskani","tag-bebek","tag-faciasi","tag-gosterilmedi","tag-hassasiyet","tag-kadin","tag-kollari","tag-lesinger","tag-olaylarinda","tag-olumleri","tag-silo","tag-ydp"],"_links":{"self":[{"href":"https:\/\/www.kibrishost.com\/tak\/wp-json\/wp\/v2\/posts\/150958"}],"collection":[{"href":"https:\/\/www.kibrishost.com\/tak\/wp-json\/wp\/v2\/posts"}],"about":[{"href":"https:\/\/www.kibrishost.com\/tak\/wp-json\/wp\/v2\/types\/post"}],"author":[{"embeddable":true,"href":"https:\/\/www.kibrishost.com\/tak\/wp-json\/wp\/v2\/users\/1"}],"replies":[{"embeddable":true,"href":"https:\/\/www.kibrishost.com\/tak\/wp-json\/wp\/v2\/comments?post=150958"}],"version-history":[{"count":0,"href":"https:\/\/www.kibrishost.com\/tak\/wp-json\/wp\/v2\/posts\/150958\/revisions"}],"wp:featuredmedia":[{"embeddable":true,"href":"https:\/\/www.kibrishost.com\/tak\/wp-json\/wp\/v2\/media\/150959"}],"wp:attachment":[{"href":"https:\/\/www.kibrishost.com\/tak\/wp-json\/wp\/v2\/media?parent=150958"}],"wp:term":[{"taxonomy":"category","embeddable":true,"href":"https:\/\/www.kibrishost.com\/tak\/wp-json\/wp\/v2\/categories?post=150958"},{"taxonomy":"post_tag","embeddable":true,"href":"https:\/\/www.kibrishost.com\/tak\/wp-json\/wp\/v2\/tags?post=150958"}],"curies":[{"name":"wp","href":"https:\/\/api.w.org\/{rel}","templated":true}]}}