{"id":150954,"date":"2026-09-03T11:40:25","date_gmt":"2026-09-03T08:40:25","guid":{"rendered":"https:\/\/www.kibrishost.com\/tak\/hazine-ve-maliye-bakani-simsek-agustos-ayi-enflasyon-verilerini-degerlendirdi\/"},"modified":"2026-09-03T11:40:25","modified_gmt":"2026-09-03T08:40:25","slug":"hazine-ve-maliye-bakani-simsek-agustos-ayi-enflasyon-verilerini-degerlendirdi","status":"publish","type":"post","link":"https:\/\/www.kibrishost.com\/tak\/hazine-ve-maliye-bakani-simsek-agustos-ayi-enflasyon-verilerini-degerlendirdi\/","title":{"rendered":"Hazine ve Maliye Bakan\u0131 \u015eim\u015fek a\u011fustos ay\u0131 enflasyon verilerini de\u011ferlendirdi"},"content":{"rendered":"<p>Hazine ve Maliye Bakan\u0131 Mehmet \u015eim\u015fek, y\u0131ll\u0131k kira enflasyonunun son 46 ay\u0131n en d\u00fc\u015f\u00fck seviyesine geriledi\u011fine i\u015faret ederek, &#8220;K\u00fcresel fiyat \u015foklar\u0131n\u0131n enflasyon etkisini s\u0131n\u0131rlamaya y\u00f6nelik ad\u0131mlar atarken kal\u0131c\u0131 fiyat istikrar\u0131 hedefimiz do\u011frultusunda yap\u0131sal politikalar\u0131m\u0131z\u0131 da s\u00fcrd\u00fcr\u00fcyoruz.&#8221; ifadesini kulland\u0131.<\/p>\n<p>\u015eim\u015fek, NSosyal hesab\u0131ndan a\u011fustos ay\u0131 enflasyon verilerine ili\u015fkin payla\u015f\u0131m yapt\u0131.<\/p>\n<p>D\u00f6nemsel e\u011fitim fiyat art\u0131\u015flar\u0131na ve sava\u015f\u0131n etkiledi\u011fi akaryak\u0131t fiyatlar\u0131na ra\u011fmen enflasyonda d\u00fc\u015f\u00fc\u015f\u00fcn devam etti\u011fini belirten \u015eim\u015fek, y\u0131ll\u0131k enflasyonun y\u00fczde 31,5 olarak ger\u00e7ekle\u015fti\u011fine dikkati \u00e7ekti.<\/p>\n<p>\u015eim\u015fek, \u015funlar\u0131 kaydetti:<\/p>\n<p>&#8220;Temel mal enflasyonu y\u0131ll\u0131k y\u00fczde 15,9 ile Kas\u0131m 2020&#8217;den sonraki en d\u00fc\u015f\u00fck seviyesine gerilerken y\u0131ll\u0131k kira enflasyonu son 46 ay\u0131n en d\u00fc\u015f\u00fck seviyesine indi. K\u00fcresel fiyat \u015foklar\u0131n\u0131n enflasyon etkisini s\u0131n\u0131rlamaya y\u00f6nelik ad\u0131mlar atarken kal\u0131c\u0131 fiyat istikrar\u0131 hedefimiz do\u011frultusunda yap\u0131sal politikalar\u0131m\u0131z\u0131 da s\u00fcrd\u00fcr\u00fcyoruz.&#8221;<\/p><\/p>\n","protected":false},"excerpt":{"rendered":"<p>Hazine ve Maliye Bakan\u0131 Mehmet \u015eim\u015fek, y\u0131ll\u0131k kira enflasyonunun son 46 ay\u0131n en d\u00fc\u015f\u00fck seviyesine geriledi\u011fine i\u015faret ederek, &#8220;K\u00fcresel fiyat \u015foklar\u0131n\u0131n enflasyon etkisini s\u0131n\u0131rlamaya y\u00f6nelik ad\u0131mlar atarken kal\u0131c\u0131 fiyat istikrar\u0131 hedefimiz do\u011frultusunda yap\u0131sal politikalar\u0131m\u0131z\u0131 da s\u00fcrd\u00fcr\u00fcyoruz.&#8221; ifadesini kulland\u0131. \u015eim\u015fek, NSosyal hesab\u0131ndan a\u011fustos ay\u0131 enflasyon verilerine ili\u015fkin payla\u015f\u0131m yapt\u0131. D\u00f6nemsel e\u011fitim fiyat art\u0131\u015flar\u0131na ve sava\u015f\u0131n etkiledi\u011fi &hellip;<\/p>\n","protected":false},"author":1,"featured_media":150955,"comment_status":"open","ping_status":"open","sticky":false,"template":"","format":"standard","meta":{"footnotes":""},"categories":[3],"tags":[514,524,314,4963,749,2544,365,4772,5492],"class_list":["post-150954","post","type-post","status-publish","format-standard","has-post-thumbnail","hentry","category-turkiye","tag-agustos","tag-ayi","tag-bakani","tag-degerlendirdi","tag-enflasyon","tag-hazine","tag-maliye","tag-simsek","tag-verilerini"],"_links":{"self":[{"href":"https:\/\/www.kibrishost.com\/tak\/wp-json\/wp\/v2\/posts\/150954"}],"collection":[{"href":"https:\/\/www.kibrishost.com\/tak\/wp-json\/wp\/v2\/posts"}],"about":[{"href":"https:\/\/www.kibrishost.com\/tak\/wp-json\/wp\/v2\/types\/post"}],"author":[{"embeddable":true,"href":"https:\/\/www.kibrishost.com\/tak\/wp-json\/wp\/v2\/users\/1"}],"replies":[{"embeddable":true,"href":"https:\/\/www.kibrishost.com\/tak\/wp-json\/wp\/v2\/comments?post=150954"}],"version-history":[{"count":0,"href":"https:\/\/www.kibrishost.com\/tak\/wp-json\/wp\/v2\/posts\/150954\/revisions"}],"wp:featuredmedia":[{"embeddable":true,"href":"https:\/\/www.kibrishost.com\/tak\/wp-json\/wp\/v2\/media\/150955"}],"wp:attachment":[{"href":"https:\/\/www.kibrishost.com\/tak\/wp-json\/wp\/v2\/media?parent=150954"}],"wp:term":[{"taxonomy":"category","embeddable":true,"href":"https:\/\/www.kibrishost.com\/tak\/wp-json\/wp\/v2\/categories?post=150954"},{"taxonomy":"post_tag","embeddable":true,"href":"https:\/\/www.kibrishost.com\/tak\/wp-json\/wp\/v2\/tags?post=150954"}],"curies":[{"name":"wp","href":"https:\/\/api.w.org\/{rel}","templated":true}]}}