{"id":150948,"date":"2026-09-03T11:20:26","date_gmt":"2026-09-03T08:20:26","guid":{"rendered":"https:\/\/www.kibrishost.com\/tak\/girnedeki-gemi-faciasinda-9-zanliya-8-gun-daha-tutukluluk\/"},"modified":"2026-09-03T11:20:37","modified_gmt":"2026-09-03T08:20:37","slug":"girnedeki-gemi-faciasinda-9-zanliya-8-gun-daha-tutukluluk","status":"publish","type":"post","link":"https:\/\/www.kibrishost.com\/tak\/girnedeki-gemi-faciasinda-9-zanliya-8-gun-daha-tutukluluk\/","title":{"rendered":"Girne&#8217;deki gemi facias\u0131nda 9 zanl\u0131ya 8 g\u00fcn daha tutukluluk"},"content":{"rendered":"<p>Girne a\u00e7\u0131klar\u0131nda dokuz ki\u015finin hayat\u0131n\u0131 kaybetti\u011fi ve 19 ki\u015finin kay\u0131p oldu\u011fu gemi kazas\u0131yla ilgili tutuklanan 9 zanl\u0131, bug\u00fcn yeniden Girne Kaza Mahkemesi\u2019ne \u00e7\u0131kar\u0131larak aleyhlerinde 8 g\u00fcn tutukluluk emri al\u0131nd\u0131. \u00a0Zanl\u0131lardan \u015firket direkt\u00f6r\u00fc A.\u00d6., geminin birinci kaptan\u0131 M.\u00d6., ikinci kaptan\u0131 M.N.S. ile birinci makinist Z.\u00d6., ikinci makinist M.G. ve gemi m\u00fcrettebatlar\u0131 S.E., Q.Q., V.H., ve R.\u0130.&#8217;nin aleyhine, \u201ctedbirsizlik ve ihmalkarl\u0131k sonucu \u00f6l\u00fcme sebebiyet verme\u201d su\u00e7lamas\u0131 getirildi.Mahkeme, zanl\u0131lar aleyhine sekiz g\u00fcn daha tutukluluk emri verdi.(MK\/G\u00d6Z)\u00a0 \u00a0 \u00a0 Ek verilecekHaber-Foto\u011fraf: Mehmet Kara\u00a0<\/p>\n<\/p>\n<p><img decoding=\"async\" width=\"1024\" height=\"768\" src=\"https:\/\/www.kibrishost.com\/tak\/wp-content\/uploads\/2026\/09\/girnedeki-gemi-faciasinda-9-zanliya-8-gun-daha-tutukluluk-1-1024x768.jpg\" class=\"aligncenter wp-image-150950\" alt=\"Girne&#039;deki gemi facias\u0131nda 9 zanl\u0131ya 8 g\u00fcn daha tutukluluk\" loading=\"lazy\" srcset=\"https:\/\/www.kibrishost.com\/tak\/wp-content\/uploads\/2026\/09\/girnedeki-gemi-faciasinda-9-zanliya-8-gun-daha-tutukluluk-1-1024x768.jpg 1024w, https:\/\/www.kibrishost.com\/tak\/wp-content\/uploads\/2026\/09\/girnedeki-gemi-faciasinda-9-zanliya-8-gun-daha-tutukluluk-1-300x225.jpg 300w, https:\/\/www.kibrishost.com\/tak\/wp-content\/uploads\/2026\/09\/girnedeki-gemi-faciasinda-9-zanliya-8-gun-daha-tutukluluk-1-768x576.jpg 768w, https:\/\/www.kibrishost.com\/tak\/wp-content\/uploads\/2026\/09\/girnedeki-gemi-faciasinda-9-zanliya-8-gun-daha-tutukluluk-1-1536x1152.jpg 1536w, https:\/\/www.kibrishost.com\/tak\/wp-content\/uploads\/2026\/09\/girnedeki-gemi-faciasinda-9-zanliya-8-gun-daha-tutukluluk-1.jpg 1600w\" sizes=\"(max-width: 1024px) 100vw, 1024px\" \/><\/p>\n<p><img decoding=\"async\" width=\"1024\" height=\"576\" src=\"https:\/\/www.kibrishost.com\/tak\/wp-content\/uploads\/2026\/09\/girnedeki-gemi-faciasinda-9-zanliya-8-gun-daha-tutukluluk-2-1024x576.jpg\" class=\"aligncenter wp-image-150951\" alt=\"Girne&#039;deki gemi facias\u0131nda 9 zanl\u0131ya 8 g\u00fcn daha tutukluluk\" loading=\"lazy\" srcset=\"https:\/\/www.kibrishost.com\/tak\/wp-content\/uploads\/2026\/09\/girnedeki-gemi-faciasinda-9-zanliya-8-gun-daha-tutukluluk-2-1024x576.jpg 1024w, https:\/\/www.kibrishost.com\/tak\/wp-content\/uploads\/2026\/09\/girnedeki-gemi-faciasinda-9-zanliya-8-gun-daha-tutukluluk-2-300x169.jpg 300w, https:\/\/www.kibrishost.com\/tak\/wp-content\/uploads\/2026\/09\/girnedeki-gemi-faciasinda-9-zanliya-8-gun-daha-tutukluluk-2-768x432.jpg 768w, https:\/\/www.kibrishost.com\/tak\/wp-content\/uploads\/2026\/09\/girnedeki-gemi-faciasinda-9-zanliya-8-gun-daha-tutukluluk-2-1536x864.jpg 1536w, https:\/\/www.kibrishost.com\/tak\/wp-content\/uploads\/2026\/09\/girnedeki-gemi-faciasinda-9-zanliya-8-gun-daha-tutukluluk-2-390x220.jpg 390w, https:\/\/www.kibrishost.com\/tak\/wp-content\/uploads\/2026\/09\/girnedeki-gemi-faciasinda-9-zanliya-8-gun-daha-tutukluluk-2.jpg 1600w\" sizes=\"(max-width: 1024px) 100vw, 1024px\" \/><\/p>\n<p><img decoding=\"async\" width=\"1024\" height=\"576\" src=\"https:\/\/www.kibrishost.com\/tak\/wp-content\/uploads\/2026\/09\/girnedeki-gemi-faciasinda-9-zanliya-8-gun-daha-tutukluluk-3-1024x576.jpg\" class=\"aligncenter wp-image-150952\" alt=\"Girne&#039;deki gemi facias\u0131nda 9 zanl\u0131ya 8 g\u00fcn daha tutukluluk\" loading=\"lazy\" srcset=\"https:\/\/www.kibrishost.com\/tak\/wp-content\/uploads\/2026\/09\/girnedeki-gemi-faciasinda-9-zanliya-8-gun-daha-tutukluluk-3-1024x576.jpg 1024w, https:\/\/www.kibrishost.com\/tak\/wp-content\/uploads\/2026\/09\/girnedeki-gemi-faciasinda-9-zanliya-8-gun-daha-tutukluluk-3-300x169.jpg 300w, https:\/\/www.kibrishost.com\/tak\/wp-content\/uploads\/2026\/09\/girnedeki-gemi-faciasinda-9-zanliya-8-gun-daha-tutukluluk-3-768x432.jpg 768w, https:\/\/www.kibrishost.com\/tak\/wp-content\/uploads\/2026\/09\/girnedeki-gemi-faciasinda-9-zanliya-8-gun-daha-tutukluluk-3-1536x864.jpg 1536w, https:\/\/www.kibrishost.com\/tak\/wp-content\/uploads\/2026\/09\/girnedeki-gemi-faciasinda-9-zanliya-8-gun-daha-tutukluluk-3-390x220.jpg 390w, https:\/\/www.kibrishost.com\/tak\/wp-content\/uploads\/2026\/09\/girnedeki-gemi-faciasinda-9-zanliya-8-gun-daha-tutukluluk-3.jpg 1600w\" sizes=\"(max-width: 1024px) 100vw, 1024px\" \/><\/p>\n","protected":false},"excerpt":{"rendered":"<p>Girne a\u00e7\u0131klar\u0131nda dokuz ki\u015finin hayat\u0131n\u0131 kaybetti\u011fi ve 19 ki\u015finin kay\u0131p oldu\u011fu gemi kazas\u0131yla ilgili tutuklanan 9 zanl\u0131, bug\u00fcn yeniden Girne Kaza Mahkemesi\u2019ne \u00e7\u0131kar\u0131larak aleyhlerinde 8 g\u00fcn tutukluluk emri al\u0131nd\u0131. \u00a0Zanl\u0131lardan \u015firket direkt\u00f6r\u00fc A.\u00d6., geminin birinci kaptan\u0131 M.\u00d6., ikinci kaptan\u0131 M.N.S. ile birinci makinist Z.\u00d6., ikinci makinist M.G. ve gemi m\u00fcrettebatlar\u0131 S.E., Q.Q., V.H., ve R.\u0130.&#8217;nin &hellip;<\/p>\n","protected":false},"author":1,"featured_media":150949,"comment_status":"open","ping_status":"open","sticky":false,"template":"","format":"standard","meta":{"footnotes":""},"categories":[2],"tags":[1436,19749,16445,5299,2515,6832,24189],"class_list":["post-150948","post","type-post","status-publish","format-standard","has-post-thumbnail","hentry","category-kibris","tag-daha","tag-faciasinda","tag-gemi","tag-girnedeki","tag-gun","tag-tutukluluk","tag-zanliya"],"_links":{"self":[{"href":"https:\/\/www.kibrishost.com\/tak\/wp-json\/wp\/v2\/posts\/150948"}],"collection":[{"href":"https:\/\/www.kibrishost.com\/tak\/wp-json\/wp\/v2\/posts"}],"about":[{"href":"https:\/\/www.kibrishost.com\/tak\/wp-json\/wp\/v2\/types\/post"}],"author":[{"embeddable":true,"href":"https:\/\/www.kibrishost.com\/tak\/wp-json\/wp\/v2\/users\/1"}],"replies":[{"embeddable":true,"href":"https:\/\/www.kibrishost.com\/tak\/wp-json\/wp\/v2\/comments?post=150948"}],"version-history":[{"count":1,"href":"https:\/\/www.kibrishost.com\/tak\/wp-json\/wp\/v2\/posts\/150948\/revisions"}],"predecessor-version":[{"id":150953,"href":"https:\/\/www.kibrishost.com\/tak\/wp-json\/wp\/v2\/posts\/150948\/revisions\/150953"}],"wp:featuredmedia":[{"embeddable":true,"href":"https:\/\/www.kibrishost.com\/tak\/wp-json\/wp\/v2\/media\/150949"}],"wp:attachment":[{"href":"https:\/\/www.kibrishost.com\/tak\/wp-json\/wp\/v2\/media?parent=150948"}],"wp:term":[{"taxonomy":"category","embeddable":true,"href":"https:\/\/www.kibrishost.com\/tak\/wp-json\/wp\/v2\/categories?post=150948"},{"taxonomy":"post_tag","embeddable":true,"href":"https:\/\/www.kibrishost.com\/tak\/wp-json\/wp\/v2\/tags?post=150948"}],"curies":[{"name":"wp","href":"https:\/\/api.w.org\/{rel}","templated":true}]}}