{"id":150932,"date":"2026-09-03T09:40:40","date_gmt":"2026-09-03T06:40:40","guid":{"rendered":"https:\/\/www.kibrishost.com\/tak\/giaddan-gemi-faciasi-sonrasi-denetim-ve-hesap-verebilirlik-cagrisi\/"},"modified":"2026-09-03T09:40:40","modified_gmt":"2026-09-03T06:40:40","slug":"giaddan-gemi-faciasi-sonrasi-denetim-ve-hesap-verebilirlik-cagrisi","status":"publish","type":"post","link":"https:\/\/www.kibrishost.com\/tak\/giaddan-gemi-faciasi-sonrasi-denetim-ve-hesap-verebilirlik-cagrisi\/","title":{"rendered":"G\u0130AD\u2019dan gemi facias\u0131 sonras\u0131 denetim ve hesap verebilirlik \u00e7a\u011fr\u0131s\u0131"},"content":{"rendered":"<p>Gen\u00e7 \u0130\u015f \u0130nsanlar\u0131 Derne\u011fi (G\u0130AD), Girne a\u00e7\u0131klar\u0131nda meydana gelen gemi facias\u0131n\u0131n yaln\u0131zca adli y\u00f6nden de\u011fil, teknik, idari ve kurumsal sorumluluk a\u00e7\u0131s\u0131ndan da ba\u011f\u0131ms\u0131z, kapsaml\u0131 ve \u015feffaf bi\u00e7imde ara\u015ft\u0131r\u0131lmas\u0131 \u00e7a\u011fr\u0131s\u0131nda bulundu.<\/p>\n<p>G\u0130AD\u2019dan yap\u0131lan a\u00e7\u0131klamada, hayat\u0131n\u0131 kaybedenlere rahmet, yak\u0131nlar\u0131na ba\u015fsa\u011fl\u0131\u011f\u0131, kurtar\u0131lanlara ge\u00e7mi\u015f olsun dile\u011finde bulunulurken, arama kurtarma \u00e7al\u0131\u015fmalar\u0131nda g\u00f6rev alan ekiplere, sa\u011fl\u0131k \u00e7al\u0131\u015fanlar\u0131na, g\u00fcvenlik g\u00fc\u00e7lerine ve g\u00f6n\u00fcll\u00fclere te\u015fekk\u00fcr edildi.<\/p>\n<p>Soru\u015fturma tamamlanmadan kimsenin su\u00e7lu ilan edilmedi\u011fi belirtilen a\u00e7\u0131klamada, sorumlulu\u011fun yaln\u0131zca gemiyi kullananlar veya i\u015fleten \u015firketle s\u0131n\u0131rl\u0131 tutulmamas\u0131 gerekti\u011fi g\u00f6r\u00fc\u015f\u00fc dile getirildi.<\/p>\n<p>Yakla\u015f\u0131k 26 y\u0131ll\u0131k gemide 2018\u2019de \u00e7e\u015fitli kusur ve eksiklikler tespit edildi\u011fine ili\u015fkin iddialara i\u015faret edilen a\u00e7\u0131klamada, bunlar\u0131n giderilip giderilmedi\u011finin, geminin hangi kontrollerden ge\u00e7ti\u011finin ve 30 A\u011fustos\u2019ta sefere \u00e7\u0131kmas\u0131na hangi kurumun hangi rapora dayanarak izin verdi\u011finin a\u00e7\u0131klanmas\u0131 istendi.<\/p>\n<p>Son y\u0131llarda ya\u015fanan \u00e7e\u015fitli olaylara da de\u011finilen ve bunlar\u0131n birbirinden ba\u011f\u0131ms\u0131z \u201ctalihsiz olaylar\u201d olarak de\u011ferlendirilemeyece\u011fi belirtilen a\u00e7\u0131klamada, etkin denetim, kurumsal sorumluluk ve \u00f6nleyici devlet anlay\u0131\u015f\u0131n\u0131n g\u00fc\u00e7lendirilmesi gerekti\u011fi kaydedildi.<\/p>\n<p>F\u0130LO JET facias\u0131n\u0131n yaln\u0131zca denizde ya\u015fanan bir kaza olarak de\u011ferlendirilemeyece\u011fi ifade edilen a\u00e7\u0131klamada, olay\u0131n devletin denetim mekanizmalar\u0131, kamu kurumlar\u0131n\u0131n kapasitesi, izin ve ruhsat sistemleri ile idari sorumluluk anlay\u0131\u015f\u0131n\u0131n yeniden sorgulanmas\u0131n\u0131 gerektirdi\u011fi g\u00f6r\u00fc\u015f\u00fc dile getirildi.<\/p>\n<p><strong>-G\u0130AD\u2019\u0131n talepleri<\/strong><\/p>\n<p>G\u0130AD, geminin hat ve sefer izinleri, klas ve g\u00fcvenlik sertifikalar\u0131, son s\u00f6rvey ve bak\u0131m raporlar\u0131, ge\u00e7mi\u015f teknik kusurlar\u0131, yap\u0131lan onar\u0131mlar ve son denetim tutanaklar\u0131n\u0131n kamuoyuyla payla\u015f\u0131lmas\u0131n\u0131 istedi.<\/p>\n<p>Soru\u015fturman\u0131n yaln\u0131zca gemi \u015firketi ve m\u00fcrettebatla s\u0131n\u0131rl\u0131 tutulmamas\u0131 gerekti\u011fi belirtilen a\u00e7\u0131klamada, denetim, ruhsatland\u0131rma ve izin s\u00fcre\u00e7lerinde g\u00f6rev alan t\u00fcm kamu makamlar\u0131n\u0131n sorumlulu\u011funun da incelenmesi ve kusuru bulunanlara gerekli adli ve idari yapt\u0131r\u0131mlar\u0131n uygulanmas\u0131 \u00e7a\u011fr\u0131s\u0131 yap\u0131ld\u0131.<\/p>\n<p>A\u00e7\u0131klamada ayr\u0131ca, yolcu ta\u015f\u0131yan deniz ara\u00e7lar\u0131ndan kamuya ait silo ve depolara, hastanelerden kritik kamu tesislerine, i\u015f sa\u011fl\u0131\u011f\u0131 ve g\u00fcvenli\u011finden trafik altyap\u0131s\u0131na kadar \u00fclke genelinde kapsaml\u0131 bir g\u00fcvenlik ve denetim s\u00fcreci ba\u015flat\u0131lmas\u0131 gerekti\u011fi y\u00f6n\u00fcnde g\u00f6r\u00fc\u015f belirtildi.<\/p>\n<p>G\u0130AD a\u00e7\u0131klamas\u0131nda, \u00e7a\u011fr\u0131n\u0131n herhangi bir siyasi partiye kar\u015f\u0131 yap\u0131lmad\u0131\u011f\u0131n\u0131 belirterek, \u201cBu, kurumlar\u0131m\u0131za ve devletimize sahip \u00e7\u0131kma \u00e7a\u011fr\u0131s\u0131d\u0131r.\u201d ifadelerini kulland\u0131.<\/p>\n<p>A\u00e7\u0131klamada, g\u00fc\u00e7l\u00fc devletin hatay\u0131 ortaya \u00e7\u0131karan, sorumlular\u0131ndan hesap soran ve ayn\u0131 hatan\u0131n tekrar ya\u015fanmamas\u0131 i\u00e7in sistemini de\u011fi\u015ftirebilen devlet oldu\u011fu g\u00f6r\u00fc\u015f\u00fc dile getirilerek, \u201c\u0130nsanlar\u0131m\u0131z\u0131 kaybetmeden \u00f6nce tedbir alan, denetleyen ve \u00f6nleyen bir devlet anlay\u0131\u015f\u0131 istiyoruz.\u201d denildi.<\/p><\/p>\n","protected":false},"excerpt":{"rendered":"<p>Gen\u00e7 \u0130\u015f \u0130nsanlar\u0131 Derne\u011fi (G\u0130AD), Girne a\u00e7\u0131klar\u0131nda meydana gelen gemi facias\u0131n\u0131n yaln\u0131zca adli y\u00f6nden de\u011fil, teknik, idari ve kurumsal sorumluluk a\u00e7\u0131s\u0131ndan da ba\u011f\u0131ms\u0131z, kapsaml\u0131 ve \u015feffaf bi\u00e7imde ara\u015ft\u0131r\u0131lmas\u0131 \u00e7a\u011fr\u0131s\u0131nda bulundu. G\u0130AD\u2019dan yap\u0131lan a\u00e7\u0131klamada, hayat\u0131n\u0131 kaybedenlere rahmet, yak\u0131nlar\u0131na ba\u015fsa\u011fl\u0131\u011f\u0131, kurtar\u0131lanlara ge\u00e7mi\u015f olsun dile\u011finde bulunulurken, arama kurtarma \u00e7al\u0131\u015fmalar\u0131nda g\u00f6rev alan ekiplere, sa\u011fl\u0131k \u00e7al\u0131\u015fanlar\u0131na, g\u00fcvenlik g\u00fc\u00e7lerine ve g\u00f6n\u00fcll\u00fclere &hellip;<\/p>\n","protected":false},"author":1,"featured_media":150933,"comment_status":"open","ping_status":"open","sticky":false,"template":"","format":"standard","meta":{"footnotes":""},"categories":[2],"tags":[683,551,34151,16445,17201,836,1300,42069],"class_list":["post-150932","post","type-post","status-publish","format-standard","has-post-thumbnail","hentry","category-kibris","tag-cagrisi","tag-denetim","tag-faciasi","tag-gemi","tag-giaddan","tag-hesap","tag-sonrasi","tag-verebilirlik"],"_links":{"self":[{"href":"https:\/\/www.kibrishost.com\/tak\/wp-json\/wp\/v2\/posts\/150932"}],"collection":[{"href":"https:\/\/www.kibrishost.com\/tak\/wp-json\/wp\/v2\/posts"}],"about":[{"href":"https:\/\/www.kibrishost.com\/tak\/wp-json\/wp\/v2\/types\/post"}],"author":[{"embeddable":true,"href":"https:\/\/www.kibrishost.com\/tak\/wp-json\/wp\/v2\/users\/1"}],"replies":[{"embeddable":true,"href":"https:\/\/www.kibrishost.com\/tak\/wp-json\/wp\/v2\/comments?post=150932"}],"version-history":[{"count":0,"href":"https:\/\/www.kibrishost.com\/tak\/wp-json\/wp\/v2\/posts\/150932\/revisions"}],"wp:featuredmedia":[{"embeddable":true,"href":"https:\/\/www.kibrishost.com\/tak\/wp-json\/wp\/v2\/media\/150933"}],"wp:attachment":[{"href":"https:\/\/www.kibrishost.com\/tak\/wp-json\/wp\/v2\/media?parent=150932"}],"wp:term":[{"taxonomy":"category","embeddable":true,"href":"https:\/\/www.kibrishost.com\/tak\/wp-json\/wp\/v2\/categories?post=150932"},{"taxonomy":"post_tag","embeddable":true,"href":"https:\/\/www.kibrishost.com\/tak\/wp-json\/wp\/v2\/tags?post=150932"}],"curies":[{"name":"wp","href":"https:\/\/api.w.org\/{rel}","templated":true}]}}