{"id":150930,"date":"2026-09-03T09:40:38","date_gmt":"2026-09-03T06:40:38","guid":{"rendered":"https:\/\/www.kibrishost.com\/tak\/girnedeki-gemi-faciasinda-besinci-gun\/"},"modified":"2026-09-03T09:40:38","modified_gmt":"2026-09-03T06:40:38","slug":"girnedeki-gemi-faciasinda-besinci-gun","status":"publish","type":"post","link":"https:\/\/www.kibrishost.com\/tak\/girnedeki-gemi-faciasinda-besinci-gun\/","title":{"rendered":"Girne\u2019deki gemi facias\u0131nda be\u015finci g\u00fcn&#8230;"},"content":{"rendered":"<p>Girne-Ta\u015fucu seferini yaparken alabora olarak batan Filo Jet isimli yolcu gemisinde kaybolan ki\u015fileri arama \u00e7al\u0131\u015fmalar\u0131 be\u015finci g\u00fcn\u00fcnde devam ediyor.Kay\u0131p yak\u0131nlar\u0131 Girne Turizm Liman\u0131\u2019n\u0131n giri\u015finde endi\u015feli bekleyi\u015flerini s\u00fcrd\u00fcr\u00fcyor.D\u00fcn kay\u0131p 20 ki\u015fiden birinin daha cans\u0131z bedenine ula\u015f\u0131lmas\u0131yla faciada hayat\u0131n\u0131 kaybedenlerin say\u0131s\u0131 9\u2019a y\u00fckselirken, kay\u0131p say\u0131s\u0131 19\u2019a d\u00fc\u015ft\u00fc.\u00a0\u00c7al\u0131\u015fmalar gece boyunca devam etti ancak sabah saatlerine kadar yeni bir ki\u015fiye ula\u015f\u0131ld\u0131\u011f\u0131na ili\u015fkin resmi bir a\u00e7\u0131klama yap\u0131lmad\u0131.\u00a0&#8211; Enkaza ula\u015f\u0131ld\u0131Arama \u00e7al\u0131\u015fmalar\u0131nda d\u00fcn Cumhurba\u015fkan\u0131 Tufan Erh\u00fcrman, daha \u00f6nce yakla\u015f\u0131k 550 metre derinlikte tespit edilen cismin Filo Jet isimli yolcu gemisinin enkaz\u0131 oldu\u011funun belirlenmesinin ard\u0131ndan gemiye ula\u015f\u0131ld\u0131\u011f\u0131n\u0131 a\u00e7\u0131klad\u0131.Erh\u00fcrman, TCG I\u015f\u0131n\u2019\u0131n ard\u0131ndan TCG Alemdar\u2019\u0131n da d\u00fcn itibar\u0131yla b\u00f6lgeye ula\u015ft\u0131\u011f\u0131n\u0131, g\u00f6r\u00fcnt\u00fcleme ve arama \u00e7al\u0131\u015fmalar\u0131n\u0131n 24 saat esas\u0131na g\u00f6re kesintisiz s\u00fcrd\u00fcr\u00fcld\u00fc\u011f\u00fcn\u00fc bildirdi. Enkaz\u0131n bulundu\u011fu derinlik nedeniyle \u00e7al\u0131\u015fmalar sualt\u0131 robotlar\u0131 ve \u00f6zel teknik sistemlerle y\u00fcr\u00fct\u00fcl\u00fcyor.\u00a0&#8211; Bir ki\u015finin daha naa\u015f\u0131na ula\u015f\u0131ld\u0131Ba\u015fbakan \u00dcnal \u00dcstel ise, d\u00fcn yapt\u0131\u011f\u0131 a\u00e7\u0131klamada kay\u0131p 20 ki\u015fiden yakla\u015f\u0131k 50 ya\u015flar\u0131nda oldu\u011fu de\u011ferlendirilen bir erkek yolcunun daha naa\u015f\u0131na ula\u015f\u0131ld\u0131\u011f\u0131n\u0131 bildirdi.Naa\u015f, kimlik tespiti amac\u0131yla Lefko\u015fa Dr. Burhan Nalbanto\u011flu Devlet Hastanesi\u2019ne g\u00f6t\u00fcr\u00fcld\u00fc. Bu geli\u015fmeyle birlikte can kayb\u0131 9\u2019a y\u00fckselirken, aranan ki\u015fi say\u0131s\u0131 19\u2019a d\u00fc\u015ft\u00fc.\u00a0Kazan\u0131n nedeni i\u00e7in teknik inceleme yap\u0131lmas\u0131 kapsam\u0131nda T\u00fcrkiye Ula\u015ft\u0131rma ve Altyap\u0131 Bakanl\u0131\u011f\u0131 Ula\u015f\u0131m Emniyeti \u0130nceleme Merkezi Ba\u015fkanl\u0131\u011f\u0131 Deniz Kazalar\u0131 \u0130nceleme Daire Ba\u015fkan\u0131 Durali \u0130\u015fler ve beraberindeki teknik heyet KKTC\u2019ye geldi.\u00a0\u00a0\u00dcstel, yap\u0131lacak teknik \u00e7al\u0131\u015fmalar\u0131n ard\u0131ndan \u00f6n raporun en k\u0131sa s\u00fcrede haz\u0131rlanaca\u011f\u0131n\u0131 a\u00e7\u0131klad\u0131.Olaya ili\u015fkin soru\u015fturmada, kaptan, 7 m\u00fcrettebat ve bir \u015firket \u00e7al\u0131\u015fan\u0131ndan olu\u015fan 9 zanl\u0131n\u0131n \u00fc\u00e7 g\u00fcnl\u00fck tutukluluk s\u00fcresinin dolmas\u0131n\u0131n ard\u0131ndan bug\u00fcn yeniden Girne Kaza Mahkemesi\u2019ne \u00e7\u0131kar\u0131lmas\u0131 bekleniyor.- Bakan Ar\u0131kl\u0131 g\u00f6revden al\u0131nd\u0131, YDP h\u00fck\u00fcmetten \u00e7ekilme karar\u0131 ald\u0131D\u00fcn ak\u015fam saatlerinde Ba\u015fbakan \u00dcstel, Bay\u0131nd\u0131rl\u0131k ve Ula\u015ft\u0131rma Bakan\u0131 Erhan Ar\u0131kl\u0131\u2019y\u0131 g\u00f6revden ald\u0131. G\u00f6revden alma karar\u0131 Cumhurba\u015fkan\u0131 Erh\u00fcrman taraf\u0131ndan imzalanarak Resmi Gazete\u2019de yay\u0131mland\u0131.Karar\u0131n ard\u0131ndan toplanan Yeniden Do\u011fu\u015f Partisi Parti Meclisi ise h\u00fck\u00fcmetten \u00e7ekilme karar\u0131 ald\u0131.\u00a0&#8211; Cevdet Y\u0131lmaz bug\u00fcn geliyorT\u00fcrkiye Cumhurba\u015fkan\u0131 Yard\u0131mc\u0131s\u0131 Cevdet Y\u0131lmaz\u2019\u0131n da Filo Jet facias\u0131 nedeniyle bug\u00fcn KKTC\u2019ye taziye ziyaretinde bulunmas\u0131 bekleniyor.Y\u0131lmaz\u2019\u0131n kay\u0131p yak\u0131nlar\u0131yla g\u00f6r\u00fc\u015fmesi, Cumhurba\u015fkan\u0131 Erh\u00fcrman\u2019a taziye ziyaretinde bulunmas\u0131 ve temaslar\u0131n\u0131n ard\u0131ndan Ba\u015fbakan \u00dcstel ile bas\u0131n a\u00e7\u0131klamas\u0131 yapmas\u0131 \u00f6ng\u00f6r\u00fcl\u00fcyor.\u00a0(CPY\/TU\u011e)\u00a0Haber: Cemre Peral Yan\u0131ker Foto\u011fraf: Erol Uysal<\/p><\/p>\n","protected":false},"excerpt":{"rendered":"<p>Girne-Ta\u015fucu seferini yaparken alabora olarak batan Filo Jet isimli yolcu gemisinde kaybolan ki\u015fileri arama \u00e7al\u0131\u015fmalar\u0131 be\u015finci g\u00fcn\u00fcnde devam ediyor.Kay\u0131p yak\u0131nlar\u0131 Girne Turizm Liman\u0131\u2019n\u0131n giri\u015finde endi\u015feli bekleyi\u015flerini s\u00fcrd\u00fcr\u00fcyor.D\u00fcn kay\u0131p 20 ki\u015fiden birinin daha cans\u0131z bedenine ula\u015f\u0131lmas\u0131yla faciada hayat\u0131n\u0131 kaybedenlerin say\u0131s\u0131 9\u2019a y\u00fckselirken, kay\u0131p say\u0131s\u0131 19\u2019a d\u00fc\u015ft\u00fc.\u00a0\u00c7al\u0131\u015fmalar gece boyunca devam etti ancak sabah saatlerine kadar yeni bir &hellip;<\/p>\n","protected":false},"author":1,"featured_media":150931,"comment_status":"open","ping_status":"open","sticky":false,"template":"","format":"standard","meta":{"footnotes":""},"categories":[2],"tags":[10940,19749,16445,5299,2515],"class_list":["post-150930","post","type-post","status-publish","format-standard","has-post-thumbnail","hentry","category-kibris","tag-besinci","tag-faciasinda","tag-gemi","tag-girnedeki","tag-gun"],"_links":{"self":[{"href":"https:\/\/www.kibrishost.com\/tak\/wp-json\/wp\/v2\/posts\/150930"}],"collection":[{"href":"https:\/\/www.kibrishost.com\/tak\/wp-json\/wp\/v2\/posts"}],"about":[{"href":"https:\/\/www.kibrishost.com\/tak\/wp-json\/wp\/v2\/types\/post"}],"author":[{"embeddable":true,"href":"https:\/\/www.kibrishost.com\/tak\/wp-json\/wp\/v2\/users\/1"}],"replies":[{"embeddable":true,"href":"https:\/\/www.kibrishost.com\/tak\/wp-json\/wp\/v2\/comments?post=150930"}],"version-history":[{"count":0,"href":"https:\/\/www.kibrishost.com\/tak\/wp-json\/wp\/v2\/posts\/150930\/revisions"}],"wp:featuredmedia":[{"embeddable":true,"href":"https:\/\/www.kibrishost.com\/tak\/wp-json\/wp\/v2\/media\/150931"}],"wp:attachment":[{"href":"https:\/\/www.kibrishost.com\/tak\/wp-json\/wp\/v2\/media?parent=150930"}],"wp:term":[{"taxonomy":"category","embeddable":true,"href":"https:\/\/www.kibrishost.com\/tak\/wp-json\/wp\/v2\/categories?post=150930"},{"taxonomy":"post_tag","embeddable":true,"href":"https:\/\/www.kibrishost.com\/tak\/wp-json\/wp\/v2\/tags?post=150930"}],"curies":[{"name":"wp","href":"https:\/\/api.w.org\/{rel}","templated":true}]}}