{"id":150926,"date":"2026-09-03T09:20:34","date_gmt":"2026-09-03T06:20:34","guid":{"rendered":"https:\/\/www.kibrishost.com\/tak\/celer-ulkede-yonetim-ve-denetim-mekanizmalari-coktu\/"},"modified":"2026-09-03T09:20:34","modified_gmt":"2026-09-03T06:20:34","slug":"celer-ulkede-yonetim-ve-denetim-mekanizmalari-coktu","status":"publish","type":"post","link":"https:\/\/www.kibrishost.com\/tak\/celer-ulkede-yonetim-ve-denetim-mekanizmalari-coktu\/","title":{"rendered":"\u00c7eler: \u201c\u00dclkede y\u00f6netim ve denetim mekanizmalar\u0131 \u00e7\u00f6kt\u00fc\u201d"},"content":{"rendered":"<p>Toplumcu Demokrasi Partisi (TDP) Genel Ba\u015fkan\u0131 Zeki \u00c7eler, \u00fclkedeki y\u00f6netim ve denetim mekanizmalar\u0131n\u0131n \u00e7\u00f6kt\u00fc\u011f\u00fcn\u00fc savunarak, h\u00fck\u00fcmete istifa \u00e7a\u011fr\u0131s\u0131 yapt\u0131.<\/p>\n<p>\u00c7eler, Bay\u0131nd\u0131rl\u0131k ve Ula\u015ft\u0131rma Bakan\u0131\u2019n\u0131n g\u00f6revden al\u0131nmas\u0131 karar\u0131n\u0131n ise hem ge\u00e7 kal\u0131nm\u0131\u015f hem de h\u00fck\u00fcmetin b\u00fct\u00fcn\u00fcn\u00fcn siyasi sorumlulu\u011funu kar\u015f\u0131lamaktan uzak oldu\u011funu belirtti.<\/p>\n<p>\u00c7eler yapt\u0131\u011f\u0131 yaz\u0131l\u0131 a\u00e7\u0131klamada, \u00fclkede ya\u015fanan sorunlar\u0131n tek tek bakanlar veya m\u00fcnferit olaylar \u00fczerinden a\u00e7\u0131klanamayaca\u011f\u0131n\u0131 kaydederek, \u201cBu \u00fclkedeki y\u00f6netememe sorunu art\u0131k hi\u00e7 kimsenin ink\u00e2r edemeyece\u011fi boyutlara ula\u015fm\u0131\u015f durumdad\u0131r\u201d dedi.<\/p>\n<p>-\u201c\u0130\u015f bilmezli\u011fin ve denetimsizli\u011fin sonu\u00e7lar\u0131n\u0131 halk \u00f6d\u00fcyor\u201d<\/p>\n<p>\u0130\u015f bilmezlik, kural tan\u0131mazl\u0131k ve denetimsizli\u011fin hemen her alanda a\u011f\u0131r sonu\u00e7lar do\u011furdu\u011funu belirten \u00c7eler, devletin temel sorumluluklar\u0131ndan birinin etkin bir denetim mekanizmas\u0131 kurmak oldu\u011funu ifade etti. H\u00fck\u00fcmetin bu sorumlulu\u011funu yerine getirmedi\u011fini savunan \u00c7eler, bunun sonu\u00e7lar\u0131n\u0131 halk\u0131n \u00f6dedi\u011fini belirtti.<\/p>\n<p>\u201cBu ka\u00e7\u0131nc\u0131 felakettir?\u201d diye soran Zeki \u00c7eler, insan ya\u015fam\u0131n\u0131n korunmas\u0131n\u0131n devlet y\u00f6netiminin tart\u0131\u015fmas\u0131z \u00f6nceli\u011fi olmas\u0131 gerekti\u011fini kaydetti. \u00c7eler, \u201c\u0130nsan ya\u015fam\u0131na sayg\u0131n\u0131n ayaklar alt\u0131na al\u0131nmas\u0131, denetimsizli\u011fin ve sorumsuzlu\u011fun \u00fclke normaline d\u00f6n\u00fc\u015fmesi kabul edilemez\u201d dedi.<\/p>\n<p>Sorumlulu\u011fun yaln\u0131zca g\u00f6revden al\u0131nan bakana y\u00fcklenemeyece\u011fini savunan \u00c7eler a\u00e7\u0131klamas\u0131nda, \u201cH\u00fck\u00fcmet topyek\u00fbn istifa etmek zorundad\u0131r. Ba\u015fbakan\u0131n bu saatten sonra atabilece\u011fi tek do\u011fru ad\u0131m h\u00fck\u00fcmetinin istifas\u0131n\u0131 a\u00e7\u0131klamakt\u0131r\u201d ifadelerine yer verdi.\u00a0<\/p>\n<p>TDP\u2019nin iktidar anlay\u0131\u015f\u0131n\u0131n merkezinde, denetim ve hesap verebilirli\u011fin olaca\u011f\u0131n\u0131 belirten \u00c7eler, \u015funlar\u0131 kaydetti:<\/p>\n<p>\u201cDenetleyece\u011fiz. Kim g\u00f6revini yapmad\u0131ysa, kim sorumlulu\u011funu yerine getirmediyse, kim ihmaliyle bu halk\u0131 bedel \u00f6demek zorunda b\u0131rakt\u0131ysa hesab\u0131n\u0131 soraca\u011f\u0131z.\u201d <\/p><\/p>\n","protected":false},"excerpt":{"rendered":"<p>Toplumcu Demokrasi Partisi (TDP) Genel Ba\u015fkan\u0131 Zeki \u00c7eler, \u00fclkedeki y\u00f6netim ve denetim mekanizmalar\u0131n\u0131n \u00e7\u00f6kt\u00fc\u011f\u00fcn\u00fc savunarak, h\u00fck\u00fcmete istifa \u00e7a\u011fr\u0131s\u0131 yapt\u0131. \u00c7eler, Bay\u0131nd\u0131rl\u0131k ve Ula\u015ft\u0131rma Bakan\u0131\u2019n\u0131n g\u00f6revden al\u0131nmas\u0131 karar\u0131n\u0131n ise hem ge\u00e7 kal\u0131nm\u0131\u015f hem de h\u00fck\u00fcmetin b\u00fct\u00fcn\u00fcn\u00fcn siyasi sorumlulu\u011funu kar\u015f\u0131lamaktan uzak oldu\u011funu belirtti. \u00c7eler yapt\u0131\u011f\u0131 yaz\u0131l\u0131 a\u00e7\u0131klamada, \u00fclkede ya\u015fanan sorunlar\u0131n tek tek bakanlar veya m\u00fcnferit olaylar \u00fczerinden &hellip;<\/p>\n","protected":false},"author":1,"featured_media":150927,"comment_status":"open","ping_status":"open","sticky":false,"template":"","format":"standard","meta":{"footnotes":""},"categories":[2],"tags":[1901,11904,551,19249,5236,2247],"class_list":["post-150926","post","type-post","status-publish","format-standard","has-post-thumbnail","hentry","category-kibris","tag-celer","tag-coktu","tag-denetim","tag-mekanizmalari","tag-ulkede","tag-yonetim"],"_links":{"self":[{"href":"https:\/\/www.kibrishost.com\/tak\/wp-json\/wp\/v2\/posts\/150926"}],"collection":[{"href":"https:\/\/www.kibrishost.com\/tak\/wp-json\/wp\/v2\/posts"}],"about":[{"href":"https:\/\/www.kibrishost.com\/tak\/wp-json\/wp\/v2\/types\/post"}],"author":[{"embeddable":true,"href":"https:\/\/www.kibrishost.com\/tak\/wp-json\/wp\/v2\/users\/1"}],"replies":[{"embeddable":true,"href":"https:\/\/www.kibrishost.com\/tak\/wp-json\/wp\/v2\/comments?post=150926"}],"version-history":[{"count":0,"href":"https:\/\/www.kibrishost.com\/tak\/wp-json\/wp\/v2\/posts\/150926\/revisions"}],"wp:featuredmedia":[{"embeddable":true,"href":"https:\/\/www.kibrishost.com\/tak\/wp-json\/wp\/v2\/media\/150927"}],"wp:attachment":[{"href":"https:\/\/www.kibrishost.com\/tak\/wp-json\/wp\/v2\/media?parent=150926"}],"wp:term":[{"taxonomy":"category","embeddable":true,"href":"https:\/\/www.kibrishost.com\/tak\/wp-json\/wp\/v2\/categories?post=150926"},{"taxonomy":"post_tag","embeddable":true,"href":"https:\/\/www.kibrishost.com\/tak\/wp-json\/wp\/v2\/tags?post=150926"}],"curies":[{"name":"wp","href":"https:\/\/api.w.org\/{rel}","templated":true}]}}