{"id":150924,"date":"2026-09-03T09:20:20","date_gmt":"2026-09-03T06:20:20","guid":{"rendered":"https:\/\/www.kibrishost.com\/tak\/israil-basbakani-netanyahu-gazzeden-cikmayacagiz\/"},"modified":"2026-09-03T09:20:20","modified_gmt":"2026-09-03T06:20:20","slug":"israil-basbakani-netanyahu-gazzeden-cikmayacagiz","status":"publish","type":"post","link":"https:\/\/www.kibrishost.com\/tak\/israil-basbakani-netanyahu-gazzeden-cikmayacagiz\/","title":{"rendered":"\u0130srail Ba\u015fbakan\u0131 Netanyahu: Gazze&#8217;den \u00e7\u0131kmayaca\u011f\u0131z"},"content":{"rendered":"<p>\u0130srail Ba\u015fbakan\u0131 Benyamin Netanyahu, Gazze&#8217;de kal\u0131c\u0131 olduklar\u0131n\u0131 s\u00f6yledi. \u0130srail ordusu an itibar\u0131yla b\u00f6lgenin y\u00fczde 60&#8217;\u0131n\u0131 kontrol ediyor.<\/p>\n<p>\u0130srail Ba\u015fbakan\u0131 Benyamin Netanyahu, Gazze \u015eeridi&#8217;ndeki bir \u0130srail askeri \u00fcss\u00fcn\u00fc ziyareti s\u0131ras\u0131nda yapt\u0131\u011f\u0131 a\u00e7\u0131klamada, b\u00f6lgenin yakla\u015f\u0131k y\u00fczde 60&#8217;\u0131n\u0131 kontrol alt\u0131nda tutmaya devam edeceklerini s\u00f6yledi.<\/p>\n<p>Netanyahu, \u0130srail Ba\u015fbakanl\u0131k Ofisi taraf\u0131ndan yay\u0131nlanan video mesaj\u0131nda, \u0130srail askerlerinin \u00e7ekilmesini \u00f6ng\u00f6ren ABD destekli ate\u015fkes plan\u0131na ra\u011fmen birliklerin geri \u00e7ekilmeyece\u011fini vurgulad\u0131.<\/p>\n<p>2025 y\u0131l\u0131n\u0131n Ekim ay\u0131nda sa\u011flanan ate\u015fkesin ard\u0131ndan ilk kez Gazze \u015eeridi&#8217;ne giden Netanyahu, Hamas ile \u0130srail kontrol\u00fc alt\u0131ndaki b\u00f6lgeleri ay\u0131ran &#8220;Sar\u0131 Hat&#8221; yak\u0131n\u0131nda yapt\u0131\u011f\u0131 a\u00e7\u0131klamada, &#8220;B\u00f6lgeyi kontrol ediyoruz. Geri \u00e7ekilmiyoruz; bu hat \u00fczerinde kal\u0131yoruz. \u015eeridin y\u00fczde 60&#8217;\u0131n\u0131 kontrol ediyoruz ve durmuyoruz, \u00e7\u00fcnk\u00fc bizi her g\u00fcn tehdit eden ter\u00f6ristleri yok ediyoruz&#8221; ifadelerini kulland\u0131.<\/p>\n<p>&#8220;Hamas&#8217;\u0131 silahs\u0131zland\u0131rmak i\u00e7in her \u015feyi yap\u0131yoruz. Gazze art\u0131k \u0130srail i\u00e7in tehdit olu\u015fturmayacak&#8221; diyen Benyamin Netanyahu, &#8220;H\u00e2l\u00e2 tamamlanmas\u0131 gereken bir i\u015f oldu\u011funu ve bunu tamamlayacaklar\u0131n\u0131&#8221; dile getirdi.<\/p>\n<p>ABD&#8217;nin \u00f6nc\u00fcl\u00fck etti\u011fi bar\u0131\u015f plan\u0131, Hamas&#8217;\u0131n silahs\u0131zland\u0131r\u0131lmas\u0131n\u0131n ard\u0131ndan \u0130srail askerlerinin b\u00f6lgeden \u00e7ekilmesini \u00f6ng\u00f6r\u00fcyor.<\/p><\/p>\n","protected":false},"excerpt":{"rendered":"<p>\u0130srail Ba\u015fbakan\u0131 Benyamin Netanyahu, Gazze&#8217;de kal\u0131c\u0131 olduklar\u0131n\u0131 s\u00f6yledi. \u0130srail ordusu an itibar\u0131yla b\u00f6lgenin y\u00fczde 60&#8217;\u0131n\u0131 kontrol ediyor. \u0130srail Ba\u015fbakan\u0131 Benyamin Netanyahu, Gazze \u015eeridi&#8217;ndeki bir \u0130srail askeri \u00fcss\u00fcn\u00fc ziyareti s\u0131ras\u0131nda yapt\u0131\u011f\u0131 a\u00e7\u0131klamada, b\u00f6lgenin yakla\u015f\u0131k y\u00fczde 60&#8217;\u0131n\u0131 kontrol alt\u0131nda tutmaya devam edeceklerini s\u00f6yledi. Netanyahu, \u0130srail Ba\u015fbakanl\u0131k Ofisi taraf\u0131ndan yay\u0131nlanan video mesaj\u0131nda, \u0130srail askerlerinin \u00e7ekilmesini \u00f6ng\u00f6ren ABD destekli &hellip;<\/p>\n","protected":false},"author":1,"featured_media":150925,"comment_status":"open","ping_status":"open","sticky":false,"template":"","format":"standard","meta":{"footnotes":""},"categories":[4],"tags":[825,48737,3772,372,3246],"class_list":["post-150924","post","type-post","status-publish","format-standard","has-post-thumbnail","hentry","category-dunya","tag-basbakani","tag-cikmayacagiz","tag-gazzeden","tag-israil","tag-netanyahu"],"_links":{"self":[{"href":"https:\/\/www.kibrishost.com\/tak\/wp-json\/wp\/v2\/posts\/150924"}],"collection":[{"href":"https:\/\/www.kibrishost.com\/tak\/wp-json\/wp\/v2\/posts"}],"about":[{"href":"https:\/\/www.kibrishost.com\/tak\/wp-json\/wp\/v2\/types\/post"}],"author":[{"embeddable":true,"href":"https:\/\/www.kibrishost.com\/tak\/wp-json\/wp\/v2\/users\/1"}],"replies":[{"embeddable":true,"href":"https:\/\/www.kibrishost.com\/tak\/wp-json\/wp\/v2\/comments?post=150924"}],"version-history":[{"count":0,"href":"https:\/\/www.kibrishost.com\/tak\/wp-json\/wp\/v2\/posts\/150924\/revisions"}],"wp:featuredmedia":[{"embeddable":true,"href":"https:\/\/www.kibrishost.com\/tak\/wp-json\/wp\/v2\/media\/150925"}],"wp:attachment":[{"href":"https:\/\/www.kibrishost.com\/tak\/wp-json\/wp\/v2\/media?parent=150924"}],"wp:term":[{"taxonomy":"category","embeddable":true,"href":"https:\/\/www.kibrishost.com\/tak\/wp-json\/wp\/v2\/categories?post=150924"},{"taxonomy":"post_tag","embeddable":true,"href":"https:\/\/www.kibrishost.com\/tak\/wp-json\/wp\/v2\/tags?post=150924"}],"curies":[{"name":"wp","href":"https:\/\/api.w.org\/{rel}","templated":true}]}}