{"id":150920,"date":"2026-09-03T09:20:12","date_gmt":"2026-09-03T06:20:12","guid":{"rendered":"https:\/\/www.kibrishost.com\/tak\/von-der-leyen-avrupa-yeni-bir-guvenlik-donemine-hazirlanmali\/"},"modified":"2026-09-03T09:20:12","modified_gmt":"2026-09-03T06:20:12","slug":"von-der-leyen-avrupa-yeni-bir-guvenlik-donemine-hazirlanmali","status":"publish","type":"post","link":"https:\/\/www.kibrishost.com\/tak\/von-der-leyen-avrupa-yeni-bir-guvenlik-donemine-hazirlanmali\/","title":{"rendered":"Von der Leyen: Avrupa &#8216;yeni bir g\u00fcvenlik d\u00f6nemine&#8217; haz\u0131rlanmal\u0131"},"content":{"rendered":"<p>Br\u00fcksel, 3 Eyl\u00fcl 26 (TAK). Avrupa Komisyonu Ba\u015fkan\u0131 Ursula Von der Leyen, Rusya\u2019n\u0131n su\u00e7land\u0131\u011f\u0131 drone sabotaj\u0131n\u0131n ard\u0131ndan Avrupa\u2019n\u0131n &#8216;yeni bir g\u00fcvenlik d\u00f6nemine&#8217; haz\u0131rlanmas\u0131 gerekti\u011fini belirtti. NATO Genel Sekreteri Rutte ise \u0130ttifak\u2019\u0131n bu tehditlere kar\u015f\u0131 gerekli kapasiteye sahip olmas\u0131 gerekti\u011fini s\u00f6yledi.<\/p>\n<p>Avrupa Komisyonu Ba\u015fkan\u0131 Ursula von der Leyen, ge\u00e7en ay Almanya\u2019da Rusya taraf\u0131ndan ger\u00e7ekle\u015ftirildi\u011fi belirtilen insans\u0131z hava arac\u0131 (\u0130HA) sabotaj\u0131 gibi olaylar\u0131n \u201cyeni normal\u201d haline geldi\u011fini s\u00f6yledi. Von der Leyen, bunun Rusya\u2019n\u0131n Avrupa Birli\u011fi topraklar\u0131ndaki faaliyetlerinde yeni bir t\u0131rman\u0131\u015fa i\u015faret etti\u011fini belirtti.<\/p>\n<p>Von der Leyen, NATO Genel Sekreteri Mark Rutte ile \u00e7ar\u015famba g\u00fcn\u00fc Br\u00fcksel\u2019de d\u00fczenledi\u011fi bas\u0131n toplant\u0131s\u0131nda, \u201cLeipzig, do\u011frudan Rusya\u2019ya atfedilen ve Avrupa Birli\u011fi topraklar\u0131nda ya\u015fanan yeni bir t\u0131rman\u0131\u015fa i\u015faret ediyor. Ancak bu, giderek daha tehlikeli hale gelen daha geni\u015f bir olaylar zincirinin par\u00e7as\u0131,\u201d dedi.<\/p>\n<p>Von der Leyen, sald\u0131r\u0131n\u0131n ba\u015far\u0131l\u0131 olmas\u0131 halinde \u201cb\u00fcy\u00fck \u00e7apta hasara ve muhtemelen can kay\u0131plar\u0131na\u201d yol a\u00e7abilece\u011fini s\u00f6yledi.<\/p>\n<p>\u201cAvrupal\u0131lar zor bir ger\u00e7ekle kar\u015f\u0131 kar\u015f\u0131ya: Bu, art\u0131k yeni normal,\u201d diyen von der Leyen, AB\u2019nin Rusya\u2019n\u0131n \u201cpervas\u0131zl\u0131\u011f\u0131na\u201d daha h\u0131zl\u0131 ve daha etkili kar\u015f\u0131l\u0131k vermesi gerekti\u011fini belirtti.<\/p>\n<p>Avrupa Birli\u011fi\u2019nin bu t\u00fcr sald\u0131r\u0131lara m\u00fcdahale edebilecek \u201ch\u0131zl\u0131 m\u00fcdahale ekiplerine\u201d sahip oldu\u011funu s\u00f6yleyen von der Leyen, Rusya\u2019ya y\u00f6nelik mevcut yapt\u0131r\u0131m paketine yeni yapt\u0131r\u0131mlar eklemeye haz\u0131r olduklar\u0131n\u0131 da a\u00e7\u0131klad\u0131. AB d\u0131\u015fi\u015fleri bakanlar\u0131, ek yapt\u0131r\u0131m kararlar\u0131n\u0131 g\u00f6r\u00fc\u015fmek \u00fczere \u0130rlanda\u2019da bir araya geldi.<\/p>\n<p>Von der Leyen ayr\u0131ca Avrupa \u00fclkelerinin g\u00fcnl\u00fck ya\u015famda kullan\u0131lan altyap\u0131y\u0131 da potansiyel \u00f6n cephe hedefleri olarak g\u00f6rmesi ve buna g\u00f6re korumas\u0131 gerekti\u011fini s\u00f6yledi.<\/p>\n<p>NATO Genel Sekreteri Mark Rutte de von der Leyen\u2019in a\u00e7\u0131klamalar\u0131na destek verdi. Rusya\u2019n\u0131n Ukrayna\u2019daki kapsaml\u0131 i\u015fgalini s\u00fcrd\u00fcr\u00fcrken \u201cgiderek daha pervas\u0131z\u201d hale geldi\u011fini s\u00f6yleyen Rutte, tehdidin art\u0131k Avrupa ve NATO topraklar\u0131na da uzand\u0131\u011f\u0131n\u0131 belirtti.<\/p>\n<p>\u201cRusya\u2019n\u0131n olu\u015fturdu\u011fu tehlike a\u00e7\u0131k\u201d diyen Rutte, Moskova\u2019n\u0131n son d\u00f6nemdeki tehditler kar\u015f\u0131s\u0131nda Avrupa ve NATO\u2019nun b\u00f6l\u00fcnece\u011fini ya da Ukrayna\u2019ya deste\u011fini s\u00fcrd\u00fcrmekten vazge\u00e7ece\u011fini d\u00fc\u015f\u00fcnmesi halinde yan\u0131ld\u0131\u011f\u0131n\u0131 s\u00f6yledi.<\/p>\n<p>Von der Leyen ve Rutte, Almanya h\u00fck\u00fcmetinin a\u011fustos ay\u0131n\u0131n ba\u015f\u0131nda \u00fclkenin do\u011fusundaki bir havaliman\u0131nda \u00fczerinde patlay\u0131c\u0131 bulunan bir drone tespit edilmesinden Rusya\u2019y\u0131 resmen sorumlu tutmas\u0131ndan bir g\u00fcn sonra Br\u00fcksel\u2019de bir araya geldi. Kremlin ise su\u00e7lamalar\u0131 reddetti.<\/p>\n<p>Rusya D\u0131\u015fi\u015fleri Bakan Yard\u0131mc\u0131s\u0131 Aleksandr Gru\u015fko ise \u00e7ar\u015famba g\u00fcn\u00fc Berlin\u2019i \u201ct\u0131rman\u0131\u015f yolunu se\u00e7mekle\u201d su\u00e7lad\u0131. Kremlin yanl\u0131s\u0131 medya kurulu\u015flar\u0131n\u0131n aktard\u0131\u011f\u0131na g\u00f6re Gru\u015fko, Avrupa liderlerini de Ukrayna\u2019n\u0131n \u201cter\u00f6rizmi\u201d olarak nitelendirdi\u011fi faaliyetleri desteklemekle su\u00e7lad\u0131.<\/p>\n","protected":false},"excerpt":{"rendered":"<p>Br\u00fcksel, 3 Eyl\u00fcl 26 (TAK). Avrupa Komisyonu Ba\u015fkan\u0131 Ursula Von der Leyen, Rusya\u2019n\u0131n su\u00e7land\u0131\u011f\u0131 drone sabotaj\u0131n\u0131n ard\u0131ndan Avrupa\u2019n\u0131n &#8216;yeni bir g\u00fcvenlik d\u00f6nemine&#8217; haz\u0131rlanmas\u0131 gerekti\u011fini belirtti. NATO Genel Sekreteri Rutte ise \u0130ttifak\u2019\u0131n bu tehditlere kar\u015f\u0131 gerekli kapasiteye sahip olmas\u0131 gerekti\u011fini s\u00f6yledi. Avrupa Komisyonu Ba\u015fkan\u0131 Ursula von der Leyen, ge\u00e7en ay Almanya\u2019da Rusya taraf\u0131ndan ger\u00e7ekle\u015ftirildi\u011fi belirtilen insans\u0131z &hellip;<\/p>\n","protected":false},"author":1,"featured_media":150921,"comment_status":"open","ping_status":"open","sticky":false,"template":"","format":"standard","meta":{"footnotes":""},"categories":[4],"tags":[1244,64,5634,4066,734,30712,15573,5633,325],"class_list":["post-150920","post","type-post","status-publish","format-standard","has-post-thumbnail","hentry","category-dunya","tag-avrupa","tag-bir","tag-der","tag-donemine","tag-guvenlik","tag-hazirlanmali","tag-leyen","tag-von","tag-yeni"],"_links":{"self":[{"href":"https:\/\/www.kibrishost.com\/tak\/wp-json\/wp\/v2\/posts\/150920"}],"collection":[{"href":"https:\/\/www.kibrishost.com\/tak\/wp-json\/wp\/v2\/posts"}],"about":[{"href":"https:\/\/www.kibrishost.com\/tak\/wp-json\/wp\/v2\/types\/post"}],"author":[{"embeddable":true,"href":"https:\/\/www.kibrishost.com\/tak\/wp-json\/wp\/v2\/users\/1"}],"replies":[{"embeddable":true,"href":"https:\/\/www.kibrishost.com\/tak\/wp-json\/wp\/v2\/comments?post=150920"}],"version-history":[{"count":0,"href":"https:\/\/www.kibrishost.com\/tak\/wp-json\/wp\/v2\/posts\/150920\/revisions"}],"wp:featuredmedia":[{"embeddable":true,"href":"https:\/\/www.kibrishost.com\/tak\/wp-json\/wp\/v2\/media\/150921"}],"wp:attachment":[{"href":"https:\/\/www.kibrishost.com\/tak\/wp-json\/wp\/v2\/media?parent=150920"}],"wp:term":[{"taxonomy":"category","embeddable":true,"href":"https:\/\/www.kibrishost.com\/tak\/wp-json\/wp\/v2\/categories?post=150920"},{"taxonomy":"post_tag","embeddable":true,"href":"https:\/\/www.kibrishost.com\/tak\/wp-json\/wp\/v2\/tags?post=150920"}],"curies":[{"name":"wp","href":"https:\/\/api.w.org\/{rel}","templated":true}]}}