{"id":150918,"date":"2026-09-03T09:10:22","date_gmt":"2026-09-03T06:10:22","guid":{"rendered":"https:\/\/www.kibrishost.com\/tak\/israil-basbakani-netanyahu-iranda-yonetimi-devireceklerini-iddia-etti\/"},"modified":"2026-09-03T09:10:22","modified_gmt":"2026-09-03T06:10:22","slug":"israil-basbakani-netanyahu-iranda-yonetimi-devireceklerini-iddia-etti","status":"publish","type":"post","link":"https:\/\/www.kibrishost.com\/tak\/israil-basbakani-netanyahu-iranda-yonetimi-devireceklerini-iddia-etti\/","title":{"rendered":"\u0130srail Ba\u015fbakan\u0131 Netanyahu, &#8220;\u0130ran&#8217;da y\u00f6netimi devireceklerini&#8221; iddia etti"},"content":{"rendered":"<p>\u0130srail Ba\u015fbakan\u0131 Binyamin Netanyahu, \u0130ran ile sava\u015f\u0131n hen\u00fcz bitmedi\u011fini ve &#8220;\u0130ran&#8217;da y\u00f6netimin d\u00fc\u015fece\u011fini&#8221; \u00f6ne s\u00fcrd\u00fc.<\/p>\n<p>\u0130srail&#8217;de yay\u0131n yapan i24 televizyon kanal\u0131na konu\u015fan Netanyahu, \u0130ran ile \u00e7at\u0131\u015fmalar\u0131n yeniden ba\u015flayabilece\u011fi imas\u0131nda bulundu.<\/p>\n<p>&#8220;\u0130ran ile i\u015fimiz hen\u00fcz bitmedi.&#8221; diyen Netanyahu, zay\u0131flad\u0131\u011f\u0131n\u0131 savundu\u011fu \u0130ran y\u00f6netimini devireceklerini iddia etti.<\/p>\n<p>Netanyahu, &#8220;Y\u00f6netimim alt\u0131ndaki t\u00fcm sistemlerimiz (\u0130ran&#8217;da) rejimi devirmek ve onu yenmek i\u00e7in \u00e7al\u0131\u015f\u0131yor.&#8221; ifadelerini kulland\u0131.<\/p><\/p>\n","protected":false},"excerpt":{"rendered":"<p>\u0130srail Ba\u015fbakan\u0131 Binyamin Netanyahu, \u0130ran ile sava\u015f\u0131n hen\u00fcz bitmedi\u011fini ve &#8220;\u0130ran&#8217;da y\u00f6netimin d\u00fc\u015fece\u011fini&#8221; \u00f6ne s\u00fcrd\u00fc. \u0130srail&#8217;de yay\u0131n yapan i24 televizyon kanal\u0131na konu\u015fan Netanyahu, \u0130ran ile \u00e7at\u0131\u015fmalar\u0131n yeniden ba\u015flayabilece\u011fi imas\u0131nda bulundu. &#8220;\u0130ran ile i\u015fimiz hen\u00fcz bitmedi.&#8221; diyen Netanyahu, zay\u0131flad\u0131\u011f\u0131n\u0131 savundu\u011fu \u0130ran y\u00f6netimini devireceklerini iddia etti. Netanyahu, &#8220;Y\u00f6netimim alt\u0131ndaki t\u00fcm sistemlerimiz (\u0130ran&#8217;da) rejimi devirmek ve onu yenmek &hellip;<\/p>\n","protected":false},"author":1,"featured_media":150919,"comment_status":"open","ping_status":"open","sticky":false,"template":"","format":"standard","meta":{"footnotes":""},"categories":[4],"tags":[825,20629,290,289,3069,372,3246,218],"class_list":["post-150918","post","type-post","status-publish","format-standard","has-post-thumbnail","hentry","category-dunya","tag-basbakani","tag-devireceklerini","tag-etti","tag-iddia","tag-iranda","tag-israil","tag-netanyahu","tag-yonetimi"],"_links":{"self":[{"href":"https:\/\/www.kibrishost.com\/tak\/wp-json\/wp\/v2\/posts\/150918"}],"collection":[{"href":"https:\/\/www.kibrishost.com\/tak\/wp-json\/wp\/v2\/posts"}],"about":[{"href":"https:\/\/www.kibrishost.com\/tak\/wp-json\/wp\/v2\/types\/post"}],"author":[{"embeddable":true,"href":"https:\/\/www.kibrishost.com\/tak\/wp-json\/wp\/v2\/users\/1"}],"replies":[{"embeddable":true,"href":"https:\/\/www.kibrishost.com\/tak\/wp-json\/wp\/v2\/comments?post=150918"}],"version-history":[{"count":0,"href":"https:\/\/www.kibrishost.com\/tak\/wp-json\/wp\/v2\/posts\/150918\/revisions"}],"wp:featuredmedia":[{"embeddable":true,"href":"https:\/\/www.kibrishost.com\/tak\/wp-json\/wp\/v2\/media\/150919"}],"wp:attachment":[{"href":"https:\/\/www.kibrishost.com\/tak\/wp-json\/wp\/v2\/media?parent=150918"}],"wp:term":[{"taxonomy":"category","embeddable":true,"href":"https:\/\/www.kibrishost.com\/tak\/wp-json\/wp\/v2\/categories?post=150918"},{"taxonomy":"post_tag","embeddable":true,"href":"https:\/\/www.kibrishost.com\/tak\/wp-json\/wp\/v2\/tags?post=150918"}],"curies":[{"name":"wp","href":"https:\/\/api.w.org\/{rel}","templated":true}]}}