{"id":150916,"date":"2026-09-03T09:10:20","date_gmt":"2026-09-03T06:10:20","guid":{"rendered":"https:\/\/www.kibrishost.com\/tak\/new-yorkta-ilkokul-ve-ortaokul-ogrencilerine-derste-yapay-zeka-yasagi\/"},"modified":"2026-09-03T09:10:20","modified_gmt":"2026-09-03T06:10:20","slug":"new-yorkta-ilkokul-ve-ortaokul-ogrencilerine-derste-yapay-zeka-yasagi","status":"publish","type":"post","link":"https:\/\/www.kibrishost.com\/tak\/new-yorkta-ilkokul-ve-ortaokul-ogrencilerine-derste-yapay-zeka-yasagi\/","title":{"rendered":"New York\u2019ta ilkokul ve ortaokul \u00f6\u011frencilerine derste yapay zeka yasa\u011f\u0131"},"content":{"rendered":"<p>ABD&#8217;nin New York kentinde ilkokul ve ortaokul \u00f6\u011frencilerinin derslerde yapay zeka kullanmas\u0131n\u0131n yasakland\u0131\u011f\u0131 bildirildi.<\/p>\n<p>New York Belediye Ba\u015fkan\u0131 Zohran Mamdani, yapt\u0131\u011f\u0131 bas\u0131n a\u00e7\u0131klamas\u0131nda, 2026-2027 e\u011fitim \u00f6\u011fretim y\u0131l\u0131na ili\u015fkin de\u011ferlendirmelerde bulundu.<\/p>\n<p>Zohran Mamdani, New York&#8217;ta devlet okullar\u0131ndaki ilkokul ve ortaokul \u00f6\u011frencilerinin, gelecek e\u011fitim \u00f6\u011fretim y\u0131l\u0131nda derslerde yapay zeka teknolojisinden faydalanmas\u0131n\u0131 ge\u00e7ici olarak yasaklad\u0131\u011f\u0131n\u0131 belirtti.<\/p>\n<p>Mamdani, \u00fclkenin en b\u00fcy\u00fck okul b\u00f6lgesindeki ilkokul ve ortaokul \u00e7ocuklar\u0131n\u0131n &#8220;\u00f6\u011frenci odakl\u0131 \u00fcretken yapay zeka kullanan t\u00fcm yaz\u0131l\u0131mlar\u0131&#8221; kullanmas\u0131n\u0131 yasaklama karar\u0131 ald\u0131klar\u0131n\u0131 duyurdu.<\/p>\n<p>Bu politikan\u0131n \u00fclkedeki en kapsaml\u0131 yasaklama karar\u0131 anlam\u0131na geldi\u011fine i\u015faret eden Mamdani, &#8220;\u00c7ocuklar\u0131m\u0131z her g\u00fcn okula geldiklerinde onlara soru sormay\u0131, varsay\u0131mlar\u0131 sorgulamay\u0131, \u00f6nermeyi, ara\u015ft\u0131rmay\u0131, neden diye sormay\u0131 \u00f6\u011fretiyoruz. Okullar\u0131m\u0131zda yapay zeka s\u00f6z konusu oldu\u011funda da ayn\u0131 \u015feyi yapma y\u00fck\u00fcml\u00fcl\u00fc\u011f\u00fcm\u00fcz var.&#8221; ifadelerini kulland\u0131.<\/p>\n<p>New York Belediyesinin karar\u0131na g\u00f6re ayr\u0131ca ekran kullan\u0131m s\u00fcresi, 3. ila 5. s\u0131n\u0131flar i\u00e7in g\u00fcnde 30 dakika, 6. ila 8. s\u0131n\u0131flar i\u00e7in ise 45 dakika ile s\u0131n\u0131rland\u0131r\u0131l\u0131rken, yard\u0131mc\u0131 sohbet robotlar\u0131 da t\u00fcm s\u0131n\u0131flarda yasakland\u0131.<\/p>\n<p>Di\u011fer taraftan, bu k\u0131s\u0131tlamalar do\u011frultusunda, okul sisteminde kullan\u0131lan t\u00fcm teknoloji ara\u00e7lar\u0131 g\u00f6zden ge\u00e7irilecek ve gerekli olmad\u0131\u011f\u0131 belirlenen baz\u0131 ara\u00e7lar kullan\u0131mdan kald\u0131r\u0131lacak.<\/p>\n<p>New York eyaletinde ge\u00e7en e\u011fitim \u00f6\u011fretim y\u0131l\u0131nda \u00f6\u011frencilerin okullarda cep telefonu kullanmas\u0131 yasaklanm\u0131\u015ft\u0131.<\/p><\/p>\n","protected":false},"excerpt":{"rendered":"<p>ABD&#8217;nin New York kentinde ilkokul ve ortaokul \u00f6\u011frencilerinin derslerde yapay zeka kullanmas\u0131n\u0131n yasakland\u0131\u011f\u0131 bildirildi. New York Belediye Ba\u015fkan\u0131 Zohran Mamdani, yapt\u0131\u011f\u0131 bas\u0131n a\u00e7\u0131klamas\u0131nda, 2026-2027 e\u011fitim \u00f6\u011fretim y\u0131l\u0131na ili\u015fkin de\u011ferlendirmelerde bulundu. Zohran Mamdani, New York&#8217;ta devlet okullar\u0131ndaki ilkokul ve ortaokul \u00f6\u011frencilerinin, gelecek e\u011fitim \u00f6\u011fretim y\u0131l\u0131nda derslerde yapay zeka teknolojisinden faydalanmas\u0131n\u0131 ge\u00e7ici olarak yasaklad\u0131\u011f\u0131n\u0131 belirtti. Mamdani, \u00fclkenin &hellip;<\/p>\n","protected":false},"author":1,"featured_media":150917,"comment_status":"open","ping_status":"open","sticky":false,"template":"","format":"standard","meta":{"footnotes":""},"categories":[4],"tags":[48736,5777,2960,9650,5778,1450,261,6240,1863],"class_list":["post-150916","post","type-post","status-publish","format-standard","has-post-thumbnail","hentry","category-dunya","tag-derste","tag-ilkokul","tag-new","tag-ogrencilerine","tag-ortaokul","tag-yapay","tag-yasagi","tag-yorkta","tag-zeka"],"_links":{"self":[{"href":"https:\/\/www.kibrishost.com\/tak\/wp-json\/wp\/v2\/posts\/150916"}],"collection":[{"href":"https:\/\/www.kibrishost.com\/tak\/wp-json\/wp\/v2\/posts"}],"about":[{"href":"https:\/\/www.kibrishost.com\/tak\/wp-json\/wp\/v2\/types\/post"}],"author":[{"embeddable":true,"href":"https:\/\/www.kibrishost.com\/tak\/wp-json\/wp\/v2\/users\/1"}],"replies":[{"embeddable":true,"href":"https:\/\/www.kibrishost.com\/tak\/wp-json\/wp\/v2\/comments?post=150916"}],"version-history":[{"count":0,"href":"https:\/\/www.kibrishost.com\/tak\/wp-json\/wp\/v2\/posts\/150916\/revisions"}],"wp:featuredmedia":[{"embeddable":true,"href":"https:\/\/www.kibrishost.com\/tak\/wp-json\/wp\/v2\/media\/150917"}],"wp:attachment":[{"href":"https:\/\/www.kibrishost.com\/tak\/wp-json\/wp\/v2\/media?parent=150916"}],"wp:term":[{"taxonomy":"category","embeddable":true,"href":"https:\/\/www.kibrishost.com\/tak\/wp-json\/wp\/v2\/categories?post=150916"},{"taxonomy":"post_tag","embeddable":true,"href":"https:\/\/www.kibrishost.com\/tak\/wp-json\/wp\/v2\/tags?post=150916"}],"curies":[{"name":"wp","href":"https:\/\/api.w.org\/{rel}","templated":true}]}}