{"id":150914,"date":"2026-09-03T09:10:19","date_gmt":"2026-09-03T06:10:19","guid":{"rendered":"https:\/\/www.kibrishost.com\/tak\/abdli-aktor-george-clooney-abd-yonetimini-elestirdi\/"},"modified":"2026-09-03T09:10:19","modified_gmt":"2026-09-03T06:10:19","slug":"abdli-aktor-george-clooney-abd-yonetimini-elestirdi","status":"publish","type":"post","link":"https:\/\/www.kibrishost.com\/tak\/abdli-aktor-george-clooney-abd-yonetimini-elestirdi\/","title":{"rendered":"ABD&#8217;li akt\u00f6r George Clooney, ABD y\u00f6netimini ele\u015ftirdi"},"content":{"rendered":"<p>ABD&#8217;li akt\u00f6r, y\u00f6netmen ve yap\u0131mc\u0131 George Clooney, \u00fclkesinin &#8220;beceriksizler&#8221; taraf\u0131ndan y\u00f6netildi\u011fini s\u00f6yledi.<\/p>\n<p>\u0130talya&#8217;da bu y\u0131l 83&#8217;\u00fcnc\u00fcs\u00fc d\u00fczenlenen Venedik Film Festivali&#8217;nin a\u00e7\u0131l\u0131\u015f t\u00f6reninde &#8220;Ya\u015fam Boyu Ba\u015far\u0131 Alt\u0131n Aslan&#8221; \u00f6d\u00fcl\u00fcn\u00fc alacak Clooney, t\u00f6ren \u00f6ncesinde bas\u0131n mensuplar\u0131yla bir araya geldi.<\/p>\n<p>\u0130sim vermeden ABD Ba\u015fkan\u0131 Donald Trump&#8217;a y\u00fcklenen Clooney, &#8220;Beceriksiz insanlar taraf\u0131ndan y\u00f6netilen bir \u00fclkede ya\u015famak kolay de\u011fil.&#8221; dedi.<\/p>\n<p>Clooney, tarihin talihsiz bir an\u0131nda olduklar\u0131na inand\u0131\u011f\u0131n\u0131 belirterek, ABD&#8217;de ba\u015fka zor zamanlardan ge\u00e7tiklerini ve bunun da onlardan biri oldu\u011funu s\u00f6yledi.<\/p>\n<p>Clooney, ABD&#8217;de kas\u0131m ay\u0131nda yap\u0131lacak ara se\u00e7imlere i\u015faret ederek, &#8220;Bu, kesinlikle bir de\u011ferlendirme an\u0131 olacak ve her \u015fey yolunda giderse, daha normal bir duruma d\u00f6nece\u011fiz.&#8221; diye konu\u015ftu.<\/p><\/p>\n","protected":false},"excerpt":{"rendered":"<p>ABD&#8217;li akt\u00f6r, y\u00f6netmen ve yap\u0131mc\u0131 George Clooney, \u00fclkesinin &#8220;beceriksizler&#8221; taraf\u0131ndan y\u00f6netildi\u011fini s\u00f6yledi. \u0130talya&#8217;da bu y\u0131l 83&#8217;\u00fcnc\u00fcs\u00fc d\u00fczenlenen Venedik Film Festivali&#8217;nin a\u00e7\u0131l\u0131\u015f t\u00f6reninde &#8220;Ya\u015fam Boyu Ba\u015far\u0131 Alt\u0131n Aslan&#8221; \u00f6d\u00fcl\u00fcn\u00fc alacak Clooney, t\u00f6ren \u00f6ncesinde bas\u0131n mensuplar\u0131yla bir araya geldi. \u0130sim vermeden ABD Ba\u015fkan\u0131 Donald Trump&#8217;a y\u00fcklenen Clooney, &#8220;Beceriksiz insanlar taraf\u0131ndan y\u00f6netilen bir \u00fclkede ya\u015famak kolay de\u011fil.&#8221; dedi. &hellip;<\/p>\n","protected":false},"author":1,"featured_media":150915,"comment_status":"open","ping_status":"open","sticky":false,"template":"","format":"standard","meta":{"footnotes":""},"categories":[4],"tags":[615,3612,16667,48735,1668,18896,2599],"class_list":["post-150914","post","type-post","status-publish","format-standard","has-post-thumbnail","hentry","category-dunya","tag-abd","tag-abdli","tag-aktor","tag-clooney","tag-elestirdi","tag-george","tag-yonetimini"],"_links":{"self":[{"href":"https:\/\/www.kibrishost.com\/tak\/wp-json\/wp\/v2\/posts\/150914"}],"collection":[{"href":"https:\/\/www.kibrishost.com\/tak\/wp-json\/wp\/v2\/posts"}],"about":[{"href":"https:\/\/www.kibrishost.com\/tak\/wp-json\/wp\/v2\/types\/post"}],"author":[{"embeddable":true,"href":"https:\/\/www.kibrishost.com\/tak\/wp-json\/wp\/v2\/users\/1"}],"replies":[{"embeddable":true,"href":"https:\/\/www.kibrishost.com\/tak\/wp-json\/wp\/v2\/comments?post=150914"}],"version-history":[{"count":0,"href":"https:\/\/www.kibrishost.com\/tak\/wp-json\/wp\/v2\/posts\/150914\/revisions"}],"wp:featuredmedia":[{"embeddable":true,"href":"https:\/\/www.kibrishost.com\/tak\/wp-json\/wp\/v2\/media\/150915"}],"wp:attachment":[{"href":"https:\/\/www.kibrishost.com\/tak\/wp-json\/wp\/v2\/media?parent=150914"}],"wp:term":[{"taxonomy":"category","embeddable":true,"href":"https:\/\/www.kibrishost.com\/tak\/wp-json\/wp\/v2\/categories?post=150914"},{"taxonomy":"post_tag","embeddable":true,"href":"https:\/\/www.kibrishost.com\/tak\/wp-json\/wp\/v2\/tags?post=150914"}],"curies":[{"name":"wp","href":"https:\/\/api.w.org\/{rel}","templated":true}]}}