{"id":150906,"date":"2026-09-03T08:50:12","date_gmt":"2026-09-03T05:50:12","guid":{"rendered":"https:\/\/www.kibrishost.com\/tak\/rusya-ukraynanin-askeri-amacla-kullanilan-lojistik-merkezlerini-ve-gemilerini-vurduk\/"},"modified":"2026-09-03T08:50:12","modified_gmt":"2026-09-03T05:50:12","slug":"rusya-ukraynanin-askeri-amacla-kullanilan-lojistik-merkezlerini-ve-gemilerini-vurduk","status":"publish","type":"post","link":"https:\/\/www.kibrishost.com\/tak\/rusya-ukraynanin-askeri-amacla-kullanilan-lojistik-merkezlerini-ve-gemilerini-vurduk\/","title":{"rendered":"Rusya: Ukrayna&#8217;n\u0131n askeri ama\u00e7la kullan\u0131lan lojistik merkezlerini ve gemilerini vurduk"},"content":{"rendered":"<p>Rusya Savunma Bakanl\u0131\u011f\u0131, g\u00fcn i\u00e7inde Ukrayna\u2019n\u0131n askeri ama\u00e7la kullan\u0131lan lojistik merkezlerini ve gemilerini vurduklar\u0131n\u0131 bildirdi.<\/p>\n<p>Bakanl\u0131ktan yap\u0131lan a\u00e7\u0131klamada, Rus ordusunun Ukrayna\u2019daki askeri hedeflere y\u00f6nelik y\u00fcksek hassasiyetli silah ve insans\u0131z hava ara\u00e7lar\u0131yla (\u0130HA) sald\u0131r\u0131lar\u0131 s\u00fcrd\u00fcrd\u00fc\u011f\u00fc belirtildi.<\/p>\n<p>G\u00fcn i\u00e7inde Kiev b\u00f6lgesinde askeri ama\u00e7la kullan\u0131lan 3 lojistik merkezinin vuruldu\u011fu kaydedilen a\u00e7\u0131klamada, \u00c7ornomorsk Liman\u0131\u2019nda ve Karadeniz\u2019de askeri y\u00fck ta\u015f\u0131yan 2 geminin hedef al\u0131nd\u0131\u011f\u0131 aktar\u0131ld\u0131.<\/p>\n<p>Bakanl\u0131\u011f\u0131n a\u00e7\u0131klamas\u0131nda ayr\u0131ca, Odessa Liman\u0131\u2019nda da askeri depolar\u0131n vuruldu\u011fu ifade edildi.<\/p><\/p>\n","protected":false},"excerpt":{"rendered":"<p>Rusya Savunma Bakanl\u0131\u011f\u0131, g\u00fcn i\u00e7inde Ukrayna\u2019n\u0131n askeri ama\u00e7la kullan\u0131lan lojistik merkezlerini ve gemilerini vurduklar\u0131n\u0131 bildirdi. Bakanl\u0131ktan yap\u0131lan a\u00e7\u0131klamada, Rus ordusunun Ukrayna\u2019daki askeri hedeflere y\u00f6nelik y\u00fcksek hassasiyetli silah ve insans\u0131z hava ara\u00e7lar\u0131yla (\u0130HA) sald\u0131r\u0131lar\u0131 s\u00fcrd\u00fcrd\u00fc\u011f\u00fc belirtildi. G\u00fcn i\u00e7inde Kiev b\u00f6lgesinde askeri ama\u00e7la kullan\u0131lan 3 lojistik merkezinin vuruldu\u011fu kaydedilen a\u00e7\u0131klamada, \u00c7ornomorsk Liman\u0131\u2019nda ve Karadeniz\u2019de askeri y\u00fck ta\u015f\u0131yan &hellip;<\/p>\n","protected":false},"author":1,"featured_media":150907,"comment_status":"open","ping_status":"open","sticky":false,"template":"","format":"standard","meta":{"footnotes":""},"categories":[4],"tags":[41909,194,42248,1825,41586,12229,718,908,4407],"class_list":["post-150906","post","type-post","status-publish","format-standard","has-post-thumbnail","hentry","category-dunya","tag-amacla","tag-askeri","tag-gemilerini","tag-kullanilan","tag-lojistik","tag-merkezlerini","tag-rusya","tag-ukraynanin","tag-vurduk"],"_links":{"self":[{"href":"https:\/\/www.kibrishost.com\/tak\/wp-json\/wp\/v2\/posts\/150906"}],"collection":[{"href":"https:\/\/www.kibrishost.com\/tak\/wp-json\/wp\/v2\/posts"}],"about":[{"href":"https:\/\/www.kibrishost.com\/tak\/wp-json\/wp\/v2\/types\/post"}],"author":[{"embeddable":true,"href":"https:\/\/www.kibrishost.com\/tak\/wp-json\/wp\/v2\/users\/1"}],"replies":[{"embeddable":true,"href":"https:\/\/www.kibrishost.com\/tak\/wp-json\/wp\/v2\/comments?post=150906"}],"version-history":[{"count":0,"href":"https:\/\/www.kibrishost.com\/tak\/wp-json\/wp\/v2\/posts\/150906\/revisions"}],"wp:featuredmedia":[{"embeddable":true,"href":"https:\/\/www.kibrishost.com\/tak\/wp-json\/wp\/v2\/media\/150907"}],"wp:attachment":[{"href":"https:\/\/www.kibrishost.com\/tak\/wp-json\/wp\/v2\/media?parent=150906"}],"wp:term":[{"taxonomy":"category","embeddable":true,"href":"https:\/\/www.kibrishost.com\/tak\/wp-json\/wp\/v2\/categories?post=150906"},{"taxonomy":"post_tag","embeddable":true,"href":"https:\/\/www.kibrishost.com\/tak\/wp-json\/wp\/v2\/tags?post=150906"}],"curies":[{"name":"wp","href":"https:\/\/api.w.org\/{rel}","templated":true}]}}