{"id":150902,"date":"2026-09-02T23:10:25","date_gmt":"2026-09-02T20:10:25","guid":{"rendered":"https:\/\/www.kibrishost.com\/tak\/arikli-bu-benim-aslinda-iki-yildan-beri-bekledigim-bir-firsatti\/"},"modified":"2026-09-02T23:10:28","modified_gmt":"2026-09-02T20:10:28","slug":"arikli-bu-benim-aslinda-iki-yildan-beri-bekledigim-bir-firsatti","status":"publish","type":"post","link":"https:\/\/www.kibrishost.com\/tak\/arikli-bu-benim-aslinda-iki-yildan-beri-bekledigim-bir-firsatti\/","title":{"rendered":"Ar\u0131kl\u0131: \u201cBu benim asl\u0131nda iki y\u0131ldan beri bekledi\u011fim bir f\u0131rsatt\u0131&#8221;"},"content":{"rendered":"<p>\u00a0Yeniden Do\u011fu\u015f Partisi (YDP) Genel Ba\u015fkan\u0131 Erhan Ar\u0131kl\u0131, Bay\u0131nd\u0131rl\u0131k ve Ula\u015ft\u0131rma Bakanl\u0131\u011f\u0131&#8217;ndan al\u0131nmas\u0131 sonras\u0131nda Parti Meclisi&#8217;nin verdi\u011fi\u00a0 h\u00fck\u00fcmetten \u00e7ekilme karar\u0131yla ilgili &#8220;Bu benim asl\u0131nda iki y\u0131ldan beri bekledi\u011fim bir f\u0131rsatt\u0131. Bana bu f\u0131rsat\u0131 verdi\u011fi i\u00e7in Ba\u015fbakan \u00dcnal \u00dcstel\u2019e te\u015fekk\u00fcr ederim.\u201d dedi.<\/p>\n<p>Ar\u0131kl\u0131, h\u00fck\u00fcmetin \u00e7ok daha \u00f6nceden se\u00e7ime gitmesi gerekti\u011fini s\u00f6yledi\u011fini de belirtti.<\/p>\n<p>Ar\u0131kl\u0131, Parti Meclisi\u2019nin ald\u0131\u011f\u0131\u00a0 h\u00fck\u00fcmetten \u00e7ekilme karar\u0131n\u0131 yar\u0131n Ba\u015fbakan \u00dcnal \u00dcstel\u2019e yaz\u0131l\u0131 olarak bildireceklerini kaydetti.<\/p>\n<p>YDP Genel Merkezi\u2019nde yakla\u015f\u0131k bir saat s\u00fcren toplant\u0131n\u0131n ard\u0131ndan a\u00e7\u0131klama yapan YDP Genel Ba\u015fkan\u0131 Ar\u0131kl\u0131, soru\u015fturma tamamlanana kadar Limanlar Dairesi&#8217;nin Bay\u0131nd\u0131rl\u0131k ve Ula\u015ft\u0131rma Bakanl\u0131\u011f\u0131&#8217;ndan al\u0131narak Ba\u015fbakanl\u0131\u011fa ba\u011flanmas\u0131yla ilgili bir a\u00e7\u0131klama yapt\u0131\u011f\u0131n\u0131 an\u0131msatt\u0131.<\/p>\n<p>Dokunulmazl\u0131\u011f\u0131n\u0131n kald\u0131r\u0131lmas\u0131 konusunda yar\u0131n meclis ba\u015fkanl\u0131\u011f\u0131na dilek\u00e7e verece\u011fini hat\u0131rlatan Ar\u0131kl\u0131, \u201cBu a\u00e7\u0131klamam\u0131n \u00fczerinden bir s\u00fcre sonra Ba\u015fbakan \u00dcnal \u00dcstel beni arayarak, \u2018soru\u015fturman\u0131n selameti a\u00e7\u0131s\u0131ndan seni g\u00f6revden almak zorunday\u0131m\u2019 dedi. Ben de kendisine te\u015fekk\u00fcr ettim.\u201d \u015feklinde konu\u015ftu.<\/p>\n<p>S\u00f6ylenecek \u00e7ok \u015fey oldu\u011funu kaydeden Ar\u0131kl\u0131, &#8220;Kay\u0131p 19 insan\u0131m\u0131z var. Kay\u0131p yak\u0131nlar\u0131 infial i\u00e7erisinde bekliyorlar. Dolay\u0131s\u0131yla \u015fimdi bir siyasi bir tart\u0131\u015fma ortam\u0131 yaratmamak, konuyu \u00e7ok fazla dalgaland\u0131rmamak ve yeni tart\u0131\u015fmalara meydan vermemek ad\u0131na s\u00f6yleyece\u011fimiz \u015feyleri \u00f6n\u00fcm\u00fczdeki g\u00fcnlere sakl\u0131yoruz.&#8221; diye konu\u015ftu.<\/p>\n<p>&#8211; \u201cKay\u0131p ailelerinden ka\u00e7acak bir durumum yok\u201d<\/p>\n<p>Kay\u0131p yak\u0131nlar\u0131n\u0131n s\u00fcrekli provoke edildi\u011fini belirten Ar\u0131kl\u0131, \u201cIsrarla oraya gitmem istendi. Kar\u015f\u0131 bir sald\u0131r\u0131 yap\u0131ls\u0131n, arbede \u00e7\u0131ks\u0131n. Ertesi g\u00fcn de hem T\u00fcrkiye hem de burada \u2018YDP\u2019liler kay\u0131p aile yak\u0131nlar\u0131yla kavga etti.\u2019 \u015feklinde man\u015fetler at\u0131ls\u0131n istiyorlard\u0131.\u201d dedi.<\/p>\n<p>Kay\u0131p ailelerinden saklanacak, gizlenecek ve ka\u00e7acak bir durum olmad\u0131\u011f\u0131n\u0131 dile getiren Ar\u0131kl\u0131,\u00a0\u201cArt\u0131k rahat\u0131z. H\u00fck\u00fcmette olmayan bir parti ve parti ba\u015fkan\u0131 olarak kay\u0131p ailelerine derdimizi anlat\u0131r\u0131z.\u201d \u015feklinde konu\u015ftu.<\/p>\n<p>Bir soru \u00fczerine Ar\u0131kl\u0131, olay\u0131n ara\u015ft\u0131r\u0131lmas\u0131 i\u00e7in T\u00fcrkiye Cumhuriyeti Ula\u015ft\u0131rma ve Altyap\u0131 Bakanl\u0131\u011f\u0131\u2019ndan kaza k\u0131r\u0131m ekibinin KKTC\u2019ye geldi\u011fini an\u0131msatt\u0131.\u00a0<\/p>\n<p>Gemiye ge\u00e7erli belgeyi veren T\u00fcrk Loydu yetkililerinin de KKTC\u2019ye gelece\u011fini ifade eden Ar\u0131kl\u0131, teknik incelemelerin ard\u0131ndan \u00f6n rapor haz\u0131rlanaca\u011f\u0131n\u0131 ifade etti.<\/p>\n<p>\u201c\u015eu ana kadar yap\u0131lan b\u00fct\u00fcn yorumlar\u0131n hepsi spek\u00fclasyondur. Hepsi tahmine dayal\u0131d\u0131r.\u201d diye konu\u015fan Ar\u0131kl\u0131, kaza k\u0131r\u0131m ekibinin gerekli inceleme ve ara\u015ft\u0131rmalar\u0131n\u0131 yapt\u0131\u011f\u0131n\u0131 dile getirdi.<\/p>\n<p>(MK\/\u00d6Z).\u00a0 \u00a0 \u00a0 \u00a0 \u00a0Foto\u011frafl\u0131<\/p>\n<p>Haber ve foto\u011fraf: Mehmet Kara<\/p>\n<p>\u00a0<\/p>\n<p>\u00a0<\/p>\n<p>\u00a0<\/p>\n<p>\u00a0<\/p>\n<p>\u00a0<\/p>\n<\/p>\n<p><img decoding=\"async\" width=\"1024\" height=\"768\" src=\"https:\/\/www.kibrishost.com\/tak\/wp-content\/uploads\/2026\/09\/arikli-bu-benim-aslinda-iki-yildan-beri-bekledigim-bir-firsatti-1-1024x768.jpg\" class=\"aligncenter wp-image-150904\" alt=\"Ar\u0131kl\u0131: \u201cBu benim asl\u0131nda iki y\u0131ldan beri bekledi\u011fim bir f\u0131rsatt\u0131&quot;\" loading=\"lazy\" srcset=\"https:\/\/www.kibrishost.com\/tak\/wp-content\/uploads\/2026\/09\/arikli-bu-benim-aslinda-iki-yildan-beri-bekledigim-bir-firsatti-1-1024x768.jpg 1024w, https:\/\/www.kibrishost.com\/tak\/wp-content\/uploads\/2026\/09\/arikli-bu-benim-aslinda-iki-yildan-beri-bekledigim-bir-firsatti-1-300x225.jpg 300w, https:\/\/www.kibrishost.com\/tak\/wp-content\/uploads\/2026\/09\/arikli-bu-benim-aslinda-iki-yildan-beri-bekledigim-bir-firsatti-1-768x576.jpg 768w, https:\/\/www.kibrishost.com\/tak\/wp-content\/uploads\/2026\/09\/arikli-bu-benim-aslinda-iki-yildan-beri-bekledigim-bir-firsatti-1-1536x1152.jpg 1536w, https:\/\/www.kibrishost.com\/tak\/wp-content\/uploads\/2026\/09\/arikli-bu-benim-aslinda-iki-yildan-beri-bekledigim-bir-firsatti-1.jpg 1600w\" sizes=\"(max-width: 1024px) 100vw, 1024px\" \/><\/p>\n","protected":false},"excerpt":{"rendered":"<p>\u00a0Yeniden Do\u011fu\u015f Partisi (YDP) Genel Ba\u015fkan\u0131 Erhan Ar\u0131kl\u0131, Bay\u0131nd\u0131rl\u0131k ve Ula\u015ft\u0131rma Bakanl\u0131\u011f\u0131&#8217;ndan al\u0131nmas\u0131 sonras\u0131nda Parti Meclisi&#8217;nin verdi\u011fi\u00a0 h\u00fck\u00fcmetten \u00e7ekilme karar\u0131yla ilgili &#8220;Bu benim asl\u0131nda iki y\u0131ldan beri bekledi\u011fim bir f\u0131rsatt\u0131. Bana bu f\u0131rsat\u0131 verdi\u011fi i\u00e7in Ba\u015fbakan \u00dcnal \u00dcstel\u2019e te\u015fekk\u00fcr ederim.\u201d dedi. Ar\u0131kl\u0131, h\u00fck\u00fcmetin \u00e7ok daha \u00f6nceden se\u00e7ime gitmesi gerekti\u011fini s\u00f6yledi\u011fini de belirtti. Ar\u0131kl\u0131, Parti Meclisi\u2019nin &hellip;<\/p>\n","protected":false},"author":1,"featured_media":150903,"comment_status":"open","ping_status":"open","sticky":false,"template":"","format":"standard","meta":{"footnotes":""},"categories":[2],"tags":[452,358,24598,48733,11649,6200,64,48734,77,22545],"class_list":["post-150902","post","type-post","status-publish","format-standard","has-post-thumbnail","hentry","category-kibris","tag-bu","tag-arikli","tag-aslinda","tag-bekledigim","tag-benim","tag-beri","tag-bir","tag-firsatti","tag-iki","tag-yildan"],"_links":{"self":[{"href":"https:\/\/www.kibrishost.com\/tak\/wp-json\/wp\/v2\/posts\/150902"}],"collection":[{"href":"https:\/\/www.kibrishost.com\/tak\/wp-json\/wp\/v2\/posts"}],"about":[{"href":"https:\/\/www.kibrishost.com\/tak\/wp-json\/wp\/v2\/types\/post"}],"author":[{"embeddable":true,"href":"https:\/\/www.kibrishost.com\/tak\/wp-json\/wp\/v2\/users\/1"}],"replies":[{"embeddable":true,"href":"https:\/\/www.kibrishost.com\/tak\/wp-json\/wp\/v2\/comments?post=150902"}],"version-history":[{"count":1,"href":"https:\/\/www.kibrishost.com\/tak\/wp-json\/wp\/v2\/posts\/150902\/revisions"}],"predecessor-version":[{"id":150905,"href":"https:\/\/www.kibrishost.com\/tak\/wp-json\/wp\/v2\/posts\/150902\/revisions\/150905"}],"wp:featuredmedia":[{"embeddable":true,"href":"https:\/\/www.kibrishost.com\/tak\/wp-json\/wp\/v2\/media\/150903"}],"wp:attachment":[{"href":"https:\/\/www.kibrishost.com\/tak\/wp-json\/wp\/v2\/media?parent=150902"}],"wp:term":[{"taxonomy":"category","embeddable":true,"href":"https:\/\/www.kibrishost.com\/tak\/wp-json\/wp\/v2\/categories?post=150902"},{"taxonomy":"post_tag","embeddable":true,"href":"https:\/\/www.kibrishost.com\/tak\/wp-json\/wp\/v2\/tags?post=150902"}],"curies":[{"name":"wp","href":"https:\/\/api.w.org\/{rel}","templated":true}]}}