{"id":150900,"date":"2026-09-02T23:10:20","date_gmt":"2026-09-02T20:10:20","guid":{"rendered":"https:\/\/www.kibrishost.com\/tak\/erhan-ariklinin-gorevden-alinma-yazisi-erhurman-tarafindan-da-imzalanarak-resmi-gazetede-yayinlandi\/"},"modified":"2026-09-02T23:10:20","modified_gmt":"2026-09-02T20:10:20","slug":"erhan-ariklinin-gorevden-alinma-yazisi-erhurman-tarafindan-da-imzalanarak-resmi-gazetede-yayinlandi","status":"publish","type":"post","link":"https:\/\/www.kibrishost.com\/tak\/erhan-ariklinin-gorevden-alinma-yazisi-erhurman-tarafindan-da-imzalanarak-resmi-gazetede-yayinlandi\/","title":{"rendered":"Erhan Ar\u0131kl\u0131\u2019n\u0131n g\u00f6revden al\u0131nma yaz\u0131s\u0131 Erh\u00fcrman taraf\u0131ndan da imzalanarak resmi gazetede yay\u0131nland\u0131"},"content":{"rendered":"<p>Ba\u015fbakan \u00dcnal \u00dcstel\u2019in Bay\u0131nd\u0131rl\u0131k ve Ula\u015ft\u0131rma Bakan\u0131 Erhan Er\u0131kl\u0131\u2019y\u0131 g\u00f6revden ald\u0131\u011f\u0131na ili\u015fkin a\u00e7\u0131klamas\u0131n\u0131n ard\u0131ndan, ilgili yaz\u0131, Cumhurba\u015fkan\u0131 Tufan Erh\u00fcrman taraf\u0131ndan da imzalanarak resmi gazetede yay\u0131nland\u0131.<\/p>\n<p>Ba\u015fbakan \u00dcnal \u00dcstel, ak\u015fam saatlerinde yapt\u0131\u011f\u0131 yaz\u0131l\u0131 a\u00e7\u0131klamada \u201cY\u00fcr\u00fctmenin ba\u015f\u0131 olarak g\u00f6revim, soru\u015fturman\u0131n selameti ve kamu vicdan\u0131n\u0131n rahatlamas\u0131 i\u00e7in gerekli b\u00fct\u00fcn idari tedbirleri almakt\u0131r\u201d diyerek Bay\u0131nd\u0131rl\u0131k ve Ula\u015ft\u0131rma Bakan\u0131 Erhan Ar\u0131kl\u0131\u2019y\u0131 g\u00f6revden ald\u0131\u011f\u0131n\u0131 duyurmu\u015ftu.<\/p>\n<p>Erhan Ar\u0131kl\u0131\u2019n\u0131n Genel Ba\u015fkan\u0131 oldu\u011fu, koalisyon orta\u011f\u0131 Yeniden Do\u011fu\u015f Partisi de (YDP) bu karar\u0131n ard\u0131ndan toplanarak h\u00fck\u00fcmetten \u00e7ekilme karar\u0131 alm\u0131\u015ft\u0131.<\/p><\/p>\n","protected":false},"excerpt":{"rendered":"<p>Ba\u015fbakan \u00dcnal \u00dcstel\u2019in Bay\u0131nd\u0131rl\u0131k ve Ula\u015ft\u0131rma Bakan\u0131 Erhan Er\u0131kl\u0131\u2019y\u0131 g\u00f6revden ald\u0131\u011f\u0131na ili\u015fkin a\u00e7\u0131klamas\u0131n\u0131n ard\u0131ndan, ilgili yaz\u0131, Cumhurba\u015fkan\u0131 Tufan Erh\u00fcrman taraf\u0131ndan da imzalanarak resmi gazetede yay\u0131nland\u0131. Ba\u015fbakan \u00dcnal \u00dcstel, ak\u015fam saatlerinde yapt\u0131\u011f\u0131 yaz\u0131l\u0131 a\u00e7\u0131klamada \u201cY\u00fcr\u00fctmenin ba\u015f\u0131 olarak g\u00f6revim, soru\u015fturman\u0131n selameti ve kamu vicdan\u0131n\u0131n rahatlamas\u0131 i\u00e7in gerekli b\u00fct\u00fcn idari tedbirleri almakt\u0131r\u201d diyerek Bay\u0131nd\u0131rl\u0131k ve Ula\u015ft\u0131rma Bakan\u0131 Erhan &hellip;<\/p>\n","protected":false},"author":1,"featured_media":150901,"comment_status":"open","ping_status":"open","sticky":false,"template":"","format":"standard","meta":{"footnotes":""},"categories":[2],"tags":[16350,11927,25565,494,998,7816,48732,997,1126,3594,17913],"class_list":["post-150900","post","type-post","status-publish","format-standard","has-post-thumbnail","hentry","category-kibris","tag-alinma","tag-ariklinin","tag-erhan","tag-erhurman","tag-gazetede","tag-gorevden","tag-imzalanarak","tag-resmi","tag-tarafindan","tag-yayinlandi","tag-yazisi"],"_links":{"self":[{"href":"https:\/\/www.kibrishost.com\/tak\/wp-json\/wp\/v2\/posts\/150900"}],"collection":[{"href":"https:\/\/www.kibrishost.com\/tak\/wp-json\/wp\/v2\/posts"}],"about":[{"href":"https:\/\/www.kibrishost.com\/tak\/wp-json\/wp\/v2\/types\/post"}],"author":[{"embeddable":true,"href":"https:\/\/www.kibrishost.com\/tak\/wp-json\/wp\/v2\/users\/1"}],"replies":[{"embeddable":true,"href":"https:\/\/www.kibrishost.com\/tak\/wp-json\/wp\/v2\/comments?post=150900"}],"version-history":[{"count":0,"href":"https:\/\/www.kibrishost.com\/tak\/wp-json\/wp\/v2\/posts\/150900\/revisions"}],"wp:featuredmedia":[{"embeddable":true,"href":"https:\/\/www.kibrishost.com\/tak\/wp-json\/wp\/v2\/media\/150901"}],"wp:attachment":[{"href":"https:\/\/www.kibrishost.com\/tak\/wp-json\/wp\/v2\/media?parent=150900"}],"wp:term":[{"taxonomy":"category","embeddable":true,"href":"https:\/\/www.kibrishost.com\/tak\/wp-json\/wp\/v2\/categories?post=150900"},{"taxonomy":"post_tag","embeddable":true,"href":"https:\/\/www.kibrishost.com\/tak\/wp-json\/wp\/v2\/tags?post=150900"}],"curies":[{"name":"wp","href":"https:\/\/api.w.org\/{rel}","templated":true}]}}