{"id":150898,"date":"2026-09-02T22:40:19","date_gmt":"2026-09-02T19:40:19","guid":{"rendered":"https:\/\/www.kibrishost.com\/tak\/turkiye-cumhurbaskani-yardimcisi-cevdet-yilmaz-yarin-kktcye-taziye-ziyaretinde-bulunacak\/"},"modified":"2026-09-02T22:40:19","modified_gmt":"2026-09-02T19:40:19","slug":"turkiye-cumhurbaskani-yardimcisi-cevdet-yilmaz-yarin-kktcye-taziye-ziyaretinde-bulunacak","status":"publish","type":"post","link":"https:\/\/www.kibrishost.com\/tak\/turkiye-cumhurbaskani-yardimcisi-cevdet-yilmaz-yarin-kktcye-taziye-ziyaretinde-bulunacak\/","title":{"rendered":"T\u00fcrkiye Cumhurba\u015fkan\u0131 Yard\u0131mc\u0131s\u0131 Cevdet Y\u0131lmaz yar\u0131n KKTC\u2019ye taziye ziyaretinde bulunacak"},"content":{"rendered":"<p>T\u00fcrkiye Cumhurba\u015fkan\u0131 Yard\u0131mc\u0131s\u0131 Cevdet Y\u0131lmaz, ya\u015fanan gemi kazas\u0131 sebebiyle yar\u0131n Kuzey K\u0131br\u0131s T\u00fcrk Cumhuriyeti\u2019ne (KKTC) taziye ziyaretinde bulunacak.<\/p>\n<p>Yar\u0131n \u00f6\u011fleden sonra \u00fclkeye gelecek olan Cevdet Y\u0131lmaz, kay\u0131plar\u0131n yak\u0131nlar\u0131yla g\u00f6r\u00fc\u015fecek ve Cumhurba\u015fkan\u0131 Tufan Erh\u00fcrman&#8217;a taziye ziyaretinde bulunacak.<\/p>\n<p>T\u00fcrkiye Cumhurba\u015fkan\u0131 Yard\u0131mc\u0131s\u0131 Cevdet Y\u0131lmaz, adadan ayr\u0131l\u0131rken Ercan Havaliman\u0131\u2019nda Ba\u015fbakan \u00dcnal \u00dcstel ile ortak bas\u0131n a\u00e7\u0131klamas\u0131 yapacak.<\/p><\/p>\n","protected":false},"excerpt":{"rendered":"<p>T\u00fcrkiye Cumhurba\u015fkan\u0131 Yard\u0131mc\u0131s\u0131 Cevdet Y\u0131lmaz, ya\u015fanan gemi kazas\u0131 sebebiyle yar\u0131n Kuzey K\u0131br\u0131s T\u00fcrk Cumhuriyeti\u2019ne (KKTC) taziye ziyaretinde bulunacak. Yar\u0131n \u00f6\u011fleden sonra \u00fclkeye gelecek olan Cevdet Y\u0131lmaz, kay\u0131plar\u0131n yak\u0131nlar\u0131yla g\u00f6r\u00fc\u015fecek ve Cumhurba\u015fkan\u0131 Tufan Erh\u00fcrman&#8217;a taziye ziyaretinde bulunacak. T\u00fcrkiye Cumhurba\u015fkan\u0131 Yard\u0131mc\u0131s\u0131 Cevdet Y\u0131lmaz, adadan ayr\u0131l\u0131rken Ercan Havaliman\u0131\u2019nda Ba\u015fbakan \u00dcnal \u00dcstel ile ortak bas\u0131n a\u00e7\u0131klamas\u0131 yapacak.<\/p>\n","protected":false},"author":1,"featured_media":150899,"comment_status":"open","ping_status":"open","sticky":false,"template":"","format":"standard","meta":{"footnotes":""},"categories":[2],"tags":[10624,1645,183,4135,3700,6,184,54,185,1676],"class_list":["post-150898","post","type-post","status-publish","format-standard","has-post-thumbnail","hentry","category-kibris","tag-bulunacak","tag-cevdet","tag-cumhurbaskani","tag-kktcye","tag-taziye","tag-turkiye","tag-yardimcisi","tag-yarin","tag-yilmaz","tag-ziyaretinde"],"_links":{"self":[{"href":"https:\/\/www.kibrishost.com\/tak\/wp-json\/wp\/v2\/posts\/150898"}],"collection":[{"href":"https:\/\/www.kibrishost.com\/tak\/wp-json\/wp\/v2\/posts"}],"about":[{"href":"https:\/\/www.kibrishost.com\/tak\/wp-json\/wp\/v2\/types\/post"}],"author":[{"embeddable":true,"href":"https:\/\/www.kibrishost.com\/tak\/wp-json\/wp\/v2\/users\/1"}],"replies":[{"embeddable":true,"href":"https:\/\/www.kibrishost.com\/tak\/wp-json\/wp\/v2\/comments?post=150898"}],"version-history":[{"count":0,"href":"https:\/\/www.kibrishost.com\/tak\/wp-json\/wp\/v2\/posts\/150898\/revisions"}],"wp:featuredmedia":[{"embeddable":true,"href":"https:\/\/www.kibrishost.com\/tak\/wp-json\/wp\/v2\/media\/150899"}],"wp:attachment":[{"href":"https:\/\/www.kibrishost.com\/tak\/wp-json\/wp\/v2\/media?parent=150898"}],"wp:term":[{"taxonomy":"category","embeddable":true,"href":"https:\/\/www.kibrishost.com\/tak\/wp-json\/wp\/v2\/categories?post=150898"},{"taxonomy":"post_tag","embeddable":true,"href":"https:\/\/www.kibrishost.com\/tak\/wp-json\/wp\/v2\/tags?post=150898"}],"curies":[{"name":"wp","href":"https:\/\/api.w.org\/{rel}","templated":true}]}}