{"id":150894,"date":"2026-09-02T22:00:21","date_gmt":"2026-09-02T19:00:21","guid":{"rendered":"https:\/\/www.kibrishost.com\/tak\/ydp-genel-baskani-erhan-arikli-hukumetten-cekilme-karari-aldiklarini-duyurdu\/"},"modified":"2026-09-02T22:00:28","modified_gmt":"2026-09-02T19:00:28","slug":"ydp-genel-baskani-erhan-arikli-hukumetten-cekilme-karari-aldiklarini-duyurdu","status":"publish","type":"post","link":"https:\/\/www.kibrishost.com\/tak\/ydp-genel-baskani-erhan-arikli-hukumetten-cekilme-karari-aldiklarini-duyurdu\/","title":{"rendered":"YDP Genel Ba\u015fkan\u0131 Erhan Ar\u0131kl\u0131, h\u00fck\u00fcmetten \u00e7ekilme karar\u0131 ald\u0131klar\u0131n\u0131 duyurdu"},"content":{"rendered":"<p>\u00a0Yeniden Do\u011fu\u015f Partisi (YDP) Genel Ba\u015fkan\u0131 Erhan Ar\u0131kl\u0131, h\u00fck\u00fcmetten \u00e7ekilme karar\u0131 ald\u0131klar\u0131n\u0131 duyurdu.<\/p>\n<p>Bu ak\u015fam yap\u0131lan\u00a0YDP Merkez Y\u00f6netim Kurulu (MYK) toplant\u0131s\u0131n\u0131n ard\u0131ndan Parti Meclisi (PM) de topland\u0131 ve PM \u00fcyelerinin karar\u0131yla h\u00fck\u00fcmetten \u00e7ekilme karar\u0131 al\u0131nd\u0131.<\/p>\n<p>Toplant\u0131n\u0131n ard\u0131ndan bas\u0131na a\u00e7\u0131klama yapan Ar\u0131kl\u0131 al\u0131nan karar\u0131 yar\u0131n Ba\u015fbakan \u00dcnal \u00dcstel\u2019e yaz\u0131l\u0131 olarak bildireceklerini kaydetti ve \u201cS\u00f6ylenecek \u00e7ok \u015fey var.\u201d dedi.<\/p>\n<p>(Ek verilecek(<\/p>\n<p>(MK\/\u00d6Z).\u00a0 \u00a0 \u00a0 \u00a0 \u00a0 Foto\u011frafl\u0131<\/p>\n<p>\u00a0<\/p>\n<\/p>\n<p><img decoding=\"async\" width=\"1024\" height=\"768\" src=\"https:\/\/www.kibrishost.com\/tak\/wp-content\/uploads\/2026\/09\/ydp-genel-baskani-erhan-arikli-hukumetten-cekilme-karari-aldiklarini-duyurdu-1-1024x768.jpg\" class=\"aligncenter wp-image-150896\" alt=\"YDP Genel Ba\u015fkan\u0131 Erhan Ar\u0131kl\u0131, h\u00fck\u00fcmetten \u00e7ekilme karar\u0131 ald\u0131klar\u0131n\u0131 duyurdu\" loading=\"lazy\" srcset=\"https:\/\/www.kibrishost.com\/tak\/wp-content\/uploads\/2026\/09\/ydp-genel-baskani-erhan-arikli-hukumetten-cekilme-karari-aldiklarini-duyurdu-1-1024x768.jpg 1024w, https:\/\/www.kibrishost.com\/tak\/wp-content\/uploads\/2026\/09\/ydp-genel-baskani-erhan-arikli-hukumetten-cekilme-karari-aldiklarini-duyurdu-1-300x225.jpg 300w, https:\/\/www.kibrishost.com\/tak\/wp-content\/uploads\/2026\/09\/ydp-genel-baskani-erhan-arikli-hukumetten-cekilme-karari-aldiklarini-duyurdu-1-768x576.jpg 768w, https:\/\/www.kibrishost.com\/tak\/wp-content\/uploads\/2026\/09\/ydp-genel-baskani-erhan-arikli-hukumetten-cekilme-karari-aldiklarini-duyurdu-1-1536x1152.jpg 1536w, https:\/\/www.kibrishost.com\/tak\/wp-content\/uploads\/2026\/09\/ydp-genel-baskani-erhan-arikli-hukumetten-cekilme-karari-aldiklarini-duyurdu-1.jpg 1600w\" sizes=\"(max-width: 1024px) 100vw, 1024px\" \/><\/p>\n","protected":false},"excerpt":{"rendered":"<p>\u00a0Yeniden Do\u011fu\u015f Partisi (YDP) Genel Ba\u015fkan\u0131 Erhan Ar\u0131kl\u0131, h\u00fck\u00fcmetten \u00e7ekilme karar\u0131 ald\u0131klar\u0131n\u0131 duyurdu. Bu ak\u015fam yap\u0131lan\u00a0YDP Merkez Y\u00f6netim Kurulu (MYK) toplant\u0131s\u0131n\u0131n ard\u0131ndan Parti Meclisi (PM) de topland\u0131 ve PM \u00fcyelerinin karar\u0131yla h\u00fck\u00fcmetten \u00e7ekilme karar\u0131 al\u0131nd\u0131. Toplant\u0131n\u0131n ard\u0131ndan bas\u0131na a\u00e7\u0131klama yapan Ar\u0131kl\u0131 al\u0131nan karar\u0131 yar\u0131n Ba\u015fbakan \u00dcnal \u00dcstel\u2019e yaz\u0131l\u0131 olarak bildireceklerini kaydetti ve \u201cS\u00f6ylenecek \u00e7ok \u015fey &hellip;<\/p>\n","protected":false},"author":1,"featured_media":150895,"comment_status":"open","ping_status":"open","sticky":false,"template":"","format":"standard","meta":{"footnotes":""},"categories":[2],"tags":[10570,358,103,18293,795,25565,493,18083,476,877],"class_list":["post-150894","post","type-post","status-publish","format-standard","has-post-thumbnail","hentry","category-kibris","tag-aldiklarini","tag-arikli","tag-baskani","tag-cekilme","tag-duyurdu","tag-erhan","tag-genel","tag-hukumetten","tag-karari","tag-ydp"],"_links":{"self":[{"href":"https:\/\/www.kibrishost.com\/tak\/wp-json\/wp\/v2\/posts\/150894"}],"collection":[{"href":"https:\/\/www.kibrishost.com\/tak\/wp-json\/wp\/v2\/posts"}],"about":[{"href":"https:\/\/www.kibrishost.com\/tak\/wp-json\/wp\/v2\/types\/post"}],"author":[{"embeddable":true,"href":"https:\/\/www.kibrishost.com\/tak\/wp-json\/wp\/v2\/users\/1"}],"replies":[{"embeddable":true,"href":"https:\/\/www.kibrishost.com\/tak\/wp-json\/wp\/v2\/comments?post=150894"}],"version-history":[{"count":1,"href":"https:\/\/www.kibrishost.com\/tak\/wp-json\/wp\/v2\/posts\/150894\/revisions"}],"predecessor-version":[{"id":150897,"href":"https:\/\/www.kibrishost.com\/tak\/wp-json\/wp\/v2\/posts\/150894\/revisions\/150897"}],"wp:featuredmedia":[{"embeddable":true,"href":"https:\/\/www.kibrishost.com\/tak\/wp-json\/wp\/v2\/media\/150895"}],"wp:attachment":[{"href":"https:\/\/www.kibrishost.com\/tak\/wp-json\/wp\/v2\/media?parent=150894"}],"wp:term":[{"taxonomy":"category","embeddable":true,"href":"https:\/\/www.kibrishost.com\/tak\/wp-json\/wp\/v2\/categories?post=150894"},{"taxonomy":"post_tag","embeddable":true,"href":"https:\/\/www.kibrishost.com\/tak\/wp-json\/wp\/v2\/tags?post=150894"}],"curies":[{"name":"wp","href":"https:\/\/api.w.org\/{rel}","templated":true}]}}