{"id":150892,"date":"2026-09-02T21:30:19","date_gmt":"2026-09-02T18:30:19","guid":{"rendered":"https:\/\/www.kibrishost.com\/tak\/incirli-hukumetin-bir-bakanini-gorevden-alarak-sorumluluktan-kurtulmasi-mumkun-degil\/"},"modified":"2026-09-02T21:30:19","modified_gmt":"2026-09-02T18:30:19","slug":"incirli-hukumetin-bir-bakanini-gorevden-alarak-sorumluluktan-kurtulmasi-mumkun-degil","status":"publish","type":"post","link":"https:\/\/www.kibrishost.com\/tak\/incirli-hukumetin-bir-bakanini-gorevden-alarak-sorumluluktan-kurtulmasi-mumkun-degil\/","title":{"rendered":"\u0130ncirli: &#8220;H\u00fck\u00fcmetin bir bakan\u0131n\u0131 g\u00f6revden alarak sorumluluktan kurtulmas\u0131 m\u00fcmk\u00fcn de\u011fil&#8221;"},"content":{"rendered":"<p>Cumhuriyet\u00e7i T\u00fcrk Partisi (CTP) Genel Ba\u015fkan\u0131 S\u0131la Usar \u0130ncirli, h\u00fck\u00fcmetin,\u00a0 devletin kurumsal yap\u0131s\u0131n\u0131 \u00e7\u00fcr\u00fctt\u00fc\u011f\u00fcn\u00fc, denetim mekanizmalar\u0131n\u0131 fel\u00e7 etti\u011fini, liyakati tamamen ortadan kald\u0131rd\u0131\u011f\u0131n\u0131, yolsuzluk ve k\u00f6t\u00fc y\u00f6netimle devletin temellerini sarst\u0131\u011f\u0131n\u0131 ileti s\u00fcrd\u00fc ve &#8221; \u00dcnal \u00dcstel h\u00fck\u00fcmeti, bir bakan\u0131n\u0131 g\u00f6revden alarak sorumluluktan kurtulmas\u0131 m\u00fcmk\u00fcn de\u011fildir\u201d dedi.\u0130ncirli yaz\u0131l\u0131 a\u00e7\u0131klamas\u0131nda, \u201c\u00dclkemiz, be\u015f y\u0131l\u0131 a\u015fk\u0131n bir s\u00fcredir adeta bir kabusun i\u00e7inde ya\u015famaktad\u0131r.&#8221; iddias\u0131nda bulundu.Bug\u00fcn halk\u0131n ya\u015fad\u0131\u011f\u0131 bir\u00e7ok olumszlu\u011fun temelinde,\u00a0 k\u00f6t\u00fc y\u00f6netimin yatt\u0131\u011f\u0131n\u0131 savunan \u0130ncirli, &#8220;\u00dcstel, Ar\u0131kl\u0131\u2019y\u0131 g\u00f6revden alarak ya da kabine de\u011fi\u015fikliklerine s\u0131\u011f\u0131narak siyasi sorumluluktan ka\u00e7amaz, kendini aklayamaz.&#8221; ifadelerini kulland\u0131.Bug\u00fcn kar\u015f\u0131 kar\u015f\u0131ya kal\u0131nan felaketlerin uyar\u0131lar\u0131na ra\u011fmen g\u00f6z g\u00f6re g\u00f6re geldi\u011fini iddia eden \u0130ncirli, \u015funlar\u0131 kaydetti:&#8221;Daha iki hafta \u00f6nce, \u00fclkede ba\u015f g\u00f6steren ciddi g\u00fcvenlik sorunlar\u0131ndan hareketle Meclis\u2019i ola\u011fan\u00fcst\u00fc genel kurula \u00e7a\u011f\u0131rd\u0131\u011f\u0131m\u0131zda, h\u00fck\u00fcmet bu hayati konuyu g\u00f6r\u00fc\u015fmekten ve halk\u0131n kar\u015f\u0131s\u0131na \u00e7\u0131kmaktan a\u00e7\u0131k\u00e7a ka\u00e7m\u0131\u015ft\u0131r. Ortadaki \u00e7\u0131plak ger\u00e7ek \u015fudur: Devlet, bu h\u00fck\u00fcmetin elinde vatanda\u015f\u0131na hizmet veren, koruyan de\u011fil, sorun \u00fcreten bir yap\u0131 haline gelmi\u015ftir.Halk\u0131m\u0131z\u0131n haf\u0131zas\u0131nda derin yaralar a\u00e7an sahte re\u00e7ete soru\u015fturmas\u0131, bebeklerimizin hayat\u0131na mal olan alkoll\u00fc mama skandal\u0131, Kumyal\u0131\u2019daki silo patlamas\u0131, yollar\u0131m\u0131zda her g\u00fcn can alan trafik kazalar\u0131 ve nihayetinde ya\u015fad\u0131\u011f\u0131m\u0131z son deniz facias\u0131, k\u00f6t\u00fc, \u00e7\u00fcr\u00fcm\u00fc\u015f ve sorumluluk bilincinden yoksun bir y\u00f6netimin \u00fclkemize \u00f6detti\u011fi a\u011f\u0131r bedellerin sadece birka\u00e7\u0131d\u0131r.&#8221;(\u00d6Z)<\/p><\/p>\n","protected":false},"excerpt":{"rendered":"<p>Cumhuriyet\u00e7i T\u00fcrk Partisi (CTP) Genel Ba\u015fkan\u0131 S\u0131la Usar \u0130ncirli, h\u00fck\u00fcmetin,\u00a0 devletin kurumsal yap\u0131s\u0131n\u0131 \u00e7\u00fcr\u00fctt\u00fc\u011f\u00fcn\u00fc, denetim mekanizmalar\u0131n\u0131 fel\u00e7 etti\u011fini, liyakati tamamen ortadan kald\u0131rd\u0131\u011f\u0131n\u0131, yolsuzluk ve k\u00f6t\u00fc y\u00f6netimle devletin temellerini sarst\u0131\u011f\u0131n\u0131 ileti s\u00fcrd\u00fc ve &#8221; \u00dcnal \u00dcstel h\u00fck\u00fcmeti, bir bakan\u0131n\u0131 g\u00f6revden alarak sorumluluktan kurtulmas\u0131 m\u00fcmk\u00fcn de\u011fildir\u201d dedi.\u0130ncirli yaz\u0131l\u0131 a\u00e7\u0131klamas\u0131nda, \u201c\u00dclkemiz, be\u015f y\u0131l\u0131 a\u015fk\u0131n bir s\u00fcredir adeta bir &hellip;<\/p>\n","protected":false},"author":1,"featured_media":150893,"comment_status":"open","ping_status":"open","sticky":false,"template":"","format":"standard","meta":{"footnotes":""},"categories":[2],"tags":[37601,8747,4493,64,1830,7816,4633,13431,1351,42286],"class_list":["post-150892","post","type-post","status-publish","format-standard","has-post-thumbnail","hentry","category-kibris","tag-kurtulmasi","tag-alarak","tag-bakanini","tag-bir","tag-degil","tag-gorevden","tag-hukumetin","tag-incirli","tag-mumkun","tag-sorumluluktan"],"_links":{"self":[{"href":"https:\/\/www.kibrishost.com\/tak\/wp-json\/wp\/v2\/posts\/150892"}],"collection":[{"href":"https:\/\/www.kibrishost.com\/tak\/wp-json\/wp\/v2\/posts"}],"about":[{"href":"https:\/\/www.kibrishost.com\/tak\/wp-json\/wp\/v2\/types\/post"}],"author":[{"embeddable":true,"href":"https:\/\/www.kibrishost.com\/tak\/wp-json\/wp\/v2\/users\/1"}],"replies":[{"embeddable":true,"href":"https:\/\/www.kibrishost.com\/tak\/wp-json\/wp\/v2\/comments?post=150892"}],"version-history":[{"count":0,"href":"https:\/\/www.kibrishost.com\/tak\/wp-json\/wp\/v2\/posts\/150892\/revisions"}],"wp:featuredmedia":[{"embeddable":true,"href":"https:\/\/www.kibrishost.com\/tak\/wp-json\/wp\/v2\/media\/150893"}],"wp:attachment":[{"href":"https:\/\/www.kibrishost.com\/tak\/wp-json\/wp\/v2\/media?parent=150892"}],"wp:term":[{"taxonomy":"category","embeddable":true,"href":"https:\/\/www.kibrishost.com\/tak\/wp-json\/wp\/v2\/categories?post=150892"},{"taxonomy":"post_tag","embeddable":true,"href":"https:\/\/www.kibrishost.com\/tak\/wp-json\/wp\/v2\/tags?post=150892"}],"curies":[{"name":"wp","href":"https:\/\/api.w.org\/{rel}","templated":true}]}}