{"id":150888,"date":"2026-09-02T20:50:21","date_gmt":"2026-09-02T17:50:21","guid":{"rendered":"https:\/\/www.kibrishost.com\/tak\/ydp-myk-toplandi\/"},"modified":"2026-09-02T20:50:21","modified_gmt":"2026-09-02T17:50:21","slug":"ydp-myk-toplandi","status":"publish","type":"post","link":"https:\/\/www.kibrishost.com\/tak\/ydp-myk-toplandi\/","title":{"rendered":"YDP MYK topland\u0131"},"content":{"rendered":"<p>Yeniden Do\u011fu\u015f Partisi (YDP) Merkez Y\u00f6netim Kurulu (MYK) bu ak\u015fam saat 20.30 s\u0131ralar\u0131nda topland\u0131.<\/p>\n<p>Parti Genel Merkezi\u2019nde yer alan toplant\u0131 \u00f6ncesinde herhangi bir a\u00e7\u0131klama yap\u0131lmad\u0131.<\/p>\n<p>YDP Genel Sekreteri Er\u015fah Sabit Y\u0131lmaz, T\u00fcrk Ajans\u0131 K\u0131br\u0131s\u2019a (TAK) yapt\u0131\u011f\u0131 a\u00e7\u0131klamada MYK toplant\u0131s\u0131nda Bay\u0131nd\u0131rl\u0131k ve Ula\u015ft\u0131rma Bakan\u0131 Erhan Ar\u0131kl\u0131\u2019n\u0131n g\u00f6revden al\u0131nmas\u0131n\u0131n ele al\u0131naca\u011f\u0131n\u0131 belirtmi\u015fti.<\/p>\n<p>Ar\u0131kl\u0131, Ba\u015fbakan \u00dcnal \u00dcstel\u2019in kendisini g\u00f6revden ald\u0131\u011f\u0131n\u0131 a\u00e7\u0131klamas\u0131ndan k\u0131sa s\u00fcre \u00f6nce yapt\u0131\u011f\u0131 a\u00e7\u0131klamada ise, gemi kazas\u0131nda hukuki ve adli bir sorumlulu\u011fu varsa, adli makamlar\u0131n bu konuda rahat hareket edebilmesi ve gerekti\u011finde ifadesinin al\u0131n\u0131p yarg\u0131ya ta\u015f\u0131nabilmesi i\u00e7in, yar\u0131n Cumhuriyet Meclisine ba\u015fvurup dokunulmazl\u0131\u011f\u0131n\u0131n kald\u0131r\u0131lmas\u0131n\u0131 isteyece\u011fini duyurmu\u015ftu.<\/p>\n<p>Ar\u0131kl\u0131, gemi kazas\u0131yla ilgili soru\u015fturman\u0131n selameti a\u00e7\u0131s\u0131ndan soru\u015fturma bitinceye kadar Limanlar Dairesi\u2019nin Bay\u0131nd\u0131rl\u0131k ve Ula\u015ft\u0131rma Bakanl\u0131\u011f\u0131\u2019ndan al\u0131n\u0131p Ba\u015fbakanl\u0131\u011fa ba\u011flanmas\u0131 i\u00e7in yar\u0131n Ba\u015fbakanl\u0131\u011fa m\u00fcracaat edece\u011fini de belirtmi\u015fti.<\/p>\n<p>(MK\/\u00d6Z).\u00a0 \u00a0 \u00a0 \u00a0 \u00a0Foto\u011frafl\u0131<\/p>\n<\/p>\n<p>Haber ve foto\u011fraf: Mehmet Kara<\/p><\/p>\n","protected":false},"excerpt":{"rendered":"<p>Yeniden Do\u011fu\u015f Partisi (YDP) Merkez Y\u00f6netim Kurulu (MYK) bu ak\u015fam saat 20.30 s\u0131ralar\u0131nda topland\u0131. Parti Genel Merkezi\u2019nde yer alan toplant\u0131 \u00f6ncesinde herhangi bir a\u00e7\u0131klama yap\u0131lmad\u0131. YDP Genel Sekreteri Er\u015fah Sabit Y\u0131lmaz, T\u00fcrk Ajans\u0131 K\u0131br\u0131s\u2019a (TAK) yapt\u0131\u011f\u0131 a\u00e7\u0131klamada MYK toplant\u0131s\u0131nda Bay\u0131nd\u0131rl\u0131k ve Ula\u015ft\u0131rma Bakan\u0131 Erhan Ar\u0131kl\u0131\u2019n\u0131n g\u00f6revden al\u0131nmas\u0131n\u0131n ele al\u0131naca\u011f\u0131n\u0131 belirtmi\u015fti. Ar\u0131kl\u0131, Ba\u015fbakan \u00dcnal \u00dcstel\u2019in kendisini &hellip;<\/p>\n","protected":false},"author":1,"featured_media":150889,"comment_status":"open","ping_status":"open","sticky":false,"template":"","format":"standard","meta":{"footnotes":""},"categories":[2],"tags":[989,2722,877],"class_list":["post-150888","post","type-post","status-publish","format-standard","has-post-thumbnail","hentry","category-kibris","tag-myk","tag-toplandi","tag-ydp"],"_links":{"self":[{"href":"https:\/\/www.kibrishost.com\/tak\/wp-json\/wp\/v2\/posts\/150888"}],"collection":[{"href":"https:\/\/www.kibrishost.com\/tak\/wp-json\/wp\/v2\/posts"}],"about":[{"href":"https:\/\/www.kibrishost.com\/tak\/wp-json\/wp\/v2\/types\/post"}],"author":[{"embeddable":true,"href":"https:\/\/www.kibrishost.com\/tak\/wp-json\/wp\/v2\/users\/1"}],"replies":[{"embeddable":true,"href":"https:\/\/www.kibrishost.com\/tak\/wp-json\/wp\/v2\/comments?post=150888"}],"version-history":[{"count":0,"href":"https:\/\/www.kibrishost.com\/tak\/wp-json\/wp\/v2\/posts\/150888\/revisions"}],"wp:featuredmedia":[{"embeddable":true,"href":"https:\/\/www.kibrishost.com\/tak\/wp-json\/wp\/v2\/media\/150889"}],"wp:attachment":[{"href":"https:\/\/www.kibrishost.com\/tak\/wp-json\/wp\/v2\/media?parent=150888"}],"wp:term":[{"taxonomy":"category","embeddable":true,"href":"https:\/\/www.kibrishost.com\/tak\/wp-json\/wp\/v2\/categories?post=150888"},{"taxonomy":"post_tag","embeddable":true,"href":"https:\/\/www.kibrishost.com\/tak\/wp-json\/wp\/v2\/tags?post=150888"}],"curies":[{"name":"wp","href":"https:\/\/api.w.org\/{rel}","templated":true}]}}