{"id":150881,"date":"2026-09-02T20:40:43","date_gmt":"2026-09-02T17:40:43","guid":{"rendered":"https:\/\/www.kibrishost.com\/tak\/karadeniz-kultur-dernegi-tarafindan-yapilmasi-planlanan-yayla-senligi-iptal-edildi\/"},"modified":"2026-09-02T20:40:43","modified_gmt":"2026-09-02T17:40:43","slug":"karadeniz-kultur-dernegi-tarafindan-yapilmasi-planlanan-yayla-senligi-iptal-edildi","status":"publish","type":"post","link":"https:\/\/www.kibrishost.com\/tak\/karadeniz-kultur-dernegi-tarafindan-yapilmasi-planlanan-yayla-senligi-iptal-edildi\/","title":{"rendered":"Karadeniz K\u00fclt\u00fcr Derne\u011fi taraf\u0131ndan yap\u0131lmas\u0131 planlanan Yayla \u015eenli\u011fi iptal edildi"},"content":{"rendered":"<p>KKTC Karadeniz K\u00fclt\u00fcr Derne\u011fi, Girne a\u00e7\u0131klar\u0131nda ya\u015fanan deniz facias\u0131 dolay\u0131s\u0131yla ger\u00e7ekle\u015ftirilmesi planlanan Yayla \u015eenli\u011finin iptal edildi\u011fini duyurdu.<\/p>\n<p>Dernek a\u00e7\u0131klamas\u0131nda, \u201cBu vesile ile kaybetti\u011fimiz vatanda\u015flar\u0131m\u0131za Allah\u2019tan rahmet diler, hen\u00fcz haber alamad\u0131\u011f\u0131m\u0131z vatanda\u015flar\u0131m\u0131z i\u00e7in de y\u00fcce Mevlam\u0131zdan mucize diliyoruz.\u201d denildi.<\/p><\/p>\n","protected":false},"excerpt":{"rendered":"<p>KKTC Karadeniz K\u00fclt\u00fcr Derne\u011fi, Girne a\u00e7\u0131klar\u0131nda ya\u015fanan deniz facias\u0131 dolay\u0131s\u0131yla ger\u00e7ekle\u015ftirilmesi planlanan Yayla \u015eenli\u011finin iptal edildi\u011fini duyurdu. Dernek a\u00e7\u0131klamas\u0131nda, \u201cBu vesile ile kaybetti\u011fimiz vatanda\u015flar\u0131m\u0131za Allah\u2019tan rahmet diler, hen\u00fcz haber alamad\u0131\u011f\u0131m\u0131z vatanda\u015flar\u0131m\u0131z i\u00e7in de y\u00fcce Mevlam\u0131zdan mucize diliyoruz.\u201d denildi.<\/p>\n","protected":false},"author":1,"featured_media":150882,"comment_status":"open","ping_status":"open","sticky":false,"template":"","format":"standard","meta":{"footnotes":""},"categories":[2],"tags":[31,405,380,12469,779,6232,7336,1126,4935,3210],"class_list":["post-150881","post","type-post","status-publish","format-standard","has-post-thumbnail","hentry","category-kibris","tag-dernegi","tag-edildi","tag-iptal","tag-karadeniz","tag-kultur","tag-planlanan","tag-senligi","tag-tarafindan","tag-yapilmasi","tag-yayla"],"_links":{"self":[{"href":"https:\/\/www.kibrishost.com\/tak\/wp-json\/wp\/v2\/posts\/150881"}],"collection":[{"href":"https:\/\/www.kibrishost.com\/tak\/wp-json\/wp\/v2\/posts"}],"about":[{"href":"https:\/\/www.kibrishost.com\/tak\/wp-json\/wp\/v2\/types\/post"}],"author":[{"embeddable":true,"href":"https:\/\/www.kibrishost.com\/tak\/wp-json\/wp\/v2\/users\/1"}],"replies":[{"embeddable":true,"href":"https:\/\/www.kibrishost.com\/tak\/wp-json\/wp\/v2\/comments?post=150881"}],"version-history":[{"count":0,"href":"https:\/\/www.kibrishost.com\/tak\/wp-json\/wp\/v2\/posts\/150881\/revisions"}],"wp:featuredmedia":[{"embeddable":true,"href":"https:\/\/www.kibrishost.com\/tak\/wp-json\/wp\/v2\/media\/150882"}],"wp:attachment":[{"href":"https:\/\/www.kibrishost.com\/tak\/wp-json\/wp\/v2\/media?parent=150881"}],"wp:term":[{"taxonomy":"category","embeddable":true,"href":"https:\/\/www.kibrishost.com\/tak\/wp-json\/wp\/v2\/categories?post=150881"},{"taxonomy":"post_tag","embeddable":true,"href":"https:\/\/www.kibrishost.com\/tak\/wp-json\/wp\/v2\/tags?post=150881"}],"curies":[{"name":"wp","href":"https:\/\/api.w.org\/{rel}","templated":true}]}}