{"id":150875,"date":"2026-09-02T20:30:50","date_gmt":"2026-09-02T17:30:50","guid":{"rendered":"https:\/\/www.kibrishost.com\/tak\/gemi-kazasi-nedeniyle-hastanelerde-yatarak-tedavi-goren-hasta-sayisinin-3e-dustugu-aciklandi\/"},"modified":"2026-09-02T20:30:50","modified_gmt":"2026-09-02T17:30:50","slug":"gemi-kazasi-nedeniyle-hastanelerde-yatarak-tedavi-goren-hasta-sayisinin-3e-dustugu-aciklandi","status":"publish","type":"post","link":"https:\/\/www.kibrishost.com\/tak\/gemi-kazasi-nedeniyle-hastanelerde-yatarak-tedavi-goren-hasta-sayisinin-3e-dustugu-aciklandi\/","title":{"rendered":"Gemi kazas\u0131 nedeniyle hastanelerde yatarak tedavi g\u00f6ren hasta say\u0131s\u0131n\u0131n 3\u2019e d\u00fc\u015ft\u00fc\u011f\u00fc a\u00e7\u0131kland\u0131"},"content":{"rendered":"<p>Sa\u011fl\u0131k Bakanl\u0131\u011f\u0131, gemi kazas\u0131nda yaralanarak hastanelerde yatarak tedavi g\u00f6ren hasta say\u0131s\u0131n\u0131n 3\u2019e d\u00fc\u015ft\u00fc\u011f\u00fcn\u00fc a\u00e7\u0131klad\u0131.<\/p>\n<p>Sa\u011fl\u0131k Bakanl\u0131\u011f\u0131\u2019ndan yap\u0131lan a\u00e7\u0131klamada, Girne a\u00e7\u0131klar\u0131nda meydana gelen gemi kazas\u0131nda yaralanarak hastanelere kald\u0131r\u0131lan hastalar\u0131n h\u0131zla iyile\u015ferek taburcu edildi\u011fi kaydedildi. <\/p>\n<p>A\u00e7\u0131klamada, an itibar\u0131yla t\u00fcm hastanelerde yatarak tedavi g\u00f6ren hasta say\u0131s\u0131n\u0131n 3\u2019e d\u00fc\u015ft\u00fc\u011f\u00fc ifade edildi. <\/p><\/p>\n","protected":false},"excerpt":{"rendered":"<p>Sa\u011fl\u0131k Bakanl\u0131\u011f\u0131, gemi kazas\u0131nda yaralanarak hastanelerde yatarak tedavi g\u00f6ren hasta say\u0131s\u0131n\u0131n 3\u2019e d\u00fc\u015ft\u00fc\u011f\u00fcn\u00fc a\u00e7\u0131klad\u0131. Sa\u011fl\u0131k Bakanl\u0131\u011f\u0131\u2019ndan yap\u0131lan a\u00e7\u0131klamada, Girne a\u00e7\u0131klar\u0131nda meydana gelen gemi kazas\u0131nda yaralanarak hastanelere kald\u0131r\u0131lan hastalar\u0131n h\u0131zla iyile\u015ferek taburcu edildi\u011fi kaydedildi. A\u00e7\u0131klamada, an itibar\u0131yla t\u00fcm hastanelerde yatarak tedavi g\u00f6ren hasta say\u0131s\u0131n\u0131n 3\u2019e d\u00fc\u015ft\u00fc\u011f\u00fc ifade edildi.<\/p>\n","protected":false},"author":1,"featured_media":150876,"comment_status":"open","ping_status":"open","sticky":false,"template":"","format":"standard","meta":{"footnotes":""},"categories":[2],"tags":[29726,527,9891,16445,2717,7007,5665,2123,81,7498,4462,48728],"class_list":["post-150875","post","type-post","status-publish","format-standard","has-post-thumbnail","hentry","category-kibris","tag-3e","tag-aciklandi","tag-dustugu","tag-gemi","tag-goren","tag-hasta","tag-hastanelerde","tag-kazasi","tag-nedeniyle","tag-sayisinin","tag-tedavi","tag-yatarak"],"_links":{"self":[{"href":"https:\/\/www.kibrishost.com\/tak\/wp-json\/wp\/v2\/posts\/150875"}],"collection":[{"href":"https:\/\/www.kibrishost.com\/tak\/wp-json\/wp\/v2\/posts"}],"about":[{"href":"https:\/\/www.kibrishost.com\/tak\/wp-json\/wp\/v2\/types\/post"}],"author":[{"embeddable":true,"href":"https:\/\/www.kibrishost.com\/tak\/wp-json\/wp\/v2\/users\/1"}],"replies":[{"embeddable":true,"href":"https:\/\/www.kibrishost.com\/tak\/wp-json\/wp\/v2\/comments?post=150875"}],"version-history":[{"count":0,"href":"https:\/\/www.kibrishost.com\/tak\/wp-json\/wp\/v2\/posts\/150875\/revisions"}],"wp:featuredmedia":[{"embeddable":true,"href":"https:\/\/www.kibrishost.com\/tak\/wp-json\/wp\/v2\/media\/150876"}],"wp:attachment":[{"href":"https:\/\/www.kibrishost.com\/tak\/wp-json\/wp\/v2\/media?parent=150875"}],"wp:term":[{"taxonomy":"category","embeddable":true,"href":"https:\/\/www.kibrishost.com\/tak\/wp-json\/wp\/v2\/categories?post=150875"},{"taxonomy":"post_tag","embeddable":true,"href":"https:\/\/www.kibrishost.com\/tak\/wp-json\/wp\/v2\/tags?post=150875"}],"curies":[{"name":"wp","href":"https:\/\/api.w.org\/{rel}","templated":true}]}}