{"id":150868,"date":"2026-09-02T20:30:45","date_gmt":"2026-09-02T17:30:45","guid":{"rendered":"https:\/\/www.kibrishost.com\/tak\/arikli-yarin-cumhuriyet-meclisine-basvurup-dokunulmazliginin-kaldirilmasini-isteyecegini-duyurdu\/"},"modified":"2026-09-02T20:30:45","modified_gmt":"2026-09-02T17:30:45","slug":"arikli-yarin-cumhuriyet-meclisine-basvurup-dokunulmazliginin-kaldirilmasini-isteyecegini-duyurdu","status":"publish","type":"post","link":"https:\/\/www.kibrishost.com\/tak\/arikli-yarin-cumhuriyet-meclisine-basvurup-dokunulmazliginin-kaldirilmasini-isteyecegini-duyurdu\/","title":{"rendered":"Ar\u0131kl\u0131, yar\u0131n Cumhuriyet Meclisine ba\u015fvurup dokunulmazl\u0131\u011f\u0131n\u0131n kald\u0131r\u0131lmas\u0131n\u0131 isteyece\u011fini duyurdu"},"content":{"rendered":"<p>Bay\u0131nd\u0131rl\u0131k ve Ula\u015ft\u0131rma Bakan\u0131 Erhan Ar\u0131kl\u0131, gemi kazas\u0131nda hukuki ve adli bir sorumlulu\u011fu varsa, adli makamlar\u0131n bu konuda rahat hareket edebilmesi ve gerekti\u011finde ifadesinin al\u0131n\u0131p yarg\u0131ya ta\u015f\u0131nabilmesi i\u00e7in, yar\u0131n Cumhuriyet Meclisine ba\u015fvurup dokunulmazl\u0131\u011f\u0131n\u0131n kald\u0131r\u0131lmas\u0131n\u0131 isteyece\u011fini duyurdu.<\/p>\n<p>Ar\u0131kl\u0131 sosyal medya hesab\u0131ndan \u201cZaruri a\u00e7\u0131klama\u201d ba\u015fl\u0131\u011f\u0131yla yapt\u0131\u011f\u0131 payla\u015f\u0131mda, gemi kazas\u0131yla ilgili soru\u015fturman\u0131n selameti a\u00e7\u0131s\u0131ndan soru\u015fturma bitinceye kadar Limanlar Dairesi\u2019nin Bay\u0131nd\u0131rl\u0131k ve Ula\u015ft\u0131rma Bakanl\u0131\u011f\u0131\u2019ndan al\u0131n\u0131p Ba\u015fbakanl\u0131\u011fa ba\u011flanmas\u0131 i\u00e7in yar\u0131n Ba\u015fbakanl\u0131\u011fa m\u00fcracaat edece\u011fini de kaydetti.<\/p>\n<p>Ar\u0131kl\u0131\u2019n\u0131n payla\u015f\u0131m\u0131 \u015f\u00f6yle:<\/p>\n<p>\u201cBilindi\u011fi gibi T\u00fcrkiye Ula\u015ft\u0131rma ve Altyap\u0131 Bakanl\u0131\u011f\u0131n\u0131n g\u00f6revlendirdi\u011fi Kaza K\u0131r\u0131m Ekibi, soru\u015fturma ve inceleme amac\u0131 ile \u00fclkemize gelmi\u015f bulunmaktad\u0131r.<\/p>\n<p>Soru\u015fturman\u0131n selameti a\u00e7\u0131s\u0131ndan, soru\u015fturma bitinceye kadar Limanlar Dairemizin Bakanl\u0131\u011f\u0131m\u0131zdan al\u0131n\u0131p Ba\u015fbakanl\u0131\u011fa ba\u011flanmas\u0131 i\u00e7in yar\u0131n Ba\u015fbakanl\u0131\u011fa m\u00fcracaat edece\u011fiz.<\/p>\n<p>Ayr\u0131ca gemi kazas\u0131nda hukuki ve adli bir sorumlulu\u011fumuz varsa, adli makamlar\u0131n bu konuda rahat hareket edebilmesi ve gerekti\u011finde ifademin al\u0131n\u0131p yarg\u0131ya ta\u015f\u0131nabilmesi i\u00e7in, yar\u0131n Cumhuriyet Meclisine ba\u015fvurup dokunulmazl\u0131\u011f\u0131m\u0131n kald\u0131r\u0131lmas\u0131n\u0131 isteyece\u011fim. Bu talebimin de yap\u0131lacak olan ilk Ola\u011fan\u00fcst\u00fc Meclis Bile\u015fiminde g\u00f6r\u00fc\u015f\u00fclmesini talep edece\u011fim.<\/p>\n<p>Bu karar\u0131mdan sonra yar\u0131n &#8220;H\u00fckumetten \u00c7ekilme&#8221;\u00a0 g\u00fcndemi ile toplanacak Parti Meclisi toplant\u0131m\u0131z\u0131 da ileri bir tarihe erteliyoruz. Kamuoyuna sayg\u0131 ile duyurulur.\u201d<\/p>\n<p>(\u00d6Z)\u00a0<\/p><\/p>\n","protected":false},"excerpt":{"rendered":"<p>Bay\u0131nd\u0131rl\u0131k ve Ula\u015ft\u0131rma Bakan\u0131 Erhan Ar\u0131kl\u0131, gemi kazas\u0131nda hukuki ve adli bir sorumlulu\u011fu varsa, adli makamlar\u0131n bu konuda rahat hareket edebilmesi ve gerekti\u011finde ifadesinin al\u0131n\u0131p yarg\u0131ya ta\u015f\u0131nabilmesi i\u00e7in, yar\u0131n Cumhuriyet Meclisine ba\u015fvurup dokunulmazl\u0131\u011f\u0131n\u0131n kald\u0131r\u0131lmas\u0131n\u0131 isteyece\u011fini duyurdu. Ar\u0131kl\u0131 sosyal medya hesab\u0131ndan \u201cZaruri a\u00e7\u0131klama\u201d ba\u015fl\u0131\u011f\u0131yla yapt\u0131\u011f\u0131 payla\u015f\u0131mda, gemi kazas\u0131yla ilgili soru\u015fturman\u0131n selameti a\u00e7\u0131s\u0131ndan soru\u015fturma bitinceye kadar Limanlar &hellip;<\/p>\n","protected":false},"author":1,"featured_media":150869,"comment_status":"open","ping_status":"open","sticky":false,"template":"","format":"standard","meta":{"footnotes":""},"categories":[2],"tags":[358,48725,3751,15503,795,48726,6130,10936,54],"class_list":["post-150868","post","type-post","status-publish","format-standard","has-post-thumbnail","hentry","category-kibris","tag-arikli","tag-basvurup","tag-cumhuriyet","tag-dokunulmazliginin","tag-duyurdu","tag-isteyecegini","tag-kaldirilmasini","tag-meclisine","tag-yarin"],"_links":{"self":[{"href":"https:\/\/www.kibrishost.com\/tak\/wp-json\/wp\/v2\/posts\/150868"}],"collection":[{"href":"https:\/\/www.kibrishost.com\/tak\/wp-json\/wp\/v2\/posts"}],"about":[{"href":"https:\/\/www.kibrishost.com\/tak\/wp-json\/wp\/v2\/types\/post"}],"author":[{"embeddable":true,"href":"https:\/\/www.kibrishost.com\/tak\/wp-json\/wp\/v2\/users\/1"}],"replies":[{"embeddable":true,"href":"https:\/\/www.kibrishost.com\/tak\/wp-json\/wp\/v2\/comments?post=150868"}],"version-history":[{"count":0,"href":"https:\/\/www.kibrishost.com\/tak\/wp-json\/wp\/v2\/posts\/150868\/revisions"}],"wp:featuredmedia":[{"embeddable":true,"href":"https:\/\/www.kibrishost.com\/tak\/wp-json\/wp\/v2\/media\/150869"}],"wp:attachment":[{"href":"https:\/\/www.kibrishost.com\/tak\/wp-json\/wp\/v2\/media?parent=150868"}],"wp:term":[{"taxonomy":"category","embeddable":true,"href":"https:\/\/www.kibrishost.com\/tak\/wp-json\/wp\/v2\/categories?post=150868"},{"taxonomy":"post_tag","embeddable":true,"href":"https:\/\/www.kibrishost.com\/tak\/wp-json\/wp\/v2\/tags?post=150868"}],"curies":[{"name":"wp","href":"https:\/\/api.w.org\/{rel}","templated":true}]}}