{"id":150863,"date":"2026-09-02T20:30:43","date_gmt":"2026-09-02T17:30:43","guid":{"rendered":"https:\/\/www.kibrishost.com\/tak\/alabora-olan-gemiden-kurtarilan-hamile-kadin-ambulans-ucakla-turkiyeye-gonderildi\/"},"modified":"2026-09-02T20:30:45","modified_gmt":"2026-09-02T17:30:45","slug":"alabora-olan-gemiden-kurtarilan-hamile-kadin-ambulans-ucakla-turkiyeye-gonderildi","status":"publish","type":"post","link":"https:\/\/www.kibrishost.com\/tak\/alabora-olan-gemiden-kurtarilan-hamile-kadin-ambulans-ucakla-turkiyeye-gonderildi\/","title":{"rendered":"Alabora olan gemiden kurtar\u0131lan hamile kad\u0131n ambulans u\u00e7akla T\u00fcrkiye&#8217;ye g\u00f6nderildi"},"content":{"rendered":"<p>Girne a\u00e7\u0131klar\u0131nda alabora olan yolcu gemisinden kurtar\u0131ld\u0131ktan sonra Lefko\u015fa&#8217;da tedavi g\u00f6ren 8 ayl\u0131k hamile kad\u0131n, ambulans u\u00e7akla T\u00fcrkiye&#8217;ye g\u00f6nderildi.<\/p>\n<p>Gemi kazas\u0131ndan kurtar\u0131lan 8 ayl\u0131k hamile Menek\u015fe Nur Akkaya G\u00f6kda\u015f, Lefko\u015fa Dr. Burhan Nalbanto\u011flu Hastanesindeki tedavisinin ard\u0131ndan, ailenin talebi \u00fczerine ambulans u\u00e7akla Kocaeli&#8217;ye nakledildi.<\/p>\n<p>T\u00fcrkiye Sa\u011fl\u0131k Bakanl\u0131\u011f\u0131na ait ambulans u\u00e7ak, Ercan Havaliman\u0131&#8217;na inerek hastaneden doktor e\u015fli\u011finde ambulansla getirilen hamile kad\u0131n\u0131 ald\u0131ktan sonra T\u00fcrkiye&#8217;ye do\u011fru havaland\u0131.<\/p>\n<p>Menek\u015fe Nur Akkaya G\u00f6kda\u015f&#8217;a, ambulans u\u00e7akta e\u015fi Volkan G\u00f6kda\u015f refakat etti.<\/p>\n<p>Havaliman\u0131nda gazetecilere a\u00e7\u0131klamalarda bulunan Volkan G\u00f6kda\u015f, kazan\u0131n ilk an\u0131ndan itibaren kendileriyle ilgilenilmesi, ambulans u\u00e7ak taleplerinin kar\u015f\u0131lanmas\u0131 ve di\u011fer i\u015flemler nedeniyle T\u00fcrkiye Cumhuriyeti Lefko\u015fa B\u00fcy\u00fckel\u00e7ili\u011fi, Sa\u011fl\u0131k Bakanl\u0131\u011f\u0131 ve di\u011fer yetkililere te\u015fekk\u00fcr etti.<\/p>\n<p>G\u00f6kda\u015f, bekledikleri k\u0131z bebe\u011fin ad\u0131n\u0131n Deniz Ecem olmas\u0131n\u0131 planlad\u0131klar\u0131n\u0131 ancak gemi kazas\u0131n\u0131n ard\u0131ndan do\u011facak \u00e7ocuklar\u0131na Alara ismini verme karar\u0131 ald\u0131klar\u0131n\u0131 s\u00f6yledi.<\/p>\n<\/p>\n<p><img decoding=\"async\" width=\"1024\" height=\"683\" src=\"https:\/\/www.kibrishost.com\/tak\/wp-content\/uploads\/2026\/09\/alabora-olan-gemiden-kurtarilan-hamile-kadin-ambulans-ucakla-turkiyeye-gonderildi-1-1024x683.jpg\" class=\"aligncenter wp-image-150865\" alt=\"Alabora olan gemiden kurtar\u0131lan hamile kad\u0131n ambulans u\u00e7akla T\u00fcrkiye&#039;ye g\u00f6nderildi\" loading=\"lazy\" srcset=\"https:\/\/www.kibrishost.com\/tak\/wp-content\/uploads\/2026\/09\/alabora-olan-gemiden-kurtarilan-hamile-kadin-ambulans-ucakla-turkiyeye-gonderildi-1-1024x683.jpg 1024w, https:\/\/www.kibrishost.com\/tak\/wp-content\/uploads\/2026\/09\/alabora-olan-gemiden-kurtarilan-hamile-kadin-ambulans-ucakla-turkiyeye-gonderildi-1-300x200.jpg 300w, https:\/\/www.kibrishost.com\/tak\/wp-content\/uploads\/2026\/09\/alabora-olan-gemiden-kurtarilan-hamile-kadin-ambulans-ucakla-turkiyeye-gonderildi-1-768x512.jpg 768w, https:\/\/www.kibrishost.com\/tak\/wp-content\/uploads\/2026\/09\/alabora-olan-gemiden-kurtarilan-hamile-kadin-ambulans-ucakla-turkiyeye-gonderildi-1.jpg 1500w\" sizes=\"(max-width: 1024px) 100vw, 1024px\" \/><\/p>\n<p><img decoding=\"async\" width=\"1024\" height=\"683\" src=\"https:\/\/www.kibrishost.com\/tak\/wp-content\/uploads\/2026\/09\/alabora-olan-gemiden-kurtarilan-hamile-kadin-ambulans-ucakla-turkiyeye-gonderildi-2-1024x683.jpg\" class=\"aligncenter wp-image-150866\" alt=\"Alabora olan gemiden kurtar\u0131lan hamile kad\u0131n ambulans u\u00e7akla T\u00fcrkiye&#039;ye g\u00f6nderildi\" loading=\"lazy\" srcset=\"https:\/\/www.kibrishost.com\/tak\/wp-content\/uploads\/2026\/09\/alabora-olan-gemiden-kurtarilan-hamile-kadin-ambulans-ucakla-turkiyeye-gonderildi-2-1024x683.jpg 1024w, https:\/\/www.kibrishost.com\/tak\/wp-content\/uploads\/2026\/09\/alabora-olan-gemiden-kurtarilan-hamile-kadin-ambulans-ucakla-turkiyeye-gonderildi-2-300x200.jpg 300w, https:\/\/www.kibrishost.com\/tak\/wp-content\/uploads\/2026\/09\/alabora-olan-gemiden-kurtarilan-hamile-kadin-ambulans-ucakla-turkiyeye-gonderildi-2-768x512.jpg 768w, https:\/\/www.kibrishost.com\/tak\/wp-content\/uploads\/2026\/09\/alabora-olan-gemiden-kurtarilan-hamile-kadin-ambulans-ucakla-turkiyeye-gonderildi-2.jpg 1500w\" sizes=\"(max-width: 1024px) 100vw, 1024px\" \/><\/p>\n","protected":false},"excerpt":{"rendered":"<p>Girne a\u00e7\u0131klar\u0131nda alabora olan yolcu gemisinden kurtar\u0131ld\u0131ktan sonra Lefko\u015fa&#8217;da tedavi g\u00f6ren 8 ayl\u0131k hamile kad\u0131n, ambulans u\u00e7akla T\u00fcrkiye&#8217;ye g\u00f6nderildi. Gemi kazas\u0131ndan kurtar\u0131lan 8 ayl\u0131k hamile Menek\u015fe Nur Akkaya G\u00f6kda\u015f, Lefko\u015fa Dr. Burhan Nalbanto\u011flu Hastanesindeki tedavisinin ard\u0131ndan, ailenin talebi \u00fczerine ambulans u\u00e7akla Kocaeli&#8217;ye nakledildi. T\u00fcrkiye Sa\u011fl\u0131k Bakanl\u0131\u011f\u0131na ait ambulans u\u00e7ak, Ercan Havaliman\u0131&#8217;na inerek hastaneden doktor e\u015fli\u011finde &hellip;<\/p>\n","protected":false},"author":1,"featured_media":150864,"comment_status":"open","ping_status":"open","sticky":false,"template":"","format":"standard","meta":{"footnotes":""},"categories":[2],"tags":[3566,3938,44464,7063,15720,543,17540,2255,6926,20420],"class_list":["post-150863","post","type-post","status-publish","format-standard","has-post-thumbnail","hentry","category-kibris","tag-alabora","tag-ambulans","tag-gemiden","tag-gonderildi","tag-hamile","tag-kadin","tag-kurtarilan","tag-olan","tag-turkiyeye","tag-ucakla"],"_links":{"self":[{"href":"https:\/\/www.kibrishost.com\/tak\/wp-json\/wp\/v2\/posts\/150863"}],"collection":[{"href":"https:\/\/www.kibrishost.com\/tak\/wp-json\/wp\/v2\/posts"}],"about":[{"href":"https:\/\/www.kibrishost.com\/tak\/wp-json\/wp\/v2\/types\/post"}],"author":[{"embeddable":true,"href":"https:\/\/www.kibrishost.com\/tak\/wp-json\/wp\/v2\/users\/1"}],"replies":[{"embeddable":true,"href":"https:\/\/www.kibrishost.com\/tak\/wp-json\/wp\/v2\/comments?post=150863"}],"version-history":[{"count":1,"href":"https:\/\/www.kibrishost.com\/tak\/wp-json\/wp\/v2\/posts\/150863\/revisions"}],"predecessor-version":[{"id":150867,"href":"https:\/\/www.kibrishost.com\/tak\/wp-json\/wp\/v2\/posts\/150863\/revisions\/150867"}],"wp:featuredmedia":[{"embeddable":true,"href":"https:\/\/www.kibrishost.com\/tak\/wp-json\/wp\/v2\/media\/150864"}],"wp:attachment":[{"href":"https:\/\/www.kibrishost.com\/tak\/wp-json\/wp\/v2\/media?parent=150863"}],"wp:term":[{"taxonomy":"category","embeddable":true,"href":"https:\/\/www.kibrishost.com\/tak\/wp-json\/wp\/v2\/categories?post=150863"},{"taxonomy":"post_tag","embeddable":true,"href":"https:\/\/www.kibrishost.com\/tak\/wp-json\/wp\/v2\/tags?post=150863"}],"curies":[{"name":"wp","href":"https:\/\/api.w.org\/{rel}","templated":true}]}}