{"id":150853,"date":"2026-09-02T20:22:20","date_gmt":"2026-09-02T17:22:20","guid":{"rendered":"https:\/\/www.kibrishost.com\/tak\/abd-turkiyeyi-artemis-anlasmalarina-katilimindan-dolayi-tebrik-etti\/"},"modified":"2026-09-02T20:22:20","modified_gmt":"2026-09-02T17:22:20","slug":"abd-turkiyeyi-artemis-anlasmalarina-katilimindan-dolayi-tebrik-etti","status":"publish","type":"post","link":"https:\/\/www.kibrishost.com\/tak\/abd-turkiyeyi-artemis-anlasmalarina-katilimindan-dolayi-tebrik-etti\/","title":{"rendered":"ABD, T\u00fcrkiye&#8217;yi Artemis Anla\u015fmalar\u0131&#8217;na kat\u0131l\u0131m\u0131ndan dolay\u0131 tebrik etti"},"content":{"rendered":"<p>ABD D\u0131\u015fi\u015fleri Bakanl\u0131\u011f\u0131, T\u00fcrkiye&#8217;yi Artemis Anla\u015fmalar\u0131&#8217;na kat\u0131l\u0131m\u0131ndan dolay\u0131 tebrik ederek, T\u00fcrkiye&#8217;nin, uzay\u0131n bar\u0131\u015f\u00e7\u0131l bir \u015fekilde ara\u015ft\u0131r\u0131lmas\u0131 ve kullan\u0131lmas\u0131na olan ba\u011fl\u0131l\u0131\u011f\u0131n\u0131 taahh\u00fct etti\u011fini belirtti.<\/p>\n<p>Bakanl\u0131ktan, T\u00fcrkiye&#8217;nin Artemis Anla\u015fmalar\u0131&#8217;na imza atmas\u0131na ili\u015fkin yaz\u0131l\u0131 a\u00e7\u0131klama yap\u0131ld\u0131.<\/p>\n<p>A\u00e7\u0131klamada, &#8220;T\u00fcrkiye, bug\u00fcne kadar Anla\u015fmalar\u0131 imzalayan 71. \u00fclke olup, uzay\u0131n bar\u0131\u015f\u00e7\u0131l bir \u015fekilde ara\u015ft\u0131r\u0131lmas\u0131 ve kullan\u0131lmas\u0131na olan ba\u011fl\u0131l\u0131\u011f\u0131n\u0131 taahh\u00fct etmektedir.&#8221; ifadesi kullan\u0131ld\u0131.<\/p>\n<p>Anla\u015fmay\u0131, Sanayi ve Teknoloji Bakan\u0131 Mehmet Fatih Kac\u0131r&#8217;\u0131n, ABD&#8217;li yetkililerle 31 A\u011fustos&#8217;ta Washington&#8217;da imzalad\u0131\u011f\u0131 hat\u0131rlat\u0131lan a\u00e7\u0131klamada, &#8220;T\u00fcrkiye, ABD&#8217;nin uzun s\u00fcredir savunma i\u015fbirli\u011fi, b\u00f6lgesel g\u00fcvenlik ve ticari ortakl\u0131klar konusunda yak\u0131ndan koordinasyon sa\u011flad\u0131\u011f\u0131 de\u011ferli bir NATO m\u00fcttefikidir.&#8221; de\u011ferlendirmesinde bulunuldu.<\/p>\n<p>Artemis Anla\u015fmalar\u0131&#8217;n\u0131n sorumlu uzay ara\u015ft\u0131rmalar\u0131na rehberlik edecek pratik ilkeler seti olarak hizmet etmek \u00fczere 2020 y\u0131l\u0131nda Ba\u015fkan Donald Trump&#8217;\u0131n ilk d\u00f6neminde kuruldu\u011fu belirtilen a\u00e7\u0131klamada, T\u00fcrkiye&#8217;nin, s\u00fcrd\u00fcr\u00fclebilir sivil uzay faaliyetlerine ili\u015fkin anla\u015fmalar\u0131n ilkelerini onaylayan ABD&#8217;ye ve di\u011fer \u00fclkelere kat\u0131ld\u0131\u011f\u0131 kaydedildi.<\/p><\/p>\n","protected":false},"excerpt":{"rendered":"<p>ABD D\u0131\u015fi\u015fleri Bakanl\u0131\u011f\u0131, T\u00fcrkiye&#8217;yi Artemis Anla\u015fmalar\u0131&#8217;na kat\u0131l\u0131m\u0131ndan dolay\u0131 tebrik ederek, T\u00fcrkiye&#8217;nin, uzay\u0131n bar\u0131\u015f\u00e7\u0131l bir \u015fekilde ara\u015ft\u0131r\u0131lmas\u0131 ve kullan\u0131lmas\u0131na olan ba\u011fl\u0131l\u0131\u011f\u0131n\u0131 taahh\u00fct etti\u011fini belirtti. Bakanl\u0131ktan, T\u00fcrkiye&#8217;nin Artemis Anla\u015fmalar\u0131&#8217;na imza atmas\u0131na ili\u015fkin yaz\u0131l\u0131 a\u00e7\u0131klama yap\u0131ld\u0131. A\u00e7\u0131klamada, &#8220;T\u00fcrkiye, bug\u00fcne kadar Anla\u015fmalar\u0131 imzalayan 71. \u00fclke olup, uzay\u0131n bar\u0131\u015f\u00e7\u0131l bir \u015fekilde ara\u015ft\u0131r\u0131lmas\u0131 ve kullan\u0131lmas\u0131na olan ba\u011fl\u0131l\u0131\u011f\u0131n\u0131 taahh\u00fct etmektedir.&#8221; ifadesi kullan\u0131ld\u0131. &hellip;<\/p>\n","protected":false},"author":1,"featured_media":150854,"comment_status":"open","ping_status":"open","sticky":false,"template":"","format":"standard","meta":{"footnotes":""},"categories":[3],"tags":[41199,615,35559,3249,290,43041,8386,11329],"class_list":["post-150853","post","type-post","status-publish","format-standard","has-post-thumbnail","hentry","category-turkiye","tag-artemis","tag-abd","tag-anlasmalarina","tag-dolayi","tag-etti","tag-katilimindan","tag-tebrik","tag-turkiyeyi"],"_links":{"self":[{"href":"https:\/\/www.kibrishost.com\/tak\/wp-json\/wp\/v2\/posts\/150853"}],"collection":[{"href":"https:\/\/www.kibrishost.com\/tak\/wp-json\/wp\/v2\/posts"}],"about":[{"href":"https:\/\/www.kibrishost.com\/tak\/wp-json\/wp\/v2\/types\/post"}],"author":[{"embeddable":true,"href":"https:\/\/www.kibrishost.com\/tak\/wp-json\/wp\/v2\/users\/1"}],"replies":[{"embeddable":true,"href":"https:\/\/www.kibrishost.com\/tak\/wp-json\/wp\/v2\/comments?post=150853"}],"version-history":[{"count":0,"href":"https:\/\/www.kibrishost.com\/tak\/wp-json\/wp\/v2\/posts\/150853\/revisions"}],"wp:featuredmedia":[{"embeddable":true,"href":"https:\/\/www.kibrishost.com\/tak\/wp-json\/wp\/v2\/media\/150854"}],"wp:attachment":[{"href":"https:\/\/www.kibrishost.com\/tak\/wp-json\/wp\/v2\/media?parent=150853"}],"wp:term":[{"taxonomy":"category","embeddable":true,"href":"https:\/\/www.kibrishost.com\/tak\/wp-json\/wp\/v2\/categories?post=150853"},{"taxonomy":"post_tag","embeddable":true,"href":"https:\/\/www.kibrishost.com\/tak\/wp-json\/wp\/v2\/tags?post=150853"}],"curies":[{"name":"wp","href":"https:\/\/api.w.org\/{rel}","templated":true}]}}