{"id":150851,"date":"2026-09-02T20:22:19","date_gmt":"2026-09-02T17:22:19","guid":{"rendered":"https:\/\/www.kibrishost.com\/tak\/silivri-aciklarinda-iki-gemi-carpisti\/"},"modified":"2026-09-02T20:22:19","modified_gmt":"2026-09-02T17:22:19","slug":"silivri-aciklarinda-iki-gemi-carpisti","status":"publish","type":"post","link":"https:\/\/www.kibrishost.com\/tak\/silivri-aciklarinda-iki-gemi-carpisti\/","title":{"rendered":"Silivri a\u00e7\u0131klar\u0131nda iki gemi \u00e7arp\u0131\u015ft\u0131"},"content":{"rendered":"<p>\u0130stanbul Valili\u011fi, Silivri a\u00e7\u0131klar\u0131nda iki T\u00fcrk bayrakl\u0131 ticari geminin \u00e7arp\u0131\u015ft\u0131\u011f\u0131n\u0131, bir gemideki 10 personelle irtibat kurulamad\u0131\u011f\u0131n\u0131 bildirdi.\u00a0<\/p>\n<p>\u0130stanbul Valili\u011finin yapt\u0131\u011f\u0131 a\u00e7\u0131klamada, &#8220;Saat 03.00 s\u0131ralar\u0131nda Silivri a\u00e7\u0131klar\u0131n\u0131n 18 mil g\u00fcneyinde, Kocaeli&#8217;den Alia\u011fa&#8217;ya intikal eden T\u00fcrk bayrakl\u0131 Alsu isimli ticari gemi ile \u0130skenderun Liman\u0131&#8217;ndan Karadeniz Ere\u011fli&#8217;ye intikal eden T\u00fcrk bayrakl\u0131 Tu\u011fberk \u0130mamo\u011flu isimli ticari gemi \u00e7arp\u0131\u015fm\u0131\u015ft\u0131r.&#8221; ifadeleri kullan\u0131ld\u0131.\u00a0<\/p>\n<p>Olay yerine K\u0131y\u0131 Emniyeti, Sahil G\u00fcvenlik Marmara ve Bo\u011fazlar Komutanl\u0131\u011f\u0131&#8217;na ba\u011fl\u0131 \u00e7ok say\u0131da deniz unsuru ve sahil g\u00fcvenlik helikopterinin sevk edildi\u011fi belirtilen a\u00e7\u0131klamada, &#8220;B\u00f6lgeye intikal eden unsurlar\u0131n yapt\u0131\u011f\u0131 ilk tespitlere g\u00f6re Alsu isimli gemide g\u00f6zle g\u00f6r\u00fcn\u00fcr bir hasar bulunmamakta oldu\u011fu g\u00f6r\u00fclm\u00fc\u015ft\u00fcr. Ancak Tu\u011fberk \u0130mamo\u011flu isimli ticari gemi ve gemide bulunan 10 personelle an itibar\u0131yla irtibat kurulamamakta olup, b\u00f6lgedeki unsurlar\u0131n arama kurtarma \u00e7al\u0131\u015fmalar\u0131 devam etmektedir.&#8221; denildi.(AA\/FG)<\/p><\/p>\n","protected":false},"excerpt":{"rendered":"<p>\u0130stanbul Valili\u011fi, Silivri a\u00e7\u0131klar\u0131nda iki T\u00fcrk bayrakl\u0131 ticari geminin \u00e7arp\u0131\u015ft\u0131\u011f\u0131n\u0131, bir gemideki 10 personelle irtibat kurulamad\u0131\u011f\u0131n\u0131 bildirdi.\u00a0 \u0130stanbul Valili\u011finin yapt\u0131\u011f\u0131 a\u00e7\u0131klamada, &#8220;Saat 03.00 s\u0131ralar\u0131nda Silivri a\u00e7\u0131klar\u0131n\u0131n 18 mil g\u00fcneyinde, Kocaeli&#8217;den Alia\u011fa&#8217;ya intikal eden T\u00fcrk bayrakl\u0131 Alsu isimli ticari gemi ile \u0130skenderun Liman\u0131&#8217;ndan Karadeniz Ere\u011fli&#8217;ye intikal eden T\u00fcrk bayrakl\u0131 Tu\u011fberk \u0130mamo\u011flu isimli ticari gemi \u00e7arp\u0131\u015fm\u0131\u015ft\u0131r.&#8221; ifadeleri &hellip;<\/p>\n","protected":false},"author":1,"featured_media":150852,"comment_status":"open","ping_status":"open","sticky":false,"template":"","format":"standard","meta":{"footnotes":""},"categories":[3],"tags":[1504,1317,16445,77,45627],"class_list":["post-150851","post","type-post","status-publish","format-standard","has-post-thumbnail","hentry","category-turkiye","tag-aciklarinda","tag-carpisti","tag-gemi","tag-iki","tag-silivri"],"_links":{"self":[{"href":"https:\/\/www.kibrishost.com\/tak\/wp-json\/wp\/v2\/posts\/150851"}],"collection":[{"href":"https:\/\/www.kibrishost.com\/tak\/wp-json\/wp\/v2\/posts"}],"about":[{"href":"https:\/\/www.kibrishost.com\/tak\/wp-json\/wp\/v2\/types\/post"}],"author":[{"embeddable":true,"href":"https:\/\/www.kibrishost.com\/tak\/wp-json\/wp\/v2\/users\/1"}],"replies":[{"embeddable":true,"href":"https:\/\/www.kibrishost.com\/tak\/wp-json\/wp\/v2\/comments?post=150851"}],"version-history":[{"count":0,"href":"https:\/\/www.kibrishost.com\/tak\/wp-json\/wp\/v2\/posts\/150851\/revisions"}],"wp:featuredmedia":[{"embeddable":true,"href":"https:\/\/www.kibrishost.com\/tak\/wp-json\/wp\/v2\/media\/150852"}],"wp:attachment":[{"href":"https:\/\/www.kibrishost.com\/tak\/wp-json\/wp\/v2\/media?parent=150851"}],"wp:term":[{"taxonomy":"category","embeddable":true,"href":"https:\/\/www.kibrishost.com\/tak\/wp-json\/wp\/v2\/categories?post=150851"},{"taxonomy":"post_tag","embeddable":true,"href":"https:\/\/www.kibrishost.com\/tak\/wp-json\/wp\/v2\/tags?post=150851"}],"curies":[{"name":"wp","href":"https:\/\/api.w.org\/{rel}","templated":true}]}}