{"id":150847,"date":"2026-09-02T20:22:03","date_gmt":"2026-09-02T17:22:03","guid":{"rendered":"https:\/\/www.kibrishost.com\/tak\/gemi-kazasinda-olen-uzman-cavus-fahri-atesin-cenazesi-mersinde-defnedildi\/"},"modified":"2026-09-02T20:22:19","modified_gmt":"2026-09-02T17:22:19","slug":"gemi-kazasinda-olen-uzman-cavus-fahri-atesin-cenazesi-mersinde-defnedildi","status":"publish","type":"post","link":"https:\/\/www.kibrishost.com\/tak\/gemi-kazasinda-olen-uzman-cavus-fahri-atesin-cenazesi-mersinde-defnedildi\/","title":{"rendered":"Gemi kazas\u0131nda \u00f6len uzman \u00e7avu\u015f Fahri Ate\u015f\u2019in cenazesi Mersin&#8217;de defnedildi"},"content":{"rendered":"<p>\u00a0Girne a\u00e7\u0131klar\u0131nda yolcu gemisinin alabora olmas\u0131 sonucu ya\u015fam\u0131n\u0131 yitiren Jandarma Uzman \u00c7avu\u015f Fahri Ate\u015f&#8217;in cenazesi, memleketi Mersin&#8217;de topra\u011fa verildi.<\/p>\n<p>Girne Liman\u0131&#8217;ndan Mersin&#8217;in Silifke il\u00e7esindeki Ta\u015fucu Liman\u0131&#8217;na gitmek i\u00e7in demir alan geminin 30 A\u011fustos&#8217;ta alabora oldu\u011fu kazada hayat\u0131n\u0131 kaybeden 28 ya\u015f\u0131ndaki Ate\u015f&#8217;in naa\u015f\u0131, Erdemli il\u00e7esi \u00c7er\u00e7ili Mahallesi&#8217;ndeki mezarl\u0131\u011fa g\u00f6t\u00fcr\u00fcld\u00fc.<\/p>\n<p>Burada k\u0131l\u0131nan cenaze namaz\u0131na, Ate\u015f&#8217;in kazadan kurtulan e\u015fi Ay\u00e7a ile babas\u0131 Y\u00fcksel ve annesi Kadriye Ate\u015f&#8217;in yan\u0131 s\u0131ra Vali Yard\u0131mc\u0131s\u0131 Mehmet Ali \u00d6zkan, \u0130Y\u0130 Parti Genel Ba\u015fkan Yard\u0131mc\u0131s\u0131 ve Mersin Milletvekili Burhanettin Kocamaz, AK Parti Mersin Milletvekilleri Ali K\u0131ratl\u0131, Hasan Ufuk \u00c7ak\u0131r ve Havva Sibel S\u00f6ylemez, \u0130l Emniyet M\u00fcd\u00fcr\u00fc Fahri Akta\u015f, \u0130l Jandarma Komutan\u0131 Tu\u011fgeneral \u015einasi G\u00fc\u00e7l\u00fc ile vatanda\u015flar kat\u0131ld\u0131.<\/p>\n<p>T\u00f6rende Ate\u015f&#8217;in fenal\u0131k ge\u00e7iren babas\u0131na sa\u011fl\u0131k personeli m\u00fcdahale etti. Ate\u015f&#8217;in T\u00fcrk bayra\u011f\u0131na sar\u0131l\u0131 tabutunu \u00f6pen e\u015fi ve yak\u0131nlar\u0131, g\u00f6zya\u015f\u0131 d\u00f6kt\u00fc.<\/p>\n<p>Namaz\u0131n ard\u0131ndan Ate\u015f&#8217;in cenazesi, dualar e\u015fli\u011finde topra\u011fa verildi.<\/p>\n<p>&#8211; E\u015fi ve o\u011flunu g\u00fcverteye \u00e7\u0131kard\u0131ktan sonra can simidi almaya gitmi\u015f<\/p>\n<p>\u0130stanbul&#8217;da g\u00f6rev yapan jandarma uzman \u00e7avu\u015f Fahri Ate\u015f&#8217;in, y\u0131ll\u0131k izninde memleketi Erdemli&#8217;ye geldikten sonra hem\u015fire e\u015fi Ay\u00e7a ve 4 ya\u015f\u0131ndaki o\u011flu Atabey ile tatil i\u00e7in KKTC&#8217;ye gitti\u011fi belirtildi.<\/p>\n<p>Tatil d\u00f6n\u00fc\u015f\u00fc bindikleri yolcu gemisinin alabora olaca\u011f\u0131n\u0131 anlayan Ate\u015f&#8217;in, e\u015fi ve o\u011flunu g\u00fcvertede g\u00fcvenli yere \u00e7\u0131kard\u0131\u011f\u0131, can simidi almak i\u00e7in a\u015fa\u011f\u0131ya indi\u011fi s\u0131rada mahsur kal\u0131p ya\u015fam\u0131n\u0131 yitirdi\u011fi \u00f6\u011frenildi.<\/p>\n<\/p>\n<p><img decoding=\"async\" width=\"1024\" height=\"683\" src=\"https:\/\/www.kibrishost.com\/tak\/wp-content\/uploads\/2026\/09\/gemi-kazasinda-olen-uzman-cavus-fahri-atesin-cenazesi-mersinde-defnedildi-1-1024x683.jpg\" class=\"aligncenter wp-image-150849\" alt=\"Gemi kazas\u0131nda \u00f6len uzman \u00e7avu\u015f Fahri Ate\u015f\u2019in cenazesi Mersin&#039;de defnedildi\" loading=\"lazy\" srcset=\"https:\/\/www.kibrishost.com\/tak\/wp-content\/uploads\/2026\/09\/gemi-kazasinda-olen-uzman-cavus-fahri-atesin-cenazesi-mersinde-defnedildi-1-1024x683.jpg 1024w, https:\/\/www.kibrishost.com\/tak\/wp-content\/uploads\/2026\/09\/gemi-kazasinda-olen-uzman-cavus-fahri-atesin-cenazesi-mersinde-defnedildi-1-300x200.jpg 300w, https:\/\/www.kibrishost.com\/tak\/wp-content\/uploads\/2026\/09\/gemi-kazasinda-olen-uzman-cavus-fahri-atesin-cenazesi-mersinde-defnedildi-1-768x512.jpg 768w, https:\/\/www.kibrishost.com\/tak\/wp-content\/uploads\/2026\/09\/gemi-kazasinda-olen-uzman-cavus-fahri-atesin-cenazesi-mersinde-defnedildi-1-1536x1024.jpg 1536w, https:\/\/www.kibrishost.com\/tak\/wp-content\/uploads\/2026\/09\/gemi-kazasinda-olen-uzman-cavus-fahri-atesin-cenazesi-mersinde-defnedildi-1-2048x1365.jpg 2048w\" sizes=\"(max-width: 1024px) 100vw, 1024px\" \/><\/p>\n","protected":false},"excerpt":{"rendered":"<p>\u00a0Girne a\u00e7\u0131klar\u0131nda yolcu gemisinin alabora olmas\u0131 sonucu ya\u015fam\u0131n\u0131 yitiren Jandarma Uzman \u00c7avu\u015f Fahri Ate\u015f&#8217;in cenazesi, memleketi Mersin&#8217;de topra\u011fa verildi. Girne Liman\u0131&#8217;ndan Mersin&#8217;in Silifke il\u00e7esindeki Ta\u015fucu Liman\u0131&#8217;na gitmek i\u00e7in demir alan geminin 30 A\u011fustos&#8217;ta alabora oldu\u011fu kazada hayat\u0131n\u0131 kaybeden 28 ya\u015f\u0131ndaki Ate\u015f&#8217;in naa\u015f\u0131, Erdemli il\u00e7esi \u00c7er\u00e7ili Mahallesi&#8217;ndeki mezarl\u0131\u011fa g\u00f6t\u00fcr\u00fcld\u00fc. Burada k\u0131l\u0131nan cenaze namaz\u0131na, Ate\u015f&#8217;in kazadan kurtulan &hellip;<\/p>\n","protected":false},"author":1,"featured_media":150848,"comment_status":"open","ping_status":"open","sticky":false,"template":"","format":"standard","meta":{"footnotes":""},"categories":[3],"tags":[31011,1908,6411,17926,11550,16445,1972,1428,201,17918],"class_list":["post-150847","post","type-post","status-publish","format-standard","has-post-thumbnail","hentry","category-turkiye","tag-atesin","tag-cavus","tag-cenazesi","tag-defnedildi","tag-fahri","tag-gemi","tag-kazasinda","tag-mersinde","tag-olen","tag-uzman"],"_links":{"self":[{"href":"https:\/\/www.kibrishost.com\/tak\/wp-json\/wp\/v2\/posts\/150847"}],"collection":[{"href":"https:\/\/www.kibrishost.com\/tak\/wp-json\/wp\/v2\/posts"}],"about":[{"href":"https:\/\/www.kibrishost.com\/tak\/wp-json\/wp\/v2\/types\/post"}],"author":[{"embeddable":true,"href":"https:\/\/www.kibrishost.com\/tak\/wp-json\/wp\/v2\/users\/1"}],"replies":[{"embeddable":true,"href":"https:\/\/www.kibrishost.com\/tak\/wp-json\/wp\/v2\/comments?post=150847"}],"version-history":[{"count":1,"href":"https:\/\/www.kibrishost.com\/tak\/wp-json\/wp\/v2\/posts\/150847\/revisions"}],"predecessor-version":[{"id":150850,"href":"https:\/\/www.kibrishost.com\/tak\/wp-json\/wp\/v2\/posts\/150847\/revisions\/150850"}],"wp:featuredmedia":[{"embeddable":true,"href":"https:\/\/www.kibrishost.com\/tak\/wp-json\/wp\/v2\/media\/150848"}],"wp:attachment":[{"href":"https:\/\/www.kibrishost.com\/tak\/wp-json\/wp\/v2\/media?parent=150847"}],"wp:term":[{"taxonomy":"category","embeddable":true,"href":"https:\/\/www.kibrishost.com\/tak\/wp-json\/wp\/v2\/categories?post=150847"},{"taxonomy":"post_tag","embeddable":true,"href":"https:\/\/www.kibrishost.com\/tak\/wp-json\/wp\/v2\/tags?post=150847"}],"curies":[{"name":"wp","href":"https:\/\/api.w.org\/{rel}","templated":true}]}}