{"id":150843,"date":"2026-09-02T20:21:51","date_gmt":"2026-09-02T17:21:51","guid":{"rendered":"https:\/\/www.kibrishost.com\/tak\/ustel-50-yaslarinda-bir-kisinin-naasina-ulasildi\/"},"modified":"2026-09-02T20:21:51","modified_gmt":"2026-09-02T17:21:51","slug":"ustel-50-yaslarinda-bir-kisinin-naasina-ulasildi","status":"publish","type":"post","link":"https:\/\/www.kibrishost.com\/tak\/ustel-50-yaslarinda-bir-kisinin-naasina-ulasildi\/","title":{"rendered":"\u00dcstel: \u201c50 ya\u015flar\u0131nda bir ki\u015finin naa\u015f\u0131na ula\u015f\u0131ld\u0131&#8221;"},"content":{"rendered":"<p>Ba\u015fbakan \u00dcnal \u00dcstel, deniz facias\u0131n\u0131n ard\u0131ndan 550 metre derinlikte s\u00fcrd\u00fcr\u00fclen arama kurtarma \u00e7al\u0131\u015fmalar\u0131nda kay\u0131p 20 ki\u015fiden birinin naa\u015f\u0131na ula\u015f\u0131ld\u0131\u011f\u0131n\u0131 a\u00e7\u0131klad\u0131.<\/p>\n<\/p>\n<p>Bug\u00fcn, gemide \u00e7al\u0131\u015fmalar hakk\u0131nda bilgi ald\u0131klar\u0131n\u0131 s\u00f6yleyen \u00dcstel, \u201c20 vatanda\u015f\u0131m\u0131zdan birinin naa\u015f\u0131na ula\u015f\u0131ld\u0131. \u015eahs\u0131n naa\u015f\u0131 kimlik tespiti i\u00e7in Lefko\u015fa Dr. Nalbanto\u011flu Hastanesi&#8217;ne g\u00f6t\u00fcr\u00fcld\u00fc. \u00a0Yap\u0131lan tespitlerde naa\u015f\u0131n erkek ve\u00a0 50 ya\u015f civar\u0131nda oldu\u011fudur.\u201d dedi.<\/p>\n<p>Ba\u015fbakan \u00dcstel, Girne Liman\u0131&#8217;nda yapt\u0131\u011f\u0131 a\u00e7\u0131klamada, T\u00fcrkiye Cumhuriyeti Cumhurba\u015fkan\u0131 Recep Tayyip Erdo\u011fan ile T\u00fcrkiye Cumhuriyeti Cumhurba\u015fkan\u0131 Yard\u0131mc\u0131s\u0131 Cevdet Y\u0131lmaz\u2019\u0131n arama kurtarma \u00e7al\u0131\u015fmalar\u0131na t\u00fcm kurum ve kurulu\u015flar\u0131yla b\u00fcy\u00fck bir destek verdi\u011fini kaydetti.<\/p>\n<p>Bug\u00fcn ikinci geminin \u00fclkeye geldi\u011fini kaydeden \u00dcstel, derinli\u011fin 550 metrede olmas\u0131ndan dolay\u0131 arama kurtarma \u00e7al\u0131\u015fmalar\u0131n\u0131n zorla\u015ft\u0131rd\u0131\u011f\u0131n\u0131 dile getirdi.<\/p>\n<p>\u00c7al\u0131\u015fmalar\u0131n kesintisiz \u015fekilde 7\/24 devam edece\u011fini belirten \u00dcstel, hastaneye g\u00f6t\u00fcr\u00fclen naa\u015f\u0131n kimlik tespitinin ard\u0131ndan\u00a0 aile yak\u0131nlar\u0131na gerekli bilgilendirmenin yap\u0131laca\u011f\u0131n\u0131 a\u00e7\u0131klad\u0131.<\/p>\n<p>\u201cHepimizin bir kez daha ba\u015f\u0131 sa\u011f olsun, Allah sab\u0131rlar versin.\u201d diyen \u00dcstel, \u00a0arama \u00e7al\u0131\u015fmalar\u0131n\u0131n aral\u0131ks\u0131z s\u00fcrd\u00fc\u011f\u00fcn\u00fc kaydetti.<\/p>\n<p>\u201cOlayla ilgili soru\u015fturma ba\u015flat\u0131ld\u0131. Polisimiz bu konuda soru\u015fturmas\u0131n\u0131 b\u00fct\u00fcn h\u0131z\u0131yla devam etmektedir. T\u00fcrkiye Cumhuriyeti&#8217;nden yeni bir soru\u015fturma i\u00e7in teknik anlamda bir heyet istedik. \u00a0Onlar da geldi ve \u00e7al\u0131\u015fmalara ba\u015flad\u0131.\u201d diyen \u00dcstel, olayla ilgili soru\u015fturman\u0131n devam etti\u011fini belirtti.<\/p>\n<p>\u201cBurada en ufak bir ihmal veya bu konuda herhangi bir olaya sebep olan ne varsa, en \u00fcst d\u00fczeyden en alt\u0131na kadar hukuk \u00f6n\u00fcnde hesap verecek.\u201d diyen \u00dcstel, bir soru \u00fczerine \u201cH\u00fck\u00fcmet devam etmektedir. Doksan g\u00fcn sonra \u00fclkemizde genel se\u00e7im ve yerel se\u00e7im vard\u0131r. Herhangi bir h\u00fck\u00fcmet krizi \u015fu anda yoktur.\u201d dedi.<\/p>\n<p>\u201cDNA \u00f6rne\u011fi al\u0131nacak m\u0131 ailelerden kimlik tespiti i\u00e7in?\u201d sorusuna ise \u00dcstel, bu ak\u015fam Lefko\u015fa Dr. Nalbanto\u011flu Hastanesi&#8217;nde ailelerden DNA \u00f6rne\u011fi al\u0131naca\u011f\u0131n\u0131 kaydetti.<\/p>\n<p>Foto\u011fraf:\u00a0 S\u00fcleyman \u00d6nal<\/p>\n<p>\u00a0<\/p>\n<\/p>\n<p>\u00a0<\/p><\/p>\n","protected":false},"excerpt":{"rendered":"<p>Ba\u015fbakan \u00dcnal \u00dcstel, deniz facias\u0131n\u0131n ard\u0131ndan 550 metre derinlikte s\u00fcrd\u00fcr\u00fclen arama kurtarma \u00e7al\u0131\u015fmalar\u0131nda kay\u0131p 20 ki\u015fiden birinin naa\u015f\u0131na ula\u015f\u0131ld\u0131\u011f\u0131n\u0131 a\u00e7\u0131klad\u0131. Bug\u00fcn, gemide \u00e7al\u0131\u015fmalar hakk\u0131nda bilgi ald\u0131klar\u0131n\u0131 s\u00f6yleyen \u00dcstel, \u201c20 vatanda\u015f\u0131m\u0131zdan birinin naa\u015f\u0131na ula\u015f\u0131ld\u0131. \u015eahs\u0131n naa\u015f\u0131 kimlik tespiti i\u00e7in Lefko\u015fa Dr. Nalbanto\u011flu Hastanesi&#8217;ne g\u00f6t\u00fcr\u00fcld\u00fc. \u00a0Yap\u0131lan tespitlerde naa\u015f\u0131n erkek ve\u00a0 50 ya\u015f civar\u0131nda oldu\u011fudur.\u201d dedi. Ba\u015fbakan \u00dcstel, &hellip;<\/p>\n","protected":false},"author":1,"featured_media":150844,"comment_status":"open","ping_status":"open","sticky":false,"template":"","format":"standard","meta":{"footnotes":""},"categories":[2],"tags":[2419,64,2761,36779,4206,1016,20886],"class_list":["post-150843","post","type-post","status-publish","format-standard","has-post-thumbnail","hentry","category-kibris","tag-2419","tag-bir","tag-kisinin","tag-naasina","tag-ulasildi","tag-ustel","tag-yaslarinda"],"_links":{"self":[{"href":"https:\/\/www.kibrishost.com\/tak\/wp-json\/wp\/v2\/posts\/150843"}],"collection":[{"href":"https:\/\/www.kibrishost.com\/tak\/wp-json\/wp\/v2\/posts"}],"about":[{"href":"https:\/\/www.kibrishost.com\/tak\/wp-json\/wp\/v2\/types\/post"}],"author":[{"embeddable":true,"href":"https:\/\/www.kibrishost.com\/tak\/wp-json\/wp\/v2\/users\/1"}],"replies":[{"embeddable":true,"href":"https:\/\/www.kibrishost.com\/tak\/wp-json\/wp\/v2\/comments?post=150843"}],"version-history":[{"count":0,"href":"https:\/\/www.kibrishost.com\/tak\/wp-json\/wp\/v2\/posts\/150843\/revisions"}],"wp:featuredmedia":[{"embeddable":true,"href":"https:\/\/www.kibrishost.com\/tak\/wp-json\/wp\/v2\/media\/150844"}],"wp:attachment":[{"href":"https:\/\/www.kibrishost.com\/tak\/wp-json\/wp\/v2\/media?parent=150843"}],"wp:term":[{"taxonomy":"category","embeddable":true,"href":"https:\/\/www.kibrishost.com\/tak\/wp-json\/wp\/v2\/categories?post=150843"},{"taxonomy":"post_tag","embeddable":true,"href":"https:\/\/www.kibrishost.com\/tak\/wp-json\/wp\/v2\/tags?post=150843"}],"curies":[{"name":"wp","href":"https:\/\/api.w.org\/{rel}","templated":true}]}}