{"id":150825,"date":"2026-09-02T20:21:07","date_gmt":"2026-09-02T17:21:07","guid":{"rendered":"https:\/\/www.kibrishost.com\/tak\/bm-guvenlik-konseyi-baskanligini-eylul-ayinda-fransa-ustlendi\/"},"modified":"2026-09-02T20:21:07","modified_gmt":"2026-09-02T17:21:07","slug":"bm-guvenlik-konseyi-baskanligini-eylul-ayinda-fransa-ustlendi","status":"publish","type":"post","link":"https:\/\/www.kibrishost.com\/tak\/bm-guvenlik-konseyi-baskanligini-eylul-ayinda-fransa-ustlendi\/","title":{"rendered":"BM G\u00fcvenlik Konseyi Ba\u015fkanl\u0131\u011f\u0131n\u0131 eyl\u00fcl ay\u0131nda Fransa \u00fcstlendi"},"content":{"rendered":"<p>Fransa&#8217;n\u0131n Birle\u015fmi\u015f Milletler (BM) Daimi Temsilcisi Jerome Bonnafont, bu ay \u00fcstlendikleri BM G\u00fcvenlik Konseyi (BMGK) d\u00f6nem ba\u015fkanl\u0131\u011f\u0131 s\u0131ras\u0131nda \u00e7ok tarafl\u0131l\u0131\u011fa, BM \u015eart\u0131&#8217;n\u0131n uygulanmas\u0131na ve eylem odakl\u0131 bir Konsey&#8217;e odaklanacaklar\u0131n\u0131 belirtti.<\/p>\n<p>Bonnafont, bu ayki BMGK d\u00f6nem ba\u015fkanl\u0131\u011f\u0131n\u0131n Fransa&#8217;ya ge\u00e7mesi \u00fczerine BM Genel Merkezi&#8217;nde bas\u0131n toplant\u0131s\u0131 d\u00fczenledi.<\/p>\n<p>Fransa&#8217;n\u0131n, bu ay ba\u015flayacak \u00fcst d\u00fczey BM Genel Kurul oturumlar\u0131 (UNGA81) boyunca \u00e7ok tarafl\u0131l\u0131\u011fa \u00f6nem verece\u011fini belirten Bonnafont, BM \u015eart\u0131&#8217;n\u0131n uygulanmas\u0131na ve eylem odakl\u0131 bir Konsey&#8217;e olan ba\u011fl\u0131l\u0131k \u00e7er\u00e7evesinde \u00e7al\u0131\u015facaklar\u0131n\u0131 s\u00f6yledi.<\/p>\n<p>Bonnafont, Fransa&#8217;n\u0131n ba\u015fkanl\u0131\u011f\u0131nda, G\u00fcvenlik Konseyi&#8217;nin BM \u015eart\u0131 ilkelerini yeniden teyit etmek, bar\u0131\u015f s\u00fcre\u00e7lerini desteklemek ve acil durum eylemlerini te\u015fvik etmek konusunda \u00e7aba sarf edeceklerini kaydetti.<\/p>\n<p>BM G\u00fcvenlik Konseyi, veto yetkisine sahip 5 daimi \u00fcyeden (ABD, Rusya, \u00c7in, Fransa ve \u0130ngiltere) ve 2 y\u0131ll\u0131k d\u00f6nemler i\u00e7in se\u00e7ilen 10 ge\u00e7ici \u00fcyeden olu\u015fuyor. BMGK \u00fcyeleri, s\u0131rayla her ay Konsey&#8217;e ba\u015fkanl\u0131k ediyor.<\/p><\/p>\n","protected":false},"excerpt":{"rendered":"<p>Fransa&#8217;n\u0131n Birle\u015fmi\u015f Milletler (BM) Daimi Temsilcisi Jerome Bonnafont, bu ay \u00fcstlendikleri BM G\u00fcvenlik Konseyi (BMGK) d\u00f6nem ba\u015fkanl\u0131\u011f\u0131 s\u0131ras\u0131nda \u00e7ok tarafl\u0131l\u0131\u011fa, BM \u015eart\u0131&#8217;n\u0131n uygulanmas\u0131na ve eylem odakl\u0131 bir Konsey&#8217;e odaklanacaklar\u0131n\u0131 belirtti. Bonnafont, bu ayki BMGK d\u00f6nem ba\u015fkanl\u0131\u011f\u0131n\u0131n Fransa&#8217;ya ge\u00e7mesi \u00fczerine BM Genel Merkezi&#8217;nde bas\u0131n toplant\u0131s\u0131 d\u00fczenledi. Fransa&#8217;n\u0131n, bu ay ba\u015flayacak \u00fcst d\u00fczey BM Genel Kurul oturumlar\u0131 &hellip;<\/p>\n","protected":false},"author":1,"featured_media":150826,"comment_status":"open","ping_status":"open","sticky":false,"template":"","format":"standard","meta":{"footnotes":""},"categories":[4],"tags":[33,9768,3166,5982,734,4910,3242],"class_list":["post-150825","post","type-post","status-publish","format-standard","has-post-thumbnail","hentry","category-dunya","tag-ayinda","tag-baskanligini","tag-eylul","tag-fransa","tag-guvenlik","tag-konseyi","tag-ustlendi"],"_links":{"self":[{"href":"https:\/\/www.kibrishost.com\/tak\/wp-json\/wp\/v2\/posts\/150825"}],"collection":[{"href":"https:\/\/www.kibrishost.com\/tak\/wp-json\/wp\/v2\/posts"}],"about":[{"href":"https:\/\/www.kibrishost.com\/tak\/wp-json\/wp\/v2\/types\/post"}],"author":[{"embeddable":true,"href":"https:\/\/www.kibrishost.com\/tak\/wp-json\/wp\/v2\/users\/1"}],"replies":[{"embeddable":true,"href":"https:\/\/www.kibrishost.com\/tak\/wp-json\/wp\/v2\/comments?post=150825"}],"version-history":[{"count":0,"href":"https:\/\/www.kibrishost.com\/tak\/wp-json\/wp\/v2\/posts\/150825\/revisions"}],"wp:featuredmedia":[{"embeddable":true,"href":"https:\/\/www.kibrishost.com\/tak\/wp-json\/wp\/v2\/media\/150826"}],"wp:attachment":[{"href":"https:\/\/www.kibrishost.com\/tak\/wp-json\/wp\/v2\/media?parent=150825"}],"wp:term":[{"taxonomy":"category","embeddable":true,"href":"https:\/\/www.kibrishost.com\/tak\/wp-json\/wp\/v2\/categories?post=150825"},{"taxonomy":"post_tag","embeddable":true,"href":"https:\/\/www.kibrishost.com\/tak\/wp-json\/wp\/v2\/tags?post=150825"}],"curies":[{"name":"wp","href":"https:\/\/api.w.org\/{rel}","templated":true}]}}