{"id":150819,"date":"2026-09-02T20:21:00","date_gmt":"2026-09-02T17:21:00","guid":{"rendered":"https:\/\/www.kibrishost.com\/tak\/misirda-yolcu-otobusunun-devrilmesi-sonucu-22-kisi-oldu\/"},"modified":"2026-09-02T20:21:00","modified_gmt":"2026-09-02T17:21:00","slug":"misirda-yolcu-otobusunun-devrilmesi-sonucu-22-kisi-oldu","status":"publish","type":"post","link":"https:\/\/www.kibrishost.com\/tak\/misirda-yolcu-otobusunun-devrilmesi-sonucu-22-kisi-oldu\/","title":{"rendered":"M\u0131s\u0131r&#8217;da yolcu otob\u00fcs\u00fcn\u00fcn devrilmesi sonucu 22 ki\u015fi \u00f6ld\u00fc"},"content":{"rendered":"<p>M\u0131s\u0131r&#8217;\u0131n G\u00fcney Sina vilayetinde yolcu otob\u00fcs\u00fcn\u00fcn devrilmesi sonucu 22 ki\u015finin hayat\u0131n\u0131 kaybetti\u011fi ve 28 ki\u015finin yaraland\u0131\u011f\u0131 belirtildi.<\/p>\n<p>M\u0131s\u0131r&#8217;\u0131n El-Ahram gazetesinin haberine g\u00f6re, Dehab ile Nuveybe kentlerini birbirine ba\u011flayan kara yolunda seyreden yolcu otob\u00fcs\u00fc, Saada b\u00f6lgesi yak\u0131nlar\u0131nda devrildi.<\/p>\n<p>M\u0131s\u0131r Sa\u011fl\u0131k Bakanl\u0131\u011f\u0131ndan yap\u0131lan a\u00e7\u0131klamada, 22 ki\u015finin hayat\u0131n\u0131 kaybetti\u011fi, 28 ki\u015finin yaraland\u0131\u011f\u0131 bildirildi.<\/p>\n<p>Turistik bir b\u00f6lgede meydana gelen kazayla ilgili soru\u015fturma ba\u015flat\u0131l\u0131rken, ya\u015fam\u0131n\u0131 yitirenlerin uyruklar\u0131na ili\u015fkin ise hen\u00fcz bir bilgi payla\u015f\u0131lmad\u0131.<\/p><\/p>\n","protected":false},"excerpt":{"rendered":"<p>M\u0131s\u0131r&#8217;\u0131n G\u00fcney Sina vilayetinde yolcu otob\u00fcs\u00fcn\u00fcn devrilmesi sonucu 22 ki\u015finin hayat\u0131n\u0131 kaybetti\u011fi ve 28 ki\u015finin yaraland\u0131\u011f\u0131 belirtildi. M\u0131s\u0131r&#8217;\u0131n El-Ahram gazetesinin haberine g\u00f6re, Dehab ile Nuveybe kentlerini birbirine ba\u011flayan kara yolunda seyreden yolcu otob\u00fcs\u00fc, Saada b\u00f6lgesi yak\u0131nlar\u0131nda devrildi. M\u0131s\u0131r Sa\u011fl\u0131k Bakanl\u0131\u011f\u0131ndan yap\u0131lan a\u00e7\u0131klamada, 22 ki\u015finin hayat\u0131n\u0131 kaybetti\u011fi, 28 ki\u015finin yaraland\u0131\u011f\u0131 bildirildi. Turistik bir b\u00f6lgede meydana gelen &hellip;<\/p>\n","protected":false},"author":1,"featured_media":150820,"comment_status":"open","ping_status":"open","sticky":false,"template":"","format":"standard","meta":{"footnotes":""},"categories":[4],"tags":[12582,303,17948,100,12577,898,706],"class_list":["post-150819","post","type-post","status-publish","format-standard","has-post-thumbnail","hentry","category-dunya","tag-devrilmesi","tag-kisi","tag-misirda","tag-oldu","tag-otobusunun","tag-sonucu","tag-yolcu"],"_links":{"self":[{"href":"https:\/\/www.kibrishost.com\/tak\/wp-json\/wp\/v2\/posts\/150819"}],"collection":[{"href":"https:\/\/www.kibrishost.com\/tak\/wp-json\/wp\/v2\/posts"}],"about":[{"href":"https:\/\/www.kibrishost.com\/tak\/wp-json\/wp\/v2\/types\/post"}],"author":[{"embeddable":true,"href":"https:\/\/www.kibrishost.com\/tak\/wp-json\/wp\/v2\/users\/1"}],"replies":[{"embeddable":true,"href":"https:\/\/www.kibrishost.com\/tak\/wp-json\/wp\/v2\/comments?post=150819"}],"version-history":[{"count":0,"href":"https:\/\/www.kibrishost.com\/tak\/wp-json\/wp\/v2\/posts\/150819\/revisions"}],"wp:featuredmedia":[{"embeddable":true,"href":"https:\/\/www.kibrishost.com\/tak\/wp-json\/wp\/v2\/media\/150820"}],"wp:attachment":[{"href":"https:\/\/www.kibrishost.com\/tak\/wp-json\/wp\/v2\/media?parent=150819"}],"wp:term":[{"taxonomy":"category","embeddable":true,"href":"https:\/\/www.kibrishost.com\/tak\/wp-json\/wp\/v2\/categories?post=150819"},{"taxonomy":"post_tag","embeddable":true,"href":"https:\/\/www.kibrishost.com\/tak\/wp-json\/wp\/v2\/tags?post=150819"}],"curies":[{"name":"wp","href":"https:\/\/api.w.org\/{rel}","templated":true}]}}