{"id":150817,"date":"2026-09-02T20:17:42","date_gmt":"2026-09-02T17:17:42","guid":{"rendered":"https:\/\/www.kibrishost.com\/tak\/silivri-aciklarinda-carpisan-iki-gemiden-biri-batti\/"},"modified":"2026-09-02T20:17:42","modified_gmt":"2026-09-02T17:17:42","slug":"silivri-aciklarinda-carpisan-iki-gemiden-biri-batti","status":"publish","type":"post","link":"https:\/\/www.kibrishost.com\/tak\/silivri-aciklarinda-carpisan-iki-gemiden-biri-batti\/","title":{"rendered":"Silivri a\u00e7\u0131klar\u0131nda \u00e7arp\u0131\u015fan iki gemiden biri batt\u0131"},"content":{"rendered":"<p>Silivri a\u00e7\u0131klar\u0131nda T\u00fcrk bayrakl\u0131 iki ticari geminin \u00e7arp\u0131\u015ft\u0131\u011f\u0131 kazada batan gemide ula\u015f\u0131lamayan 10 ki\u015filik m\u00fcrettebat\u0131n kimlik bilgileri belli olurken, b\u00f6lgedeki arama \u00e7al\u0131\u015fmalar\u0131 s\u00fcr\u00fcyor.<\/p>\n<p>\u0130stanbul Valili\u011finden yap\u0131lan a\u00e7\u0131klamada, &#8220;Saat 03.00 s\u0131ralar\u0131nda Silivri a\u00e7\u0131klar\u0131n\u0131n 18 mil g\u00fcneyinde, Kocaeli&#8217;den Alia\u011fa&#8217;ya intikal eden T\u00fcrk bayrakl\u0131 Alsu isimli ticari gemi ile \u0130skenderun Liman\u0131&#8217;ndan Karadeniz Ere\u011fli&#8217;ye intikal eden T\u00fcrk bayrakl\u0131 Tu\u011fberk \u0130mamo\u011flu isimli ticari gemi \u00e7arp\u0131\u015fm\u0131\u015ft\u0131r.&#8221; ifadeleri kullan\u0131ld\u0131.<\/p>\n<p>Olay yerine K\u0131y\u0131 Emniyeti, Sahil G\u00fcvenlik Marmara ve Bo\u011fazlar B\u00f6lge Komutanl\u0131\u011f\u0131na ba\u011fl\u0131 \u00e7ok say\u0131da deniz unsuru ve sahil g\u00fcvenlik helikopterinin sevk edildi\u011fi belirtilen a\u00e7\u0131klamada, &#8220;B\u00f6lgeye intikal eden unsurlar\u0131n yapt\u0131\u011f\u0131 ilk tespitlere g\u00f6re Alsu isimli gemide g\u00f6zle g\u00f6r\u00fcn\u00fcr bir hasar bulunmamakta oldu\u011fu g\u00f6r\u00fclm\u00fc\u015ft\u00fcr. Ancak Tu\u011fberk \u0130mamo\u011flu isimli ticari gemi ve gemide bulunan 10 personelle an itibar\u0131yla irtibat kurulamamakta olup, b\u00f6lgedeki unsurlar\u0131n arama kurtarma \u00e7al\u0131\u015fmalar\u0131 devam etmektedir.&#8221; denildi.<\/p>\n<p>Valilik taraf\u0131ndan kazaya ili\u015fkin yap\u0131lan ikinci a\u00e7\u0131klamada ise \u015funlar kaydedildi:<\/p>\n<p>&#8220;Silivri&#8217;nin 18 deniz mili (35 km) a\u00e7\u0131klar\u0131nda meydana gelen gemi kazas\u0131n\u0131n ard\u0131ndan b\u00f6lgede ba\u015flat\u0131lan arama kurtarma \u00e7al\u0131\u015fmalar\u0131 devam etmektedir. Rulo sac metal ve in\u015faat demiri y\u00fckl\u00fc Tu\u011fberk \u0130mamo\u011flu adl\u0131 gemiye y\u00f6nelik s\u00fcrd\u00fcr\u00fclen \u00e7al\u0131\u015fmalarda Sahil G\u00fcvenlik Marmara ve Bo\u011fazlar B\u00f6lge Komutanl\u0131\u011f\u0131na ait 2 helikopter, 9 deniz unsuru ile K\u0131y\u0131 Emniyeti&#8217;ne ait 3 deniz arac\u0131 g\u00f6rev yapmaktad\u0131r.&#8221;<\/p>\n<p>A\u00e7\u0131klamada, \u00e7arp\u0131\u015fmadan etkilenen Alsu isimli tankerin bo\u015f oldu\u011fu ve kazan\u0131n meydana geldi\u011fi b\u00f6lgede deniz derinli\u011finin yakla\u015f\u0131k 800-900 metre oldu\u011funun tespit edildi\u011fi belirtildi.<\/p>\n<p>Silivri Cumhuriyet Ba\u015fsavc\u0131l\u0131\u011f\u0131 da olaya ili\u015fkin soru\u015fturma ba\u015flatarak bir ba\u015fsavc\u0131 vekili ile 2 cumhuriyet savc\u0131s\u0131 g\u00f6revlendirildi\u011fini bildirdi.<\/p>\n<p>&#8211; Kriz masas\u0131 olu\u015fturuldu<\/p>\n<p>Kaza sonras\u0131nda, Silivri&#8217;de \u0130l Afet ve Acil Durum M\u00fcd\u00fcrl\u00fc\u011f\u00fcnce kriz masas\u0131 olu\u015fturuldu. Silivri Kaymakaml\u0131\u011f\u0131 koordinasyonunda y\u00fcr\u00fct\u00fclen faaliyetler \u00e7er\u00e7evesinde, m\u00fcrettebat\u0131n yak\u0131nlar\u0131na sa\u011fl\u0131k, beslenme, bar\u0131nma ve psikososyal destek verilmeye ba\u015fland\u0131.<\/p>\n<p>Ayr\u0131ca, Tekirda\u011f&#8217;\u0131n Marmaraere\u011flisi il\u00e7esindeki limandan \u00e7ok say\u0131da deniz arac\u0131, arama kurtarma \u00e7al\u0131\u015fmalar\u0131na destek vermek \u00fczere kaza b\u00f6lgesine sevk edildi.<\/p>\n<p>K\u0131y\u0131 Emniyeti Genel M\u00fcd\u00fcrl\u00fc\u011f\u00fcne ait baz\u0131 deniz ara\u00e7lar\u0131 da ihtiya\u00e7 halinde \u00e7al\u0131\u015fmalara kat\u0131lmak \u00fczere Marmaraere\u011flisi Liman\u0131&#8217;nda haz\u0131r bekletiliyor.<\/p>\n<p>Havadan arama \u00e7al\u0131\u015fmalar\u0131na kat\u0131lan helikopterler de b\u00f6lgeden g\u00f6r\u00fcn\u00fcyor.<\/p>\n<p>&#8211; M\u00fcrettebat\u0131n kimlik bilgileri<\/p>\n<p>Kazan\u0131n ard\u0131ndan batan Tu\u011fberk \u0130mamo\u011flu gemisinde bulunan ve arama \u00e7al\u0131\u015fmalar\u0131 s\u00fcren 10 ki\u015filik m\u00fcrettebat\u0131n kimlikleri \u015f\u00f6yle:<\/p>\n<p>&#8220;Kaptan Ya\u015far Kayhan, 1. zabit Rahmi Temel, 3. kaptan Atakan Alag\u00f6z, ba\u015fmakinist Ayd\u0131n Demirci, 2. makinist Gencer Ayd\u0131n, ya\u011fc\u0131 Ey\u00fcp Enes Cesur, g\u00fcverte lostromosu Nidai Duman, usta gemici Nacican Keskin, gemici Onuralp Demir ve a\u015f\u00e7\u0131 Abdulbaki Mirzao\u011flu.&#8221;<\/p>\n<p>B\u00f6lgedeki arama \u00e7al\u0131\u015fmalar\u0131 s\u00fcrerken, \u00e7al\u0131\u015fmalara kat\u0131lan sahil g\u00fcvenlik helikopteri, TCSG G\u00fcven Gemisi&#8217;ne inerek yak\u0131t ikmali yapt\u0131, sonra tekrar havalanarak \u00e7al\u0131\u015fmalara devam etti.<\/p>\n<p>\u00d6te yandan, kazaya kar\u0131\u015fan Alsu isimli tanker Silivri a\u00e7\u0131klar\u0131nda demirletilirken, AA ekibi taraf\u0131ndan dronla g\u00f6r\u00fcnt\u00fclendi. G\u00f6r\u00fcnt\u00fclerde, geminin yan\u0131 s\u0131ra gemi i\u00e7inde bulunan m\u00fcrettebat da g\u00f6r\u00fcl\u00fcyor.<\/p>\n<p>(AA\/AK\/\u00d6Z)\u00a0<\/p>\n","protected":false},"excerpt":{"rendered":"<p>Silivri a\u00e7\u0131klar\u0131nda T\u00fcrk bayrakl\u0131 iki ticari geminin \u00e7arp\u0131\u015ft\u0131\u011f\u0131 kazada batan gemide ula\u015f\u0131lamayan 10 ki\u015filik m\u00fcrettebat\u0131n kimlik bilgileri belli olurken, b\u00f6lgedeki arama \u00e7al\u0131\u015fmalar\u0131 s\u00fcr\u00fcyor. \u0130stanbul Valili\u011finden yap\u0131lan a\u00e7\u0131klamada, &#8220;Saat 03.00 s\u0131ralar\u0131nda Silivri a\u00e7\u0131klar\u0131n\u0131n 18 mil g\u00fcneyinde, Kocaeli&#8217;den Alia\u011fa&#8217;ya intikal eden T\u00fcrk bayrakl\u0131 Alsu isimli ticari gemi ile \u0130skenderun Liman\u0131&#8217;ndan Karadeniz Ere\u011fli&#8217;ye intikal eden T\u00fcrk bayrakl\u0131 Tu\u011fberk &hellip;<\/p>\n","protected":false},"author":1,"featured_media":150818,"comment_status":"open","ping_status":"open","sticky":false,"template":"","format":"standard","meta":{"footnotes":""},"categories":[3],"tags":[1504,17585,2015,20349,44464,77,45627],"class_list":["post-150817","post","type-post","status-publish","format-standard","has-post-thumbnail","hentry","category-turkiye","tag-aciklarinda","tag-batti","tag-biri","tag-carpisan","tag-gemiden","tag-iki","tag-silivri"],"_links":{"self":[{"href":"https:\/\/www.kibrishost.com\/tak\/wp-json\/wp\/v2\/posts\/150817"}],"collection":[{"href":"https:\/\/www.kibrishost.com\/tak\/wp-json\/wp\/v2\/posts"}],"about":[{"href":"https:\/\/www.kibrishost.com\/tak\/wp-json\/wp\/v2\/types\/post"}],"author":[{"embeddable":true,"href":"https:\/\/www.kibrishost.com\/tak\/wp-json\/wp\/v2\/users\/1"}],"replies":[{"embeddable":true,"href":"https:\/\/www.kibrishost.com\/tak\/wp-json\/wp\/v2\/comments?post=150817"}],"version-history":[{"count":0,"href":"https:\/\/www.kibrishost.com\/tak\/wp-json\/wp\/v2\/posts\/150817\/revisions"}],"wp:featuredmedia":[{"embeddable":true,"href":"https:\/\/www.kibrishost.com\/tak\/wp-json\/wp\/v2\/media\/150818"}],"wp:attachment":[{"href":"https:\/\/www.kibrishost.com\/tak\/wp-json\/wp\/v2\/media?parent=150817"}],"wp:term":[{"taxonomy":"category","embeddable":true,"href":"https:\/\/www.kibrishost.com\/tak\/wp-json\/wp\/v2\/categories?post=150817"},{"taxonomy":"post_tag","embeddable":true,"href":"https:\/\/www.kibrishost.com\/tak\/wp-json\/wp\/v2\/tags?post=150817"}],"curies":[{"name":"wp","href":"https:\/\/api.w.org\/{rel}","templated":true}]}}