{"id":150806,"date":"2026-09-02T12:56:28","date_gmt":"2026-09-02T09:56:28","guid":{"rendered":"https:\/\/www.kibrishost.com\/tak\/gemi-kazasinda-olen-gulcan-gurelin-cenazesi-mersinde-defnedildi\/"},"modified":"2026-09-02T12:56:28","modified_gmt":"2026-09-02T09:56:28","slug":"gemi-kazasinda-olen-gulcan-gurelin-cenazesi-mersinde-defnedildi","status":"publish","type":"post","link":"https:\/\/www.kibrishost.com\/tak\/gemi-kazasinda-olen-gulcan-gurelin-cenazesi-mersinde-defnedildi\/","title":{"rendered":"Gemi kazas\u0131nda \u00f6len G\u00fclcan G\u00fcrel&#8217;in cenazesi Mersin&#8217;de defnedildi"},"content":{"rendered":"<p>\u00a0Girne a\u00e7\u0131klar\u0131nda yolcu gemisinin alabora olmas\u0131 sonucu ya\u015fam\u0131n\u0131 yitiren G\u00fclcan G\u00fcrel&#8217;in cenazesi, Mersin&#8217;de topra\u011fa verildi.<\/p>\n<p>KKTC&#8217;nin Girne Liman\u0131&#8217;ndan Mersin&#8217;in Silifke il\u00e7esindeki Ta\u015fucu Liman\u0131&#8217;na gitmek i\u00e7in demir alan geminin, 30 A\u011fustos&#8217;ta alabora oldu\u011fu kazada hayat\u0131n\u0131 kaybeden 33 ya\u015f\u0131ndaki G\u00fcrel&#8217;in naa\u015f\u0131, temizlik personeli olarak g\u00f6rev yapt\u0131\u011f\u0131 Mersin \u015eehir E\u011fitim ve Ara\u015ft\u0131rma Hastanesi&#8217;ne g\u00f6t\u00fcr\u00fcld\u00fc.<\/p>\n<p>Hastane bah\u00e7esinde d\u00fczenlenen t\u00f6rene, G\u00fcrel&#8217;in kazadan kurtulan 9 ya\u015f\u0131ndaki k\u0131z\u0131 Tusem G\u00fcrel ve k\u0131z karde\u015fi Eda Payam, \u0130l Sa\u011fl\u0131k M\u00fcd\u00fcr\u00fc Mustafa Ekici ve mesai arkada\u015flar\u0131 kat\u0131ld\u0131. G\u00fcrel&#8217;in, kazada yaralanan babas\u0131 Bayram Payam ise KKTC&#8217;de s\u00fcren tedavisi nedeniyle t\u00f6rende yer alamad\u0131.<\/p>\n<p>T\u00f6rende, G\u00fcrel i\u00e7in Kur&#8217;an-\u0131 Kerim okundu, dua edildi. Yak\u0131nlar\u0131 ve \u00e7al\u0131\u015fma arkada\u015flar\u0131 \u00fcz\u00fcnt\u00fc ya\u015fad\u0131.<\/p>\n<p>G\u00fcrel&#8217;in cenazesi, merkez Toroslar il\u00e7esindeki G\u00fcneykent Mezarl\u0131\u011f\u0131&#8217;nda k\u0131l\u0131nan namaz\u0131n ard\u0131ndan topra\u011fa verildi.<\/p>\n<p>Cenaze namaz\u0131nda, G\u00fcrel&#8217;in e\u015fi Kemal G\u00fcrel ve KKTC&#8217;de uzman \u00e7avu\u015f olarak g\u00f6rev yapan erkek karde\u015fi Mehmet Payam&#8217;\u0131n yan\u0131 s\u0131ra Mersin Valisi Atilla Toros, CHP Mersin Milletvekili G\u00fclcan K\u0131\u015f, KKTC Mersin Ba\u015fkonsolosu \u00dclk\u00fc Alemdar, AK Parti \u0130l Ba\u015fkan\u0131 Adem Aldemir ve vatanda\u015flar da yer ald\u0131.<\/p><\/p>\n","protected":false},"excerpt":{"rendered":"<p>\u00a0Girne a\u00e7\u0131klar\u0131nda yolcu gemisinin alabora olmas\u0131 sonucu ya\u015fam\u0131n\u0131 yitiren G\u00fclcan G\u00fcrel&#8217;in cenazesi, Mersin&#8217;de topra\u011fa verildi. KKTC&#8217;nin Girne Liman\u0131&#8217;ndan Mersin&#8217;in Silifke il\u00e7esindeki Ta\u015fucu Liman\u0131&#8217;na gitmek i\u00e7in demir alan geminin, 30 A\u011fustos&#8217;ta alabora oldu\u011fu kazada hayat\u0131n\u0131 kaybeden 33 ya\u015f\u0131ndaki G\u00fcrel&#8217;in naa\u015f\u0131, temizlik personeli olarak g\u00f6rev yapt\u0131\u011f\u0131 Mersin \u015eehir E\u011fitim ve Ara\u015ft\u0131rma Hastanesi&#8217;ne g\u00f6t\u00fcr\u00fcld\u00fc. Hastane bah\u00e7esinde d\u00fczenlenen t\u00f6rene, &hellip;<\/p>\n","protected":false},"author":1,"featured_media":0,"comment_status":"open","ping_status":"open","sticky":false,"template":"","format":"standard","meta":{"footnotes":""},"categories":[3],"tags":[6411,17926,16445,15030,48716,1972,1428,201],"class_list":["post-150806","post","type-post","status-publish","format-standard","hentry","category-turkiye","tag-cenazesi","tag-defnedildi","tag-gemi","tag-gulcan","tag-gurelin","tag-kazasinda","tag-mersinde","tag-olen"],"_links":{"self":[{"href":"https:\/\/www.kibrishost.com\/tak\/wp-json\/wp\/v2\/posts\/150806"}],"collection":[{"href":"https:\/\/www.kibrishost.com\/tak\/wp-json\/wp\/v2\/posts"}],"about":[{"href":"https:\/\/www.kibrishost.com\/tak\/wp-json\/wp\/v2\/types\/post"}],"author":[{"embeddable":true,"href":"https:\/\/www.kibrishost.com\/tak\/wp-json\/wp\/v2\/users\/1"}],"replies":[{"embeddable":true,"href":"https:\/\/www.kibrishost.com\/tak\/wp-json\/wp\/v2\/comments?post=150806"}],"version-history":[{"count":0,"href":"https:\/\/www.kibrishost.com\/tak\/wp-json\/wp\/v2\/posts\/150806\/revisions"}],"wp:attachment":[{"href":"https:\/\/www.kibrishost.com\/tak\/wp-json\/wp\/v2\/media?parent=150806"}],"wp:term":[{"taxonomy":"category","embeddable":true,"href":"https:\/\/www.kibrishost.com\/tak\/wp-json\/wp\/v2\/categories?post=150806"},{"taxonomy":"post_tag","embeddable":true,"href":"https:\/\/www.kibrishost.com\/tak\/wp-json\/wp\/v2\/tags?post=150806"}],"curies":[{"name":"wp","href":"https:\/\/api.w.org\/{rel}","templated":true}]}}