{"id":150801,"date":"2026-09-02T12:56:09","date_gmt":"2026-09-02T09:56:09","guid":{"rendered":"https:\/\/www.kibrishost.com\/tak\/ustel-geminin-yeri-tespit-edildi-robotlarla-goruntuleme-calismalari-suruyor\/"},"modified":"2026-09-02T12:56:19","modified_gmt":"2026-09-02T09:56:19","slug":"ustel-geminin-yeri-tespit-edildi-robotlarla-goruntuleme-calismalari-suruyor","status":"publish","type":"post","link":"https:\/\/www.kibrishost.com\/tak\/ustel-geminin-yeri-tespit-edildi-robotlarla-goruntuleme-calismalari-suruyor\/","title":{"rendered":"\u00dcstel: \u201cGeminin yeri tespit edildi, robotlarla g\u00f6r\u00fcnt\u00fcleme \u00e7al\u0131\u015fmalar\u0131 s\u00fcr\u00fcyor\u201d"},"content":{"rendered":"<p>Ba\u015fbakan \u00dcnal \u00dcstel, Girne a\u00e7\u0131klar\u0131nda meydana gelen gemi facias\u0131nda kay\u0131p 20 ki\u015fiye ula\u015f\u0131lmas\u0131 amac\u0131yla s\u00fcrd\u00fcr\u00fclen \u00e7al\u0131\u015fmalarda geminin yerinin tespit edildi\u011fini, yakla\u015f\u0131k 550 metre derinlikte bulunan geminin \u00e7evresinde robotlarla g\u00f6r\u00fcnt\u00fcleme \u00e7al\u0131\u015fmalar\u0131n\u0131n devam etti\u011fini s\u00f6yledi.<\/p>\n<p>\u00dcstel, Girne Liman\u0131 \u00f6n\u00fcnde bekleyen kay\u0131p yak\u0131nlar\u0131n\u0131 ziyaret ederek arama kurtarma \u00e7al\u0131\u015fmalar\u0131ndaki son geli\u015fmeleri aktard\u0131ktan sonra bas\u0131na a\u00e7\u0131klama yapt\u0131.<\/p>\n<p>T\u00fcrkiye Cumhuriyeti taraf\u0131ndan b\u00f6lgeye g\u00f6nderilen ilk geminin d\u00fcn yapt\u0131\u011f\u0131 \u00e7al\u0131\u015fmalar sonucunda bir noktan\u0131n belirlendi\u011fini kaydeden \u00dcstel, bug\u00fcn \u00e7al\u0131\u015fmalara kat\u0131lan TCG Alemdar ile geminin yerinin tespit edildi\u011fini kaydetti.<\/p>\n<p>Geminin yakla\u015f\u0131k 550 metre derinlikte bulundu\u011funu ifade eden \u00dcstel, robotlarla geminin \u00e7evresinde g\u00f6r\u00fcnt\u00fcleme \u00e7al\u0131\u015fmalar\u0131 y\u00fcr\u00fct\u00fcld\u00fc\u011f\u00fcn\u00fc belirtti.<\/p>\n<p>Derinlik nedeniyle g\u00f6r\u00fcnt\u00fcleme ve arama kurtarma \u00e7al\u0131\u015fmalar\u0131n\u0131n \u00e7ok zor \u015fartlarda s\u00fcrd\u00fc\u011f\u00fcn\u00fc vurgulayan \u00dcstel, ekiplerin b\u00fcy\u00fck \u00f6zveri ve fedak\u00e2rl\u0131kla \u00e7al\u0131\u015fmalar\u0131na devam etti\u011fini kaydetti.<\/p>\n<p>\u00dcstel, \u00e7al\u0131\u015fmalar\u0131n ak\u015fam saatlerine do\u011fru belirli bir noktaya ula\u015fmas\u0131n\u0131n beklendi\u011fini belirterek, elde edilecek bilgiler do\u011frultusunda kay\u0131p yak\u0131nlar\u0131 ve kamuoyunun yeniden bilgilendirilece\u011fini s\u00f6yledi.<\/p>\n<p>Ailelerin ya\u015fad\u0131\u011f\u0131 ac\u0131n\u0131n t\u00fcm toplumun ac\u0131s\u0131 oldu\u011funu ifade eden \u00dcstel, \u201cAc\u0131m\u0131z b\u00fcy\u00fck. Ac\u0131m\u0131z\u0131n tarifi zor. Ailelerin ac\u0131lar\u0131 bizim ac\u0131m\u0131z, onlar\u0131n ac\u0131lar\u0131 hepimizin ac\u0131s\u0131.\u201d dedi.<\/p>\n<p>(MER\/\u00d6Z)\u00a0 \u00a0 \u00a0 Foto\u011frafl\u0131<\/p>\n<p>Haber: Arda Mercan \u00a0\u00a0\u00a0 Foto\u011fraf: S\u00fcleyman \u00d6nal<\/p>\n<\/p>\n<p><img decoding=\"async\" width=\"1024\" height=\"684\" src=\"https:\/\/www.kibrishost.com\/tak\/wp-content\/uploads\/2026\/09\/ustel-geminin-yeri-tespit-edildi-robotlarla-goruntuleme-calismalari-suruyor-1-1024x684.jpg\" class=\"aligncenter wp-image-150803\" alt=\"\u00dcstel: \u201cGeminin yeri tespit edildi, robotlarla g\u00f6r\u00fcnt\u00fcleme \u00e7al\u0131\u015fmalar\u0131 s\u00fcr\u00fcyor\u201d\" loading=\"lazy\" srcset=\"https:\/\/www.kibrishost.com\/tak\/wp-content\/uploads\/2026\/09\/ustel-geminin-yeri-tespit-edildi-robotlarla-goruntuleme-calismalari-suruyor-1-1024x684.jpg 1024w, https:\/\/www.kibrishost.com\/tak\/wp-content\/uploads\/2026\/09\/ustel-geminin-yeri-tespit-edildi-robotlarla-goruntuleme-calismalari-suruyor-1-300x200.jpg 300w, https:\/\/www.kibrishost.com\/tak\/wp-content\/uploads\/2026\/09\/ustel-geminin-yeri-tespit-edildi-robotlarla-goruntuleme-calismalari-suruyor-1-768x513.jpg 768w, https:\/\/www.kibrishost.com\/tak\/wp-content\/uploads\/2026\/09\/ustel-geminin-yeri-tespit-edildi-robotlarla-goruntuleme-calismalari-suruyor-1-1536x1025.jpg 1536w, https:\/\/www.kibrishost.com\/tak\/wp-content\/uploads\/2026\/09\/ustel-geminin-yeri-tespit-edildi-robotlarla-goruntuleme-calismalari-suruyor-1.jpg 2048w\" sizes=\"(max-width: 1024px) 100vw, 1024px\" \/><\/p>\n<p><img decoding=\"async\" width=\"1024\" height=\"683\" src=\"https:\/\/www.kibrishost.com\/tak\/wp-content\/uploads\/2026\/09\/ustel-geminin-yeri-tespit-edildi-robotlarla-goruntuleme-calismalari-suruyor-2-1024x683.jpg\" class=\"aligncenter wp-image-150804\" alt=\"\u00dcstel: \u201cGeminin yeri tespit edildi, robotlarla g\u00f6r\u00fcnt\u00fcleme \u00e7al\u0131\u015fmalar\u0131 s\u00fcr\u00fcyor\u201d\" loading=\"lazy\" srcset=\"https:\/\/www.kibrishost.com\/tak\/wp-content\/uploads\/2026\/09\/ustel-geminin-yeri-tespit-edildi-robotlarla-goruntuleme-calismalari-suruyor-2-1024x683.jpg 1024w, https:\/\/www.kibrishost.com\/tak\/wp-content\/uploads\/2026\/09\/ustel-geminin-yeri-tespit-edildi-robotlarla-goruntuleme-calismalari-suruyor-2-300x200.jpg 300w, https:\/\/www.kibrishost.com\/tak\/wp-content\/uploads\/2026\/09\/ustel-geminin-yeri-tespit-edildi-robotlarla-goruntuleme-calismalari-suruyor-2-768x512.jpg 768w, https:\/\/www.kibrishost.com\/tak\/wp-content\/uploads\/2026\/09\/ustel-geminin-yeri-tespit-edildi-robotlarla-goruntuleme-calismalari-suruyor-2-1536x1024.jpg 1536w, https:\/\/www.kibrishost.com\/tak\/wp-content\/uploads\/2026\/09\/ustel-geminin-yeri-tespit-edildi-robotlarla-goruntuleme-calismalari-suruyor-2.jpg 1620w\" sizes=\"(max-width: 1024px) 100vw, 1024px\" \/><\/p>\n","protected":false},"excerpt":{"rendered":"<p>Ba\u015fbakan \u00dcnal \u00dcstel, Girne a\u00e7\u0131klar\u0131nda meydana gelen gemi facias\u0131nda kay\u0131p 20 ki\u015fiye ula\u015f\u0131lmas\u0131 amac\u0131yla s\u00fcrd\u00fcr\u00fclen \u00e7al\u0131\u015fmalarda geminin yerinin tespit edildi\u011fini, yakla\u015f\u0131k 550 metre derinlikte bulunan geminin \u00e7evresinde robotlarla g\u00f6r\u00fcnt\u00fcleme \u00e7al\u0131\u015fmalar\u0131n\u0131n devam etti\u011fini s\u00f6yledi. \u00dcstel, Girne Liman\u0131 \u00f6n\u00fcnde bekleyen kay\u0131p yak\u0131nlar\u0131n\u0131 ziyaret ederek arama kurtarma \u00e7al\u0131\u015fmalar\u0131ndaki son geli\u015fmeleri aktard\u0131ktan sonra bas\u0131na a\u00e7\u0131klama yapt\u0131. T\u00fcrkiye Cumhuriyeti taraf\u0131ndan &hellip;<\/p>\n","protected":false},"author":1,"featured_media":150802,"comment_status":"open","ping_status":"open","sticky":false,"template":"","format":"standard","meta":{"footnotes":""},"categories":[2],"tags":[784,405,5211,44784,33376,14,1438,1016,2737],"class_list":["post-150801","post","type-post","status-publish","format-standard","has-post-thumbnail","hentry","category-kibris","tag-calismalari","tag-edildi","tag-geminin","tag-goruntuleme","tag-robotlarla","tag-suruyor","tag-tespit","tag-ustel","tag-yeri"],"_links":{"self":[{"href":"https:\/\/www.kibrishost.com\/tak\/wp-json\/wp\/v2\/posts\/150801"}],"collection":[{"href":"https:\/\/www.kibrishost.com\/tak\/wp-json\/wp\/v2\/posts"}],"about":[{"href":"https:\/\/www.kibrishost.com\/tak\/wp-json\/wp\/v2\/types\/post"}],"author":[{"embeddable":true,"href":"https:\/\/www.kibrishost.com\/tak\/wp-json\/wp\/v2\/users\/1"}],"replies":[{"embeddable":true,"href":"https:\/\/www.kibrishost.com\/tak\/wp-json\/wp\/v2\/comments?post=150801"}],"version-history":[{"count":1,"href":"https:\/\/www.kibrishost.com\/tak\/wp-json\/wp\/v2\/posts\/150801\/revisions"}],"predecessor-version":[{"id":150805,"href":"https:\/\/www.kibrishost.com\/tak\/wp-json\/wp\/v2\/posts\/150801\/revisions\/150805"}],"wp:featuredmedia":[{"embeddable":true,"href":"https:\/\/www.kibrishost.com\/tak\/wp-json\/wp\/v2\/media\/150802"}],"wp:attachment":[{"href":"https:\/\/www.kibrishost.com\/tak\/wp-json\/wp\/v2\/media?parent=150801"}],"wp:term":[{"taxonomy":"category","embeddable":true,"href":"https:\/\/www.kibrishost.com\/tak\/wp-json\/wp\/v2\/categories?post=150801"},{"taxonomy":"post_tag","embeddable":true,"href":"https:\/\/www.kibrishost.com\/tak\/wp-json\/wp\/v2\/tags?post=150801"}],"curies":[{"name":"wp","href":"https:\/\/api.w.org\/{rel}","templated":true}]}}